{"id":4749,"date":"2022-06-22T16:44:33","date_gmt":"2022-06-22T20:44:33","guid":{"rendered":"https:\/\/theprogressives.ca\/?p=4749"},"modified":"2022-06-27T16:45:41","modified_gmt":"2022-06-27T20:45:41","slug":"nouvelles-initiatives-pour-les-arts","status":"publish","type":"post","link":"https:\/\/theprogressives.ca\/fr\/au-senat\/nouvelles-initiatives-pour-les-arts\/","title":{"rendered":"Nouvelles initiatives pour les arts"},"content":{"rendered":"<p><b>L\u2019honorable Patricia Bovey :\u00a0<\/b>Honorables s\u00e9nateurs, avant la pause estivale, et le d\u00e9but de nos travaux dans les r\u00e9gions, j\u2019aimerais vous faire le bilan de certaines initiatives qui ont \u00e9t\u00e9 mises en \u0153uvre au cours de la derni\u00e8re ann\u00e9e. Ces initiatives sont excitantes et elles renforcent l\u2019autonomie des artistes. L\u2019une d\u2019elles offre de nouvelles possibilit\u00e9s pour les artistes inuits et l\u2019art inuit tandis qu\u2019une autre permettra aux artistes noirs d\u2019avoir acc\u00e8s \u00e0 de nouveaux publics et de se faire conna\u00eetre au Canada et \u00e0 l\u2019\u00e9tranger.<\/p>\n<p>(1410)<\/p>\n<p>Hier, lors de la Journ\u00e9e nationale des peuples autochtones, la Fondation de l\u2019art inuit et le Conseil des arts du Canada ont fait une annonce historique. Ensemble, ces institutions ont d\u00e9velopp\u00e9 un programme pilote de subventions qui sera offert \u00e0 l\u2019\u00e9chelle nationale pour toutes les formes d\u2019art inuit dans le but de faciliter l\u2019autod\u00e9termination des artistes inuits, qui se voient priv\u00e9s depuis des ann\u00e9es des m\u00eames possibilit\u00e9s de financement que les artistes des autres r\u00e9gions plus au sud.<\/p>\n<p>Ce programme sera lanc\u00e9 l\u2019hiver prochain pour l\u2019exercice de 2022-2023, et il appuiera le travail de la Fondation de l\u2019art inuit aupr\u00e8s des communaut\u00e9s inuites sur tout le territoire de l\u2019Inuit Nunangat et dans les r\u00e9gions plus au sud. Au total, plus de 100\u00a0000\u00a0$ seront distribu\u00e9s la premi\u00e8re ann\u00e9e afin d\u2019aider les artistes inuits, peu importe leur discipline, dans tous les aspects de leur carri\u00e8re, notamment l\u2019expression personnelle et l\u2019autod\u00e9termination. Ce programme accro\u00eetra la visibilit\u00e9 des \u0153uvres des artistes inuits dans les sph\u00e8res publiques et priv\u00e9es. De plus, ce programme aidera les artistes inuits \u00e0 avoir acc\u00e8s aux march\u00e9s des arts au Canada et \u00e0 l\u2019\u00e9tranger. Le programme offrira \u00e9galement des possibilit\u00e9s en mati\u00e8re de renforcement des capacit\u00e9s pour les agents de projet et les membres des jurys. La r\u00e9troaction des membres de la communaut\u00e9 inuite sera prise en compte pour veiller \u00e0 ce que les besoins des artistes soient combl\u00e9s. Pendant tr\u00e8s longtemps, l\u2019art inuit a \u00e9t\u00e9 l\u2019image du Canada dans le monde. Je suis enchant\u00e9e de voir que ce sera de nouveau le cas.<\/p>\n<p>Simon Brault, directeur et chef de la direction du Conseil des arts du Canada, a d\u00e9clar\u00e9 ce qui suit\u00a0:<\/p>\n<p>\u00ab [&#8230;] nous souhaitons [&#8230;] encourager la poursuite de carri\u00e8res durables en arts et en culture [des artistes inuits], et contribuer au d\u00e9veloppement des capacit\u00e9s dans les communaut\u00e9s de partout au Canada. \u00bb<\/p>\n<p>Une autre initiative importante trouve sa source dans le travail que fait le comit\u00e9 directeur du contenu relatif aux Noirs canadiens dans le cadre de la participation du Canada au Mus\u00e9e du patrimoine panafricain, qui ouvrira au Ghana l\u2019an prochain. Un nouveau collectif d\u2019artistes, Canadian Black Artists United, tiendra son tout premier \u00e9v\u00e9nement dimanche, au Mus\u00e9e canadien pour les droits de la personne de Winnipeg.<\/p>\n<p>Le groupe a pour source d\u2019inspiration Yisa Akinbolaji, un artiste dont le travail figurait dans la premi\u00e8re exposition Hommage aux artistes noirs du Canada organis\u00e9e par le S\u00e9nat. J\u2019ai l\u2019honneur d\u2019\u00eatre la conf\u00e9renci\u00e8re invit\u00e9e. Le leadership des artistes noirs de partout au pays et de toutes les disciplines avec lesquels je travaille de pr\u00e8s depuis quelques ann\u00e9es est exemplaire. Le Canada apportera aux expositions num\u00e9riques et physiques du Mus\u00e9e du patrimoine panafricain des contributions emballantes, honn\u00eates, complexes et novatrices, tourn\u00e9es vers le pass\u00e9, le pr\u00e9sent et l\u2019avenir.<\/p>\n<p>Chers coll\u00e8gues, je remercie toutes les personnes qui participent \u00e0 ces deux initiatives pour leur d\u00e9vouement, leur t\u00e9nacit\u00e9 et leur vision, car elles travaillent \u00e0 accro\u00eetre l\u2019autonomie des artistes et \u00e0 rendre leurs carri\u00e8res plus \u00e9quitables et plus viables.<\/p>\n","protected":false},"excerpt":{"rendered":"<p>L\u2019honorable Patricia Bovey :\u00a0Honorables s\u00e9nateurs, avant la pause estivale, et le d\u00e9but de nos travaux dans les r\u00e9gions, j\u2019aimerais vous faire le bilan de certaines initiatives qui ont \u00e9t\u00e9 mises en \u0153uvre au cours de la derni\u00e8re ann\u00e9e. Ces initiatives sont excitantes et elles renforcent l\u2019autonomie des artistes. L\u2019une d\u2019elles offre de nouvelles possibilit\u00e9s pour&#8230;<\/p>\n","protected":false},"author":3,"featured_media":2060,"comment_status":"closed","ping_status":"closed","sticky":false,"template":"","format":"standard","meta":{"_acf_changed":false,"wds_primary_category":95,"footnotes":""},"categories":[95,99],"tags":[102],"senator_posts":[35],"class_list":["post-4749","post","type-post","status-publish","format-standard","has-post-thumbnail","hentry","category-au-senat","category-declarations","tag-arts-et-culture","senator_posts-l-hon-patricia-bovey"],"acf":[],"_links":{"self":[{"href":"https:\/\/theprogressives.ca\/fr\/wp-json\/wp\/v2\/posts\/4749","targetHints":{"allow":["GET"]}}],"collection":[{"href":"https:\/\/theprogressives.ca\/fr\/wp-json\/wp\/v2\/posts"}],"about":[{"href":"https:\/\/theprogressives.ca\/fr\/wp-json\/wp\/v2\/types\/post"}],"author":[{"embeddable":true,"href":"https:\/\/theprogressives.ca\/fr\/wp-json\/wp\/v2\/users\/3"}],"replies":[{"embeddable":true,"href":"https:\/\/theprogressives.ca\/fr\/wp-json\/wp\/v2\/comments?post=4749"}],"version-history":[{"count":0,"href":"https:\/\/theprogressives.ca\/fr\/wp-json\/wp\/v2\/posts\/4749\/revisions"}],"wp:featuredmedia":[{"embeddable":true,"href":"https:\/\/theprogressives.ca\/fr\/wp-json\/wp\/v2\/media\/2060"}],"wp:attachment":[{"href":"https:\/\/theprogressives.ca\/fr\/wp-json\/wp\/v2\/media?parent=4749"}],"wp:term":[{"taxonomy":"category","embeddable":true,"href":"https:\/\/theprogressives.ca\/fr\/wp-json\/wp\/v2\/categories?post=4749"},{"taxonomy":"post_tag","embeddable":true,"href":"https:\/\/theprogressives.ca\/fr\/wp-json\/wp\/v2\/tags?post=4749"},{"taxonomy":"senator_posts","embeddable":true,"href":"https:\/\/theprogressives.ca\/fr\/wp-json\/wp\/v2\/senator_posts?post=4749"}],"curies":[{"name":"wp","href":"https:\/\/api.w.org\/{rel}","templated":true}]}}