{"id":4679,"date":"2022-06-15T14:34:03","date_gmt":"2022-06-15T18:34:03","guid":{"rendered":"https:\/\/theprogressives.ca\/?p=4679"},"modified":"2022-06-16T14:48:43","modified_gmt":"2022-06-16T18:48:43","slug":"le-cercle-economique-regional-des-premieres-nations","status":"publish","type":"post","link":"https:\/\/theprogressives.ca\/fr\/au-senat\/le-cercle-economique-regional-des-premieres-nations\/","title":{"rendered":"Le cercle \u00e9conomique r\u00e9gional des Premi\u00e8res Nations"},"content":{"rendered":"<p><b>L\u2019honorable Diane Bellemare :\u00a0<\/b>Honorables s\u00e9nateurs,\u00a0<i>kwei<\/i>. Je prends la parole aujourd\u2019hui dans l\u2019enceinte du S\u00e9nat, situ\u00e9e sur le territoire traditionnel et non c\u00e9d\u00e9 de la nation algonquine anishinabe.<\/p>\n<p>Afin de souligner, \u00e0 la fa\u00e7on qu\u00e9b\u00e9coise, le Mois national de l\u2019histoire autochtone, j\u2019aimerais vous faire part d\u2019une initiative fort int\u00e9ressante qui se d\u00e9roulera aujourd\u2019hui et demain dans la communaut\u00e9 innue de Mashteuiatsh au Saguenay\u2014Lac-Saint-Jean. Il s\u2019agit du premier cercle \u00e9conomique r\u00e9gional des Premi\u00e8res Nations, qui a pour th\u00e8me \u00ab Les relations entre nous \u00bb.<\/p>\n<p>Ce rassemblement, qui se d\u00e9roulera en fran\u00e7ais, est organis\u00e9 afin de donner suite au premier Grand cercle \u00e9conomique des peuples autochtones et du Qu\u00e9bec, qui s\u2019\u00e9tait tenu en\u00a0novembre\u00a0dernier, \u00e0 Montr\u00e9al. L\u2019objectif poursuivi est d\u2019assurer la pleine participation des peuples autochtones \u00e0 l\u2019\u00e9conomie qu\u00e9b\u00e9coise. Les participants avaient alors exprim\u00e9 le d\u00e9sir de poursuivre les conversations dans les r\u00e9gions et de d\u00e9velopper des projets concrets.<\/p>\n<p>C\u2019est donc le premier de plusieurs cercles r\u00e9gionaux qui auront lieu \u00e0 travers le Qu\u00e9bec. Cette fois, plus de 250 participants\u00a0\u2014 autochtones et\u00a0allochtones, \u00e9lus et entrepreneurs\u00a0\u2014 se r\u00e9unissent avec pour objectif de tisser des partenariats. C\u2019est un bel exemple de dialogue social en action.<\/p>\n<p>Selon un article\u00a0publi\u00e9 le 13\u00a0avril\u00a0dans\u00a0<i>Le Devoir<\/i>, le chef des Pekuakamiulnuatsh, Gilbert Dominique, affirme ce qui suit\u00a0: \u00ab Les milieux d\u2019affaires qu\u00e9b\u00e9cois souhaitent de plus en plus \u00e9tablir de bonnes relations avec les Autochtones.\u00a0\u00bb<\/p>\n<p>Il ajoute \u00e9galement ce qui suit\u00a0:<\/p>\n[&#8230;] il y a des avantages \u00e0 cr\u00e9er des entreprises en partenariat avec des conseils de bande\u00a0\u2014 et \u00e0 en \u00e9tablir directement dans les communaut\u00e9s autochtones ou, du moins, \u00e0 proximit\u00e9.<\/p>\n<p>Parmi les th\u00e8mes qui seront abord\u00e9s, on y trouve\u00a0: les outils de financement, l\u2019affirmation et les droits des Autochtones, les \u00e9nergies renouvelables, le tourisme, la formation et l\u2019innovation.<\/p>\n<p>Nous avons beaucoup \u00e0 apprendre des valeurs des communaut\u00e9s autochtones, dont l\u2019esprit de coop\u00e9ration et de partage. Ces grands cercles \u00e9conomiques peuvent donc tracer la voie, au Qu\u00e9bec et ailleurs, vers un d\u00e9veloppement \u00e9conomique inclusif et plus respectueux des communaut\u00e9s et des ressources, o\u00f9 le dialogue devient la cl\u00e9 pour trouver des solutions mutuellement avantageuses.<\/p>\n<p>Cet \u00e9v\u00e9nement s\u2019inscrit certainement dans la strat\u00e9gie nationale \u00e9conomique autochtone lanc\u00e9e derni\u00e8rement par un groupe d\u2019organisations \u00e9conomiques autochtones et de gens d\u2019affaires, auquel participe le s\u00e9nateur Brian Francis, qui est le pr\u00e9sident du caucus du Groupe progressiste du S\u00e9nat.<\/p>\n<p>\u00c0 tous les participants, je vous souhaite de tisser des relations entre vous, et aussi entre nous.<\/p>\n<p>Merci.\u00a0<i>Meegwetch<\/i>.<\/p>\n<p><b>Des voix :\u00a0<\/b>Bravo!<\/p>\n","protected":false},"excerpt":{"rendered":"<p>L\u2019honorable Diane Bellemare :\u00a0Honorables s\u00e9nateurs,\u00a0kwei. Je prends la parole aujourd\u2019hui dans l\u2019enceinte du S\u00e9nat, situ\u00e9e sur le territoire traditionnel et non c\u00e9d\u00e9 de la nation algonquine anishinabe. Afin de souligner, \u00e0 la fa\u00e7on qu\u00e9b\u00e9coise, le Mois national de l\u2019histoire autochtone, j\u2019aimerais vous faire part d\u2019une initiative fort int\u00e9ressante qui se d\u00e9roulera aujourd\u2019hui et demain dans&#8230;<\/p>\n","protected":false},"author":3,"featured_media":2010,"comment_status":"closed","ping_status":"closed","sticky":false,"template":"","format":"standard","meta":{"_acf_changed":false,"wds_primary_category":95,"footnotes":""},"categories":[95,99],"tags":[157,168],"senator_posts":[119],"class_list":["post-4679","post","type-post","status-publish","format-standard","has-post-thumbnail","hentry","category-au-senat","category-declarations","tag-affaires-autochtones","tag-economie","senator_posts-l-hon-diane-bellemare"],"acf":[],"_links":{"self":[{"href":"https:\/\/theprogressives.ca\/fr\/wp-json\/wp\/v2\/posts\/4679","targetHints":{"allow":["GET"]}}],"collection":[{"href":"https:\/\/theprogressives.ca\/fr\/wp-json\/wp\/v2\/posts"}],"about":[{"href":"https:\/\/theprogressives.ca\/fr\/wp-json\/wp\/v2\/types\/post"}],"author":[{"embeddable":true,"href":"https:\/\/theprogressives.ca\/fr\/wp-json\/wp\/v2\/users\/3"}],"replies":[{"embeddable":true,"href":"https:\/\/theprogressives.ca\/fr\/wp-json\/wp\/v2\/comments?post=4679"}],"version-history":[{"count":0,"href":"https:\/\/theprogressives.ca\/fr\/wp-json\/wp\/v2\/posts\/4679\/revisions"}],"wp:featuredmedia":[{"embeddable":true,"href":"https:\/\/theprogressives.ca\/fr\/wp-json\/wp\/v2\/media\/2010"}],"wp:attachment":[{"href":"https:\/\/theprogressives.ca\/fr\/wp-json\/wp\/v2\/media?parent=4679"}],"wp:term":[{"taxonomy":"category","embeddable":true,"href":"https:\/\/theprogressives.ca\/fr\/wp-json\/wp\/v2\/categories?post=4679"},{"taxonomy":"post_tag","embeddable":true,"href":"https:\/\/theprogressives.ca\/fr\/wp-json\/wp\/v2\/tags?post=4679"},{"taxonomy":"senator_posts","embeddable":true,"href":"https:\/\/theprogressives.ca\/fr\/wp-json\/wp\/v2\/senator_posts?post=4679"}],"curies":[{"name":"wp","href":"https:\/\/api.w.org\/{rel}","templated":true}]}}