{"id":4342,"date":"2022-05-11T14:40:38","date_gmt":"2022-05-11T18:40:38","guid":{"rendered":"https:\/\/theprogressives.ca\/?p=4342"},"modified":"2022-06-27T17:34:06","modified_gmt":"2022-06-27T21:34:06","slug":"periode-des-questions-programme-dentrepreneuriat-noir","status":"publish","type":"post","link":"https:\/\/theprogressives.ca\/fr\/au-senat\/periode-des-questions-programme-dentrepreneuriat-noir\/","title":{"rendered":"P\u00e9riode des questions: le Programme pour l\u2019entrepreneuriat des communaut\u00e9s noires"},"content":{"rendered":"<p><iframe title=\"YouTube video player\" data-src=\"https:\/\/www.youtube.com\/embed\/aYMyTNAkcS0\" width=\"560\" height=\"315\" frameborder=\"0\" allowfullscreen=\"allowfullscreen\" src=\"data:image\/svg+xml;base64,PHN2ZyB3aWR0aD0iMSIgaGVpZ2h0PSIxIiB4bWxucz0iaHR0cDovL3d3dy53My5vcmcvMjAwMC9zdmciPjwvc3ZnPg==\" data-load-mode=\"1\"><span data-mce-type=\"bookmark\" style=\"display: inline-block; width: 0px; overflow: hidden; line-height: 0;\" class=\"mce_SELRES_start lazyload\">\ufeff<\/span><\/iframe><\/p>\n<p><b>L\u2019honorable Jane Cordy :\u00a0<\/b>Bienvenue, madame la ministre.<\/p>\n<p>Ma question concerne vos responsabilit\u00e9s en tant que ministre responsable de l\u2019Agence de promotion \u00e9conomique du Canada atlantique. En 2020, le premier ministre annon\u00e7ait le lancement du tout premier Programme pour l\u2019entrepreneuriat des communaut\u00e9s noires et il promettait 93 millions de dollars du f\u00e9d\u00e9ral en plus de 127 millions de dollars des principales institutions financi\u00e8res canadiennes sur une p\u00e9riode de quatre\u00a0ans. Votre plan minist\u00e9riel indique que l\u2019agence versera du financement cl\u00e9 dans le cadre du Programme pour l\u2019entrepreneuriat des communaut\u00e9s noires.<\/p>\n<p>Madame la ministre, pouvez-vous nous dire combien d\u2019argent a \u00e9t\u00e9 vers\u00e9 jusqu\u2019\u00e0 maintenant et combien d\u2019entrepreneurs noirs du Canada atlantique ont re\u00e7u des fonds dans le cadre de ce programme?<\/p>\n<p>De plus, madame la ministre, le fonds avait r\u00e9serv\u00e9 6,5 millions de dollars pour la cr\u00e9ation du Carrefour du savoir pour l\u2019entrepreneuriat des communaut\u00e9s noires, dirig\u00e9 par la Sprott School of Business de l\u2019Universit\u00e9 Carleton et la Dream Legacy Foundation. Madame la ministre, le carrefour du savoir a-t-il commenc\u00e9 ses activit\u00e9s et, si ce n\u2019est pas le cas, quand les commencera-t-il? De plus, lorsque le carrefour recueillera des donn\u00e9es sur l\u2019entrepreneuriat des communaut\u00e9s noires au Canada, de quelle mani\u00e8re les r\u00e9sultats seront-ils pr\u00e9sent\u00e9s au public?<\/p>\n<p>Merci.<\/p>\n<p><b>L\u2019honorable Ginette Petitpas Taylor, c.p., d\u00e9put\u00e9e, ministre des Langues officielles et ministre responsable de l\u2019Agence de promotion \u00e9conomique du Canada atlantique :\u00a0<\/b>Merci beaucoup pour cette question.<\/p>\n<p>En ce qui concerne le travail effectu\u00e9 \u00e0 l\u2019Agence de promotion \u00e9conomique du Canada atlantique, l\u2019APECA, de nombreux efforts sont d\u00e9ploy\u00e9s sur le terrain pour venir en aide aux petites et moyennes entreprises. \u00c0 titre de ministre responsable de l\u2019APECA, je dis souvent que le secret de la r\u00e9ussite de cette agence r\u00e9side dans les gens qui sont sur le terrain et le personnel que nous avons dans plus de 40 bureaux au Canada atlantique, ce qui nous permet de savoir exactement ce dont les collectivit\u00e9s ont besoin. C\u2019est vraiment ce qui fait la beaut\u00e9 de l\u2019APECA.<\/p>\n<p>Je suis heureuse de vous dire que nous c\u00e9l\u00e9brerons cette ann\u00e9e les 35\u00a0ans de l\u2019APECA dans le Canada atlantique. Il est difficile de croire que cette agence existe d\u00e9j\u00e0 depuis aussi longtemps, mais de nombreux progr\u00e8s ont \u00e9t\u00e9 accomplis et beaucoup de soutien a \u00e9t\u00e9 apport\u00e9 aux petites et moyennes entreprises.<\/p>\n<p>En ce qui concerne le Programme pour l\u2019entrepreneuriat des communaut\u00e9s noires, l\u2019APECA a cibl\u00e9 ses efforts sur un groupe de la Nouvelle-\u00c9cosse qui \u00e9tait en mesure de livrer les programmes n\u00e9cessaires aux petites et moyennes entreprises des entrepreneurs noirs. De plus, gr\u00e2ce \u00e0 ce carrefour du savoir, les fonds ont \u00e9t\u00e9 octroy\u00e9s \u00e0 ce groupe, qui a ensuite \u00e9t\u00e9 en mesure d\u2019effectuer une analyse pour d\u00e9terminer o\u00f9 ces fonds devaient \u00eatre investis.<\/p>\n<p>Encore une fois, nous sommes extr\u00eamement heureux de dire que nous avons \u00e9galement \u00e9tabli un partenariat avec un autre groupe de Moncton pour nous assurer que le programme du carrefour du savoir comprenait \u00e9galement un volet francophone, car nous voulions nous assurer que les entrepreneurs noirs francophones aient \u00e9galement acc\u00e8s \u00e0 ce programme. Bien que le groupe de la Nouvelle-\u00c9cosse dirige cette initiative, nous avons \u00e9galement un groupe \u00e0 Moncton qui sera en mesure de s\u2019assurer que les demandes de financement seront analys\u00e9es et que les fonds seront d\u00e9bours\u00e9s comme il se doit.<\/p>\n<p>&nbsp;<\/p>\n","protected":false},"excerpt":{"rendered":"<p>\ufeff L\u2019honorable Jane Cordy :\u00a0Bienvenue, madame la ministre. Ma question concerne vos responsabilit\u00e9s en tant que ministre responsable de l\u2019Agence de promotion \u00e9conomique du Canada atlantique. En 2020, le premier ministre annon\u00e7ait le lancement du tout premier Programme pour l\u2019entrepreneuriat des communaut\u00e9s noires et il promettait 93 millions de dollars du f\u00e9d\u00e9ral en plus de&#8230;<\/p>\n","protected":false},"author":3,"featured_media":2040,"comment_status":"closed","ping_status":"closed","sticky":false,"template":"","format":"standard","meta":{"_acf_changed":false,"wds_primary_category":95,"footnotes":""},"categories":[95,97],"tags":[141],"senator_posts":[31],"class_list":["post-4342","post","type-post","status-publish","format-standard","has-post-thumbnail","hentry","category-au-senat","category-periode-de-questions","tag-emploi","senator_posts-l-hon-jane-cordy"],"acf":[],"_links":{"self":[{"href":"https:\/\/theprogressives.ca\/fr\/wp-json\/wp\/v2\/posts\/4342","targetHints":{"allow":["GET"]}}],"collection":[{"href":"https:\/\/theprogressives.ca\/fr\/wp-json\/wp\/v2\/posts"}],"about":[{"href":"https:\/\/theprogressives.ca\/fr\/wp-json\/wp\/v2\/types\/post"}],"author":[{"embeddable":true,"href":"https:\/\/theprogressives.ca\/fr\/wp-json\/wp\/v2\/users\/3"}],"replies":[{"embeddable":true,"href":"https:\/\/theprogressives.ca\/fr\/wp-json\/wp\/v2\/comments?post=4342"}],"version-history":[{"count":0,"href":"https:\/\/theprogressives.ca\/fr\/wp-json\/wp\/v2\/posts\/4342\/revisions"}],"wp:featuredmedia":[{"embeddable":true,"href":"https:\/\/theprogressives.ca\/fr\/wp-json\/wp\/v2\/media\/2040"}],"wp:attachment":[{"href":"https:\/\/theprogressives.ca\/fr\/wp-json\/wp\/v2\/media?parent=4342"}],"wp:term":[{"taxonomy":"category","embeddable":true,"href":"https:\/\/theprogressives.ca\/fr\/wp-json\/wp\/v2\/categories?post=4342"},{"taxonomy":"post_tag","embeddable":true,"href":"https:\/\/theprogressives.ca\/fr\/wp-json\/wp\/v2\/tags?post=4342"},{"taxonomy":"senator_posts","embeddable":true,"href":"https:\/\/theprogressives.ca\/fr\/wp-json\/wp\/v2\/senator_posts?post=4342"}],"curies":[{"name":"wp","href":"https:\/\/api.w.org\/{rel}","templated":true}]}}