{"id":4333,"date":"2022-05-10T14:40:23","date_gmt":"2022-05-10T18:40:23","guid":{"rendered":"https:\/\/theprogressives.ca\/?p=4333"},"modified":"2022-06-27T17:34:23","modified_gmt":"2022-06-27T21:34:23","slug":"periode-des-questions-les-relations-entre-le-canada-et-lafrique","status":"publish","type":"post","link":"https:\/\/theprogressives.ca\/fr\/au-senat\/periode-des-questions-les-relations-entre-le-canada-et-lafrique\/","title":{"rendered":"P\u00e9riode des questions: les relations entre le Canada et l\u2019Afrique"},"content":{"rendered":"<p><b>L\u2019honorable Amina Gerba :\u00a0<\/b>Ma question s\u2019adresse au repr\u00e9sentant du gouvernement au S\u00e9nat.<\/p>\n<p>S\u00e9nateur Gold, l\u2019Afrique est un grand march\u00e9 en voie d\u2019unification autour d\u2019une zone de libre-\u00e9change continental. Cette zone de libre-\u00e9change repr\u00e9sente 3\u00a0000 milliards de dollars en PIB, ce qui en fera la plus grande zone de libre-\u00e9change au monde. L\u2019Afrique, c\u2019est 1,2 milliard de consommateurs. On pr\u00e9voit qu\u2019en 2050, un \u00eatre humain sur quatre vivra sur le continent africain, qui sera de surcro\u00eet le continent le plus jeune du monde. L\u2019Afrique, c\u2019est 54 pays qui repr\u00e9sentent une voix importante dans les instances et les alliances strat\u00e9giques internationales.<\/p>\n<p>D\u2019ailleurs, l\u2019\u00e9chec du Canada \u00e0 obtenir un si\u00e8ge au Conseil de s\u00e9curit\u00e9 des Nations unies est sans aucun doute li\u00e9 au manque de soutien des pays africains. Aujourd\u2019hui, la Russie r\u00e9ussit \u00e0 contourner une partie\u00a0des sanctions internationales impos\u00e9es contre elle gr\u00e2ce aux pays africains qui se sont majoritairement abstenus de condamner l\u2019invasion de l\u2019Ukraine, et dont certains ont m\u00eame renonc\u00e9 \u00e0 appliquer des sanctions contre elle.<\/p>\n<p>S\u00e9nateur Gold, le gouvernement du Canada est-il conscient de l\u2019importance strat\u00e9gique de l\u2019Afrique?<\/p>\n<p><b>L\u2019honorable Marc Gold (repr\u00e9sentant du gouvernement au S\u00e9nat) :\u00a0<\/b>Merci de la question, madame la s\u00e9natrice.<\/p>\n<p>Le gouvernement du Canada reconna\u00eet l\u2019importance strat\u00e9gique de l\u2019Afrique. Comme vous le savez, le Canada et l\u2019Afrique entretiennent depuis longtemps des relations significatives. Je vous en cite quelques exemples. La r\u00e9cente visite du secr\u00e9taire parlementaire de la ministre des Affaires \u00e9trang\u00e8res au S\u00e9n\u00e9gal et au Nig\u00e9ria en\u00a0avril\u00a0a \u00e9galement permis de renforcer ces liens. \u00c0 Dakar, il a rencontr\u00e9 des repr\u00e9sentants cl\u00e9s du gouvernement pour discuter des relations entre le Canada et le S\u00e9n\u00e9gal, et des priorit\u00e9s de l\u2019Union africaine.<\/p>\n<p><b>La s\u00e9natrice Gerba :\u00a0<\/b>Je comprends, s\u00e9nateur Gold, qu\u2019il y a des actions qui sont men\u00e9es en ce moment vers l\u2019Afrique par le gouvernement du Canada, mais que fait le gouvernement du Canada, concr\u00e8tement, pour rallier l\u2019Afrique \u00e0 sa cause au sein des instances internationales?<\/p>\n<p><b>Le s\u00e9nateur Gold :\u00a0<\/b>Merci de la question.<\/p>\n<p>Comme je l\u2019ai mentionn\u00e9, le secr\u00e9taire parlementaire de la ministre des Affaires \u00e9trang\u00e8res est r\u00e9cemment all\u00e9 en Afrique. Au Nig\u00e9ria, il a rencontr\u00e9 des parlementaires pour discuter de commerce, des r\u00e9percussions de la COVID-19 et de l\u2019invasion de l\u2019Ukraine, ainsi que de l\u2019importance des liens entre nos peuples.<\/p>\n<p>Le gouvernement du Canada demeure d\u00e9termin\u00e9 \u00e0 cultiver ces liens importants avec nos partenaires africains, et il s\u2019engage \u00e0 continuer \u00e0 approfondir ses engagements en mati\u00e8re de priorit\u00e9s r\u00e9gionales et d\u2019enjeux internationaux.<\/p>\n","protected":false},"excerpt":{"rendered":"<p>L\u2019honorable Amina Gerba :\u00a0Ma question s\u2019adresse au repr\u00e9sentant du gouvernement au S\u00e9nat. S\u00e9nateur Gold, l\u2019Afrique est un grand march\u00e9 en voie d\u2019unification autour d\u2019une zone de libre-\u00e9change continental. Cette zone de libre-\u00e9change repr\u00e9sente 3\u00a0000 milliards de dollars en PIB, ce qui en fera la plus grande zone de libre-\u00e9change au monde. L\u2019Afrique, c\u2019est 1,2 milliard&#8230;<\/p>\n","protected":false},"author":3,"featured_media":1970,"comment_status":"closed","ping_status":"closed","sticky":false,"template":"","format":"standard","meta":{"_acf_changed":false,"wds_primary_category":95,"footnotes":""},"categories":[95,97],"tags":[132],"senator_posts":[117],"class_list":["post-4333","post","type-post","status-publish","format-standard","has-post-thumbnail","hentry","category-au-senat","category-periode-de-questions","tag-affaires-etrangeres","senator_posts-l-hon-amina-gerba"],"acf":[],"_links":{"self":[{"href":"https:\/\/theprogressives.ca\/fr\/wp-json\/wp\/v2\/posts\/4333","targetHints":{"allow":["GET"]}}],"collection":[{"href":"https:\/\/theprogressives.ca\/fr\/wp-json\/wp\/v2\/posts"}],"about":[{"href":"https:\/\/theprogressives.ca\/fr\/wp-json\/wp\/v2\/types\/post"}],"author":[{"embeddable":true,"href":"https:\/\/theprogressives.ca\/fr\/wp-json\/wp\/v2\/users\/3"}],"replies":[{"embeddable":true,"href":"https:\/\/theprogressives.ca\/fr\/wp-json\/wp\/v2\/comments?post=4333"}],"version-history":[{"count":0,"href":"https:\/\/theprogressives.ca\/fr\/wp-json\/wp\/v2\/posts\/4333\/revisions"}],"wp:featuredmedia":[{"embeddable":true,"href":"https:\/\/theprogressives.ca\/fr\/wp-json\/wp\/v2\/media\/1970"}],"wp:attachment":[{"href":"https:\/\/theprogressives.ca\/fr\/wp-json\/wp\/v2\/media?parent=4333"}],"wp:term":[{"taxonomy":"category","embeddable":true,"href":"https:\/\/theprogressives.ca\/fr\/wp-json\/wp\/v2\/categories?post=4333"},{"taxonomy":"post_tag","embeddable":true,"href":"https:\/\/theprogressives.ca\/fr\/wp-json\/wp\/v2\/tags?post=4333"},{"taxonomy":"senator_posts","embeddable":true,"href":"https:\/\/theprogressives.ca\/fr\/wp-json\/wp\/v2\/senator_posts?post=4333"}],"curies":[{"name":"wp","href":"https:\/\/api.w.org\/{rel}","templated":true}]}}