{"id":4274,"date":"2022-05-05T14:25:46","date_gmt":"2022-05-05T18:25:46","guid":{"rendered":"https:\/\/theprogressives.ca\/?p=4274"},"modified":"2022-06-03T17:12:03","modified_gmt":"2022-06-03T21:12:03","slug":"hommages-senateur-terry-mercer-2","status":"publish","type":"post","link":"https:\/\/theprogressives.ca\/fr\/au-senat\/declarations\/hommages-senateur-terry-mercer-2\/","title":{"rendered":"Hommage \u00e0 l&rsquo;honorable Terry Mercer"},"content":{"rendered":"<p><iframe title=\"YouTube video player\" data-src=\"https:\/\/www.youtube.com\/embed\/4353x-tbd34\" width=\"560\" height=\"315\" frameborder=\"0\" allowfullscreen=\"allowfullscreen\" src=\"data:image\/svg+xml;base64,PHN2ZyB3aWR0aD0iMSIgaGVpZ2h0PSIxIiB4bWxucz0iaHR0cDovL3d3dy53My5vcmcvMjAwMC9zdmciPjwvc3ZnPg==\" data-load-mode=\"1\"><span data-mce-type=\"bookmark\" style=\"display: inline-block; width: 0px; overflow: hidden; line-height: 0;\" class=\"mce_SELRES_start lazyload\">\ufeff<\/span><\/iframe><\/p>\n<p><b>L\u2019honorable Dennis Dawson :\u00a0<\/b>Honorables s\u00e9nateurs, j\u2019ai appris quelque chose que je ne savais pas aujourd\u2019hui. Je comprends mieux pourquoi il m\u2019a si souvent battu lors des campagnes.<\/p>\n<p>Je prends la parole pour rendre hommage \u00e0 l\u2019honorable Terry Mercer, qui prend sa retraite du S\u00e9nat demain. Je tiens \u00e0 \u00eatre clair\u00a0: je veux lui rendre hommage pour les bonnes raisons. Je veux lui offrir mes meilleurs v\u0153ux d\u2019heureuse retraite et le remercier de son impact positif sur notre institution, non pas pour me r\u00e9jouir de son d\u00e9part de la Chambre haute\u00a0\u2014 comme auraient pu le penser plusieurs de ses amis qui ont connu mes escarmouches avec lui au cours des ann\u00e9es\u00a0\u2014, mais plut\u00f4t pour lui rendre hommage.<\/p>\n<p>Comme certains d\u2019entre vous le savent, il arrive parfois qu\u2019on vive des exp\u00e9riences douloureuses lors d\u2019une carri\u00e8re politique. Rien n\u2019est plus complexe que la politique interne d\u2019un parti. Je pense \u00e0 mon ami le s\u00e9nateur Housakos, qui n\u2019est pas forc\u00e9ment d\u2019accord avec tous ses coll\u00e8gues concernant la campagne \u00e0 la direction de son parti. En fait, la plupart d\u2019entre eux ne sont pas d\u2019accord avec lui, mais c\u2019est une autre histoire. Ces \u00e9preuves peuvent entra\u00eener de grands bouleversements qui compromettent nos meilleures intentions, nos objectifs et notre personnalit\u00e9.<\/p>\n<p>Comme nous le constatons dans cette hargneuse campagne qui se d\u00e9roule sous nos yeux, congr\u00e8s apr\u00e8s congr\u00e8s, les possibilit\u00e9s de divisions internes sont tr\u00e8s \u00e9lev\u00e9es. Pourtant, la relation entre le s\u00e9nateur Mercer et moi est un exemple concret qui montre ce qu\u2019on peut accomplir avec un peu de bonne volont\u00e9 et de bonne foi, en d\u00e9pit du fait que nous ayons \u00e9t\u00e9 oppos\u00e9s l\u2019un \u00e0 l\u2019autre pendant plus de 30\u00a0ans.<\/p>\n<p>Au sein du S\u00e9nat et gr\u00e2ce \u00e0 lui, nous nous sommes r\u00e9concili\u00e9s. C\u2019est un mot \u00ab \u00e0 la mode \u00bb et je suis heureux de dire que nous y sommes parvenus. Je soutenais John Turner en 1984, alors qu\u2019il appuyait Jean Chr\u00e9tien. J\u2019\u00e9tais contre l\u2019examen de 1986. Je soutenais Paul Martin en 1990, alors qu\u2019il appuyait Jean Chr\u00e9tien. Dor\u00e9navant, je comprends mieux pourquoi j\u2019ai perdu. Il complotait dans les coulisses.<\/p>\n<p>Ces querelles ont \u00e9t\u00e9 longues et douloureuses. Terry et moi avons toujours \u00e9t\u00e9 d\u2019avis contraire sur le plan politique, au sein du m\u00eame parti. La seule chose qui nous rassemblait \u00e9tait que nous \u00e9tions des lib\u00e9raux. Or, aujourd\u2019hui, je suis ici pour faire l\u2019\u00e9loge de Terry. Nous sommes la preuve vivante que les divisions peuvent \u00eatre surmont\u00e9es.<\/p>\n<p>La r\u00e9conciliation a de nombreux visages aujourd\u2019hui. Le fait que le s\u00e9nateur Mercer et moi ayons r\u00e9ussi \u00e0 nous entendre gr\u00e2ce \u00e0 l\u2019excellent travail que nous avons accompli ensemble, dans l\u2019harmonie, pour servir les Canadiens en est un signe t\u00e9nu. Au bout de 17\u00a0ans, nous sommes assis l\u2019un \u00e0 c\u00f4t\u00e9 de l\u2019autre, le jour o\u00f9 il quitte le S\u00e9nat.<\/p>\n<p><b>Le s\u00e9nateur Mercer :\u00a0<\/b>Il veut simplement s\u2019assurer que je passe la porte.<\/p>\n<p><b>Le s\u00e9nateur Dawson :\u00a0<\/b>La s\u00e9natrice Jane Cordy voulait se venger. Elle lui a assign\u00e9 cette banquette pour qu\u2019il ait \u00e0 m\u2019endurer.<\/p>\n<p>Repr\u00e9sentant la province de la Nouvelle-\u00c9cosse, le s\u00e9nateur Mercer a \u00e9t\u00e9 nomm\u00e9 au S\u00e9nat en 2003. Mon mandat a commenc\u00e9 en 2005. Au d\u00e9but, il semblait difficile, voire impossible, de mettre de c\u00f4t\u00e9 l\u2019animosit\u00e9 qui s\u2019\u00e9tait cr\u00e9\u00e9e entre nous au fil des\u00a0ans, mais nous l\u2019avons fait. Nous avons r\u00e9ussi. Je suis fier et je suis content, comme lui, je l\u2019esp\u00e8re, que nous nous soyons r\u00e9concili\u00e9s et que nous ayons uni nos forces pour d\u00e9fendre tant de causes, r\u00e9gler tant de probl\u00e8mes et am\u00e9liorer la vie de nos compatriotes durant nos longues ann\u00e9es au S\u00e9nat.<\/p>\n<p>La cr\u00e9ation du groupe des s\u00e9nateurs lib\u00e9raux \u00e0 la suite de notre gracieuse expulsion du caucus du Parti lib\u00e9ral a fait na\u00eetre en nous la d\u00e9termination de renouveler la coop\u00e9ration entre nous. En trouvant une approche commune pour collaborer efficacement et unir nos forces, nous avons contribu\u00e9 \u00e0 cr\u00e9er le caucus lib\u00e9ral de l\u2019\u00e9poque. \u00c0 mesure que l\u2019esp\u00e8ce en voie de disparition s\u2019\u00e9teignait, nous avons d\u00fb trouver une nouvelle approche. Comme l\u2019a d\u00e9j\u00e0 mentionn\u00e9 la s\u00e9natrice Cordy, la cr\u00e9ation du Groupe progressiste du S\u00e9nat a \u00e9t\u00e9 une autre occasion de mettre en commun nos forces et nos motivations pour nous attaquer aux dossiers de l\u2019heure.<\/p>\n<p>Ayant su naviguer les nombreux changements qui se sont op\u00e9r\u00e9s au S\u00e9nat au fil des\u00a0ans, le s\u00e9nateur Mercer a de quoi \u00eatre fier de ses r\u00e9alisations et de sa capacit\u00e9 formelle \u00e0 mobiliser les gens, notamment pour des causes philanthropiques, dont bon nombre ont d\u00e9j\u00e0 \u00e9t\u00e9 mentionn\u00e9es.<\/p>\n<p>Le s\u00e9nateur Mercer a \u00e9t\u00e9 directeur national du Parti lib\u00e9ral pendant plus de six\u00a0ans. Auparavant, il a occup\u00e9 diff\u00e9rents postes dans le monde des collectes de fonds.<\/p>\n<p>S\u00e9nateur Mercer, je vous remercie. Les astres n\u2019\u00e9taient pas particuli\u00e8rement align\u00e9s pour favoriser une collaboration mutuelle entre nous deux lorsque nous avons \u00e9t\u00e9 r\u00e9unis au S\u00e9nat; cependant, je dois vous dire que j\u2019ai pris beaucoup de plaisir et retir\u00e9 beaucoup de satisfaction \u00e0 travailler avec vous sur les causes qui nous \u00e9taient ch\u00e8res.<\/p>\n<p>Certains de mes anciens amis et coll\u00e8gues lib\u00e9raux de campagnes pass\u00e9es qui ont v\u00e9cu de pr\u00e8s ces diff\u00e9rends seront surpris par mes commentaires. N\u00e9anmoins, je maintiens ce que j\u2019ai dit\u00a0: Terry, je suis fier de dire que ce fut un plaisir de travailler avec vous. Je vous souhaite une longue vie et beaucoup de sant\u00e9.<\/p>\n<p><b>Des voix :\u00a0<\/b>Bravo!<\/p>\n<p>&nbsp;<\/p>\n","protected":false},"excerpt":{"rendered":"<p>\ufeff L\u2019honorable Dennis Dawson :\u00a0Honorables s\u00e9nateurs, j\u2019ai appris quelque chose que je ne savais pas aujourd\u2019hui. Je comprends mieux pourquoi il m\u2019a si souvent battu lors des campagnes. Je prends la parole pour rendre hommage \u00e0 l\u2019honorable Terry Mercer, qui prend sa retraite du S\u00e9nat demain. Je tiens \u00e0 \u00eatre clair\u00a0: je veux lui rendre&#8230;<\/p>\n","protected":false},"author":3,"featured_media":2032,"comment_status":"closed","ping_status":"closed","sticky":false,"template":"","format":"standard","meta":{"_acf_changed":false,"wds_primary_category":99,"footnotes":""},"categories":[99],"tags":[112],"senator_posts":[30],"class_list":["post-4274","post","type-post","status-publish","format-standard","has-post-thumbnail","hentry","category-declarations","tag-hommage","senator_posts-l-hon-dennis-dawson"],"acf":[],"_links":{"self":[{"href":"https:\/\/theprogressives.ca\/fr\/wp-json\/wp\/v2\/posts\/4274","targetHints":{"allow":["GET"]}}],"collection":[{"href":"https:\/\/theprogressives.ca\/fr\/wp-json\/wp\/v2\/posts"}],"about":[{"href":"https:\/\/theprogressives.ca\/fr\/wp-json\/wp\/v2\/types\/post"}],"author":[{"embeddable":true,"href":"https:\/\/theprogressives.ca\/fr\/wp-json\/wp\/v2\/users\/3"}],"replies":[{"embeddable":true,"href":"https:\/\/theprogressives.ca\/fr\/wp-json\/wp\/v2\/comments?post=4274"}],"version-history":[{"count":0,"href":"https:\/\/theprogressives.ca\/fr\/wp-json\/wp\/v2\/posts\/4274\/revisions"}],"wp:featuredmedia":[{"embeddable":true,"href":"https:\/\/theprogressives.ca\/fr\/wp-json\/wp\/v2\/media\/2032"}],"wp:attachment":[{"href":"https:\/\/theprogressives.ca\/fr\/wp-json\/wp\/v2\/media?parent=4274"}],"wp:term":[{"taxonomy":"category","embeddable":true,"href":"https:\/\/theprogressives.ca\/fr\/wp-json\/wp\/v2\/categories?post=4274"},{"taxonomy":"post_tag","embeddable":true,"href":"https:\/\/theprogressives.ca\/fr\/wp-json\/wp\/v2\/tags?post=4274"},{"taxonomy":"senator_posts","embeddable":true,"href":"https:\/\/theprogressives.ca\/fr\/wp-json\/wp\/v2\/senator_posts?post=4274"}],"curies":[{"name":"wp","href":"https:\/\/api.w.org\/{rel}","templated":true}]}}