{"id":4170,"date":"2022-04-27T14:10:05","date_gmt":"2022-04-27T18:10:05","guid":{"rendered":"https:\/\/theprogressives.ca\/?p=4170"},"modified":"2022-06-27T17:35:38","modified_gmt":"2022-06-27T21:35:38","slug":"loi-21-au-quebec","status":"publish","type":"post","link":"https:\/\/theprogressives.ca\/fr\/au-senat\/loi-21-au-quebec\/","title":{"rendered":"P\u00e9riode des questions: la protection des libert\u00e9s civiles"},"content":{"rendered":"<p><iframe title=\"YouTube video player\" data-src=\"https:\/\/www.youtube.com\/embed\/Gvd1xlpwFic\" width=\"560\" height=\"315\" frameborder=\"0\" allowfullscreen=\"allowfullscreen\" src=\"data:image\/svg+xml;base64,PHN2ZyB3aWR0aD0iMSIgaGVpZ2h0PSIxIiB4bWxucz0iaHR0cDovL3d3dy53My5vcmcvMjAwMC9zdmciPjwvc3ZnPg==\" data-load-mode=\"1\"><span data-mce-type=\"bookmark\" style=\"display: inline-block; width: 0px; overflow: hidden; line-height: 0;\" class=\"mce_SELRES_start lazyload\">\ufeff<\/span><\/iframe><\/p>\n<p><b>L\u2019honorable Peter Harder :\u00a0<\/b>Honorables s\u00e9nateurs, nous soulignerons bient\u00f4t le troisi\u00e8me anniversaire de l\u2019adoption du projet de loi 21, la loi qu\u00e9b\u00e9coise controvers\u00e9e qui interdit le port de symboles religieux aux enseignants et aux autres fonctionnaires travaillant dans cette province.<\/p>\n<p>Si l\u2019atteinte aux libert\u00e9s constitutionnelles\u00a0\u2014 que repr\u00e9sente ce projet de loi\u00a0\u2014 est alarmante, la persistance de cette injustice pendant une si longue p\u00e9riode et l\u2019exemple inqui\u00e9tant donn\u00e9 \u00e0 d\u2019autres provinces et territoires de l\u2019utilisation de la clause\u00a0d\u00e9rogatoire le sont tout autant.<\/p>\n<p>\u00c0 l\u2019approche de cet anniversaire, les observations suivantes me viennent \u00e0 l\u2019esprit\u00a0: premi\u00e8rement, l\u2019existence continue de cette loi met en lumi\u00e8re le devoir de chaque citoyen de se lever pour d\u00e9fendre les libert\u00e9s civiles de tous les Canadiens, car chaque fois que nous diminuons les libert\u00e9s civiles de quelqu\u2019un, nous les diminuons pour tout le monde. Deuxi\u00e8mement, moins nous sommes personnellement touch\u00e9s par une diminution des libert\u00e9s civiles, plus nous avons la responsabilit\u00e9 de nous opposer au nom de ceux qui sont les plus l\u00e9s\u00e9s. Troisi\u00e8mement, plus le compromis sur toute libert\u00e9 civile demeure en place longtemps, plus il devient offensant. La responsabilit\u00e9 de faire pression pour son \u00e9limination augmente chaque jour qui passe tant qu\u2019il subsiste. Nous ne devons pas nous habituer \u00e0 un compromis sur les libert\u00e9s civiles simplement parce que nous nous y habituons.<\/p>\n<p>Dans un \u00c9tat f\u00e9d\u00e9ral comme le n\u00f4tre, c\u2019est s\u2019engager sur une voie particuli\u00e8rement dangereuse que de permettre qu\u2019on restreigne les libert\u00e9s civiles. Cela incite une administration \u00e0 ignorer une attaque contre les libert\u00e9s men\u00e9e dans une autre administration, peut-\u00eatre dans l\u2019espoir qu\u2019on ignorera tout simplement ses propres transgressions. Cela pourrait mener \u00e0 la cr\u00e9ation d\u2019un ensemble disparate de libert\u00e9s civiles qui varient d\u00e8s que l\u2019on franchit une fronti\u00e8re provinciale ou territoriale.<\/p>\n<p>Par ailleurs, lorsqu\u2019on tol\u00e8re une restriction \u00e0 nos propres libert\u00e9s civiles, nous sacrifions notre capacit\u00e9 \u00e0 nous objecter \u00e0 des restrictions semblables ou plus importantes dans d\u2019autres pays. Cela demeure vrai m\u00eame si nous consentons \u00e0 la r\u00e9duction d\u2019une libert\u00e9 civile dans la plus petite de nos provinces. La protection des libert\u00e9s civiles des Canadiens o\u00f9 que ce soit au pays est donc la responsabilit\u00e9 de l\u2019ensemble des Canadiens.<\/p>\n<p>Nous vivons dans un monde o\u00f9, dans bien des pays, les libert\u00e9s civiles sont extr\u00eamement limit\u00e9es, voire inexistantes. Diminuer la capacit\u00e9 de notre pays \u00e0 demander \u00e0 d\u2019autres pays de rendre des comptes, c\u2019est priver le monde d\u2019un champion de la libert\u00e9, ce dont il a grandement besoin.<\/p>\n<p>Par le pass\u00e9, nous avons tol\u00e9r\u00e9 des restrictions injustifi\u00e9es des libert\u00e9s civiles, g\u00e9n\u00e9ralement au d\u00e9triment de groupes pr\u00e9cis de citoyens. Cela justifie d\u2019autant plus le fait que nous devons faire preuve de vigilance en ce moment afin de prot\u00e9ger l\u2019ensemble des libert\u00e9s civiles de l\u2019ensemble de la population.<\/p>\n<p>Nos libert\u00e9s et nos responsabilit\u00e9s vont de pair. Les prot\u00e9ger est l\u2019une de nos plus grandes responsabilit\u00e9s, tant pour nous-m\u00eames que pour les g\u00e9n\u00e9rations futures. Elles forment la base d\u2019une soci\u00e9t\u00e9 tol\u00e9rante, pluraliste et multiculturelle. Elles constituent une composante essentielle de la dignit\u00e9 humaine, de la coh\u00e9sion sociale et du respect d\u2019autrui. Il faut les prot\u00e9ger et les promouvoir chaque fois qu\u2019elles sont menac\u00e9es.<\/p>\n<p>&nbsp;<\/p>\n","protected":false},"excerpt":{"rendered":"<p>\ufeff L\u2019honorable Peter Harder :\u00a0Honorables s\u00e9nateurs, nous soulignerons bient\u00f4t le troisi\u00e8me anniversaire de l\u2019adoption du projet de loi 21, la loi qu\u00e9b\u00e9coise controvers\u00e9e qui interdit le port de symboles religieux aux enseignants et aux autres fonctionnaires travaillant dans cette province. Si l\u2019atteinte aux libert\u00e9s constitutionnelles\u00a0\u2014 que repr\u00e9sente ce projet de loi\u00a0\u2014 est alarmante, la persistance&#8230;<\/p>\n","protected":false},"author":3,"featured_media":2040,"comment_status":"closed","ping_status":"closed","sticky":false,"template":"","format":"standard","meta":{"_acf_changed":false,"wds_primary_category":95,"footnotes":""},"categories":[95,99],"tags":[153],"senator_posts":[36],"class_list":["post-4170","post","type-post","status-publish","format-standard","has-post-thumbnail","hentry","category-au-senat","category-declarations","tag-droits-de-la-personne","senator_posts-l-hon-peter-harder"],"acf":[],"_links":{"self":[{"href":"https:\/\/theprogressives.ca\/fr\/wp-json\/wp\/v2\/posts\/4170","targetHints":{"allow":["GET"]}}],"collection":[{"href":"https:\/\/theprogressives.ca\/fr\/wp-json\/wp\/v2\/posts"}],"about":[{"href":"https:\/\/theprogressives.ca\/fr\/wp-json\/wp\/v2\/types\/post"}],"author":[{"embeddable":true,"href":"https:\/\/theprogressives.ca\/fr\/wp-json\/wp\/v2\/users\/3"}],"replies":[{"embeddable":true,"href":"https:\/\/theprogressives.ca\/fr\/wp-json\/wp\/v2\/comments?post=4170"}],"version-history":[{"count":0,"href":"https:\/\/theprogressives.ca\/fr\/wp-json\/wp\/v2\/posts\/4170\/revisions"}],"wp:featuredmedia":[{"embeddable":true,"href":"https:\/\/theprogressives.ca\/fr\/wp-json\/wp\/v2\/media\/2040"}],"wp:attachment":[{"href":"https:\/\/theprogressives.ca\/fr\/wp-json\/wp\/v2\/media?parent=4170"}],"wp:term":[{"taxonomy":"category","embeddable":true,"href":"https:\/\/theprogressives.ca\/fr\/wp-json\/wp\/v2\/categories?post=4170"},{"taxonomy":"post_tag","embeddable":true,"href":"https:\/\/theprogressives.ca\/fr\/wp-json\/wp\/v2\/tags?post=4170"},{"taxonomy":"senator_posts","embeddable":true,"href":"https:\/\/theprogressives.ca\/fr\/wp-json\/wp\/v2\/senator_posts?post=4170"}],"curies":[{"name":"wp","href":"https:\/\/api.w.org\/{rel}","templated":true}]}}