{"id":4158,"date":"2022-03-29T14:40:29","date_gmt":"2022-03-29T18:40:29","guid":{"rendered":"https:\/\/theprogressives.ca\/?p=4158"},"modified":"2022-04-25T16:41:43","modified_gmt":"2022-04-25T20:41:43","slug":"periode-des-questions-la-preuve-de-vaccination-les-voyages-a-letranger","status":"publish","type":"post","link":"https:\/\/theprogressives.ca\/fr\/au-senat\/periode-des-questions-la-preuve-de-vaccination-les-voyages-a-letranger\/","title":{"rendered":"P\u00e9riode des questions: La preuve de vaccination\u2014Les voyages \u00e0 l\u2019\u00e9tranger"},"content":{"rendered":"<p><b>L\u2019honorable Jane Cordy :\u00a0<\/b>S\u00e9nateur Gold, la semaine derni\u00e8re, j\u2019ai re\u00e7u votre r\u00e9ponse\u00a0\u2014 ou je suppose, la r\u00e9ponse du ministre\u00a0\u2014 aux questions que j\u2019avais pos\u00e9es le 25\u00a0novembre\u00a0et le 15\u00a0d\u00e9cembre\u00a0pour obtenir des \u00e9claircissements sur les exigences de vaccination pour les voyages \u00e0 l\u2019\u00e9tranger. Nous savons, et vous l\u2019avez r\u00e9p\u00e9t\u00e9 dans votre r\u00e9ponse \u00e0 mes questions, que le gouvernement du Canada a fait passer ses conseils de sant\u00e9 aux voyageurs du niveau 3 au niveau 2. Cela signifie que le gouvernement ne recommandera plus aux Canadiens d\u2019\u00e9viter les voyages \u00e0 des fins non essentielles.<\/p>\n<p>Maintenant que le gouvernement l\u00e8ve ses recommandations et que le temps chaud arrive, les Canadiens recommencent \u00e0 planifier des voyages. Toutefois, les inqui\u00e9tudes et incertitudes que j\u2019ai soulev\u00e9es dans mes questions ant\u00e9rieures subsistent, \u00e0 savoir quelles sont les exigences vaccinales et quels types de vaccins seront accept\u00e9s dans d\u2019autres pays. Je m\u2019interrogeais tout particuli\u00e8rement sur les vaccins mixtes.<\/p>\n<p>Je comprends parfaitement que, tel qu\u2019il a \u00e9t\u00e9 \u00e9nonc\u00e9 dans la r\u00e9ponse que le ministre ou vous avez fournie la semaine derni\u00e8re, chaque pays a le droit souverain de d\u00e9terminer les restrictions d\u2019entr\u00e9e qu\u2019il imposera et les mesures frontali\u00e8res qu\u2019il adoptera. Toutefois, dans la m\u00eame r\u00e9ponse, on m\u2019a dit de mani\u00e8re assez vague que le \u00ab Canada a r\u00e9ussi \u00e0 persuader d\u2019autres pays de reconna\u00eetre les Canadiens qui ont re\u00e7u des calendriers de vaccination mixtes comme \u00e9tant pleinement vaccin\u00e9s \u00bb.<\/p>\n<p>S\u00e9nateur Gold, quels sont ces pays que le Canada \u00e0 r\u00e9ussi \u00e0 persuader? Le gouvernement du Canada mettra-t-il cette information \u00e0 la port\u00e9e du public?<\/p>\n<p><b>L\u2019honorable Marc Gold (repr\u00e9sentant du gouvernement au S\u00e9nat) :\u00a0<\/b>Merci. C\u2019est une question l\u00e9gitime. Je ne sais pas avec quels pays le gouvernement du Canada a dialogu\u00e9 ou lesquels il a r\u00e9ussi \u00e0 persuader. Franchement, je ne sais pas non plus si cette liste sera publi\u00e9e, mise \u00e0 jour ou les deux. Je me renseignerai, et j\u2019esp\u00e8re pouvoir vous fournir une r\u00e9ponse le plus rapidement possible.<\/p>\n<p><b>La s\u00e9natrice Cordy :\u00a0<\/b>Merci, s\u00e9nateur Gold. Je citerai une ou deux autres phrases provenant des r\u00e9ponses diff\u00e9r\u00e9es\u00a0:<\/p>\n<p>Le gouvernement du Canada respecte le droit souverain des autres pays de d\u00e9cider de leurs restrictions de voyage et de leurs mesures frontali\u00e8res et continuera de surveiller la situation et de fournir aux Canadiens des conseils de voyage \u00e0 jour.<\/p>\n<p>Nous reconnaissons tous que chaque pays a la responsabilit\u00e9 et le droit de prendre ses propres d\u00e9cisions, mais il est un peu facile de demander aux Canadiens de contacter le pays o\u00f9 ils se rendent, car ils cherchent d\u2019abord une r\u00e9ponse aupr\u00e8s de leur propre gouvernement. Si je devais voyager, j\u2019irais sur le site du gouvernement du Canada avant de me rendre sur le site du pays o\u00f9 je me rends.<\/p>\n<p>Si le gouvernement avance qu\u2019il est parvenu \u00e0 des n\u00e9gociations avec d\u2019autres pays, il devrait \u00eatre en mesure de rendre ces informations publiques.<\/p>\n<p>J\u2019aimerais vous demander de bien vouloir rappeler au gouvernement que les renseignements sur les d\u00e9placements et les exigences vaccinales doivent \u00eatre faciles \u00e0 comprendre et \u00e0 trouver sur le site Web du gouvernement du Canada.<\/p>\n<p><b>Le s\u00e9nateur Gold :\u00a0<\/b>Je le ferai tr\u00e8s certainement. Merci.<\/p>\n","protected":false},"excerpt":{"rendered":"<p>L\u2019honorable Jane Cordy :\u00a0S\u00e9nateur Gold, la semaine derni\u00e8re, j\u2019ai re\u00e7u votre r\u00e9ponse\u00a0\u2014 ou je suppose, la r\u00e9ponse du ministre\u00a0\u2014 aux questions que j\u2019avais pos\u00e9es le 25\u00a0novembre\u00a0et le 15\u00a0d\u00e9cembre\u00a0pour obtenir des \u00e9claircissements sur les exigences de vaccination pour les voyages \u00e0 l\u2019\u00e9tranger. Nous savons, et vous l\u2019avez r\u00e9p\u00e9t\u00e9 dans votre r\u00e9ponse \u00e0 mes questions, que le&#8230;<\/p>\n","protected":false},"author":3,"featured_media":1992,"comment_status":"closed","ping_status":"closed","sticky":false,"template":"","format":"standard","meta":{"_acf_changed":false,"wds_primary_category":95,"footnotes":""},"categories":[95,97],"tags":[103],"senator_posts":[31],"class_list":["post-4158","post","type-post","status-publish","format-standard","has-post-thumbnail","hentry","category-au-senat","category-periode-de-questions","tag-covid-19-fr-2","senator_posts-l-hon-jane-cordy"],"acf":[],"_links":{"self":[{"href":"https:\/\/theprogressives.ca\/fr\/wp-json\/wp\/v2\/posts\/4158","targetHints":{"allow":["GET"]}}],"collection":[{"href":"https:\/\/theprogressives.ca\/fr\/wp-json\/wp\/v2\/posts"}],"about":[{"href":"https:\/\/theprogressives.ca\/fr\/wp-json\/wp\/v2\/types\/post"}],"author":[{"embeddable":true,"href":"https:\/\/theprogressives.ca\/fr\/wp-json\/wp\/v2\/users\/3"}],"replies":[{"embeddable":true,"href":"https:\/\/theprogressives.ca\/fr\/wp-json\/wp\/v2\/comments?post=4158"}],"version-history":[{"count":0,"href":"https:\/\/theprogressives.ca\/fr\/wp-json\/wp\/v2\/posts\/4158\/revisions"}],"wp:featuredmedia":[{"embeddable":true,"href":"https:\/\/theprogressives.ca\/fr\/wp-json\/wp\/v2\/media\/1992"}],"wp:attachment":[{"href":"https:\/\/theprogressives.ca\/fr\/wp-json\/wp\/v2\/media?parent=4158"}],"wp:term":[{"taxonomy":"category","embeddable":true,"href":"https:\/\/theprogressives.ca\/fr\/wp-json\/wp\/v2\/categories?post=4158"},{"taxonomy":"post_tag","embeddable":true,"href":"https:\/\/theprogressives.ca\/fr\/wp-json\/wp\/v2\/tags?post=4158"},{"taxonomy":"senator_posts","embeddable":true,"href":"https:\/\/theprogressives.ca\/fr\/wp-json\/wp\/v2\/senator_posts?post=4158"}],"curies":[{"name":"wp","href":"https:\/\/api.w.org\/{rel}","templated":true}]}}