{"id":4130,"date":"2022-04-06T14:45:43","date_gmt":"2022-04-06T18:45:43","guid":{"rendered":"https:\/\/theprogressives.ca\/?p=4130"},"modified":"2022-06-03T17:23:05","modified_gmt":"2022-06-03T21:23:05","slug":"periode-des-questions-le-soutien-aux-agriculteurs-et-aux-producteurs","status":"publish","type":"post","link":"https:\/\/theprogressives.ca\/fr\/au-senat\/periode-des-questions-le-soutien-aux-agriculteurs-et-aux-producteurs\/","title":{"rendered":"P\u00e9riode des questions: Le soutien aux agriculteurs et aux producteurs"},"content":{"rendered":"<p><b>L\u2019honorable Brian Francis :\u00a0<\/b>Honorables s\u00e9nateurs, ma question s\u2019adresse au s\u00e9nateur Gold.<\/p>\n<p>En\u00a0novembre\u00a0dernier, apr\u00e8s que la gale verruqueuse de la pomme de terre a \u00e9t\u00e9 d\u00e9tect\u00e9e dans deux champs, l\u2019Agence canadienne de l\u2019inspection des aliments a interdit l\u2019exportation de tous les types de pommes de terre de l\u2019\u00cele-du-Prince-\u00c9douard, y compris \u00e0 destination des \u00c9tats-Unis et du reste du Canada. Cette d\u00e9cision a choqu\u00e9 et a durement touch\u00e9 l\u2019industrie, qui est \u00e0 la fois un employeur majeur et un grand contributeur \u00e0 l\u2019\u00e9conomie de la province.<\/p>\n<p>Vendredi dernier, l\u2019interdiction a finalement \u00e9t\u00e9 lev\u00e9e pour les\u00a0exportations de pommes de terre de consommation de l\u2019\u00cele\u2011du\u2011Prince\u2011\u00c9douard. Elle ne l\u2019a pas \u00e9t\u00e9 par contre pour les pommes de terre de semence, ou destin\u00e9es au conditionnement, et ne devrait pas l\u2019\u00eatre avant au moins 2023. Il pourrait donc y avoir des pertes pendant deux autres saisons.<\/p>\n<p>S\u00e9nateur Gold, quelles mesures, le cas \u00e9ch\u00e9ant, le gouvernement f\u00e9d\u00e9ral prend-il pour avancer l\u2019\u00e9ch\u00e9ancier de l\u2019interdiction d\u2019exportation frappant les pommes de terre de semence?<\/p>\n<p><b>L\u2019honorable Marc Gold (repr\u00e9sentant du gouvernement au S\u00e9nat) :\u00a0<\/b>Merci de votre question. Le gouvernement est heureux de constater que le travail qu\u2019il a accompli permet aux exportations de pommes de terre de consommation de se poursuivre, mais il reste encore du travail \u00e0 faire, comme vous l\u2019avez fait remarquer avec raison.<\/p>\n<p>Pour r\u00e9pondre \u00e0 votre question, le gouvernement continuera d\u2019appliquer ce qu\u2019il appelle l\u2019approche \u00ab\u00a0\u00c9quipe Canada\u00a0\u00bb, de travailler avec les provinces, les secteurs d\u2019activit\u00e9s et les principaux int\u00e9ress\u00e9s, et de traiter avec les \u00c9tats-Unis \u00e0 tous les niveaux au sujet de leurs pr\u00e9occupations, qu\u2019ils disent fond\u00e9es sur la science, concernant les pommes de terre de semence. Voil\u00e0 notre meilleure chance, chers coll\u00e8gues, de mener \u00e0 bien la reprise du march\u00e9 de la pomme de terre avec les \u00c9tats-Unis.<\/p>\n<p>Je signale que le gouvernement fournit 28 millions de dollars en\u00a0compensations aux agriculteurs. De plus, 290 millions de livres\u00a0de\u00a0pommes de terre seront distribu\u00e9s aux entreprises de transformation, d\u2019emballage et de d\u00e9shydratation, aux banques alimentaires et \u00e0 d\u2019autres acteurs du march\u00e9. Le r\u00e9tablissement de\u00a0l\u2019acc\u00e8s complet des pommes de terre fra\u00eeches de l\u2019\u00cele\u2011du\u2011Prince\u2011\u00c9douard au march\u00e9 am\u00e9ricain et le soutien aux agriculteurs prince-\u00e9douardiens demeurent des priorit\u00e9s pour le gouvernement.<\/p>\n<p><b>Le s\u00e9nateur Francis :\u00a0<\/b>Merci de votre r\u00e9ponse, s\u00e9nateur Gold. Je suis inquiet des r\u00e9percussions de cette interdiction sur l\u2019industrie et l\u2019\u00e9conomie de l\u2019\u00eele. Pouvez-vous nous informer du moment o\u00f9 les producteurs de semences recevront une compensation financi\u00e8re de la part du gouvernement f\u00e9d\u00e9ral et quand d\u2019autres mesures de soutien seront offertes aux personnes souhaitant se lancer dans d\u2019autres types de cultures?<\/p>\n<p><b>Le s\u00e9nateur Gold :\u00a0<\/b>Merci. Eh bien, je devrais me renseigner sur le calendrier pr\u00e9vu des paiements. Je vous reviendrai \u00e0 ce sujet.<\/p>\n","protected":false},"excerpt":{"rendered":"<p>L\u2019honorable Brian Francis :\u00a0Honorables s\u00e9nateurs, ma question s\u2019adresse au s\u00e9nateur Gold. En\u00a0novembre\u00a0dernier, apr\u00e8s que la gale verruqueuse de la pomme de terre a \u00e9t\u00e9 d\u00e9tect\u00e9e dans deux champs, l\u2019Agence canadienne de l\u2019inspection des aliments a interdit l\u2019exportation de tous les types de pommes de terre de l\u2019\u00cele-du-Prince-\u00c9douard, y compris \u00e0 destination des \u00c9tats-Unis et du&#8230;<\/p>\n","protected":false},"author":3,"featured_media":2042,"comment_status":"closed","ping_status":"closed","sticky":false,"template":"","format":"standard","meta":{"_acf_changed":false,"wds_primary_category":95,"footnotes":""},"categories":[95,97],"tags":[138],"senator_posts":[29],"class_list":["post-4130","post","type-post","status-publish","format-standard","has-post-thumbnail","hentry","category-au-senat","category-periode-de-questions","tag-agriculture-fr","senator_posts-l-hon-brian-francis"],"acf":[],"_links":{"self":[{"href":"https:\/\/theprogressives.ca\/fr\/wp-json\/wp\/v2\/posts\/4130","targetHints":{"allow":["GET"]}}],"collection":[{"href":"https:\/\/theprogressives.ca\/fr\/wp-json\/wp\/v2\/posts"}],"about":[{"href":"https:\/\/theprogressives.ca\/fr\/wp-json\/wp\/v2\/types\/post"}],"author":[{"embeddable":true,"href":"https:\/\/theprogressives.ca\/fr\/wp-json\/wp\/v2\/users\/3"}],"replies":[{"embeddable":true,"href":"https:\/\/theprogressives.ca\/fr\/wp-json\/wp\/v2\/comments?post=4130"}],"version-history":[{"count":0,"href":"https:\/\/theprogressives.ca\/fr\/wp-json\/wp\/v2\/posts\/4130\/revisions"}],"wp:featuredmedia":[{"embeddable":true,"href":"https:\/\/theprogressives.ca\/fr\/wp-json\/wp\/v2\/media\/2042"}],"wp:attachment":[{"href":"https:\/\/theprogressives.ca\/fr\/wp-json\/wp\/v2\/media?parent=4130"}],"wp:term":[{"taxonomy":"category","embeddable":true,"href":"https:\/\/theprogressives.ca\/fr\/wp-json\/wp\/v2\/categories?post=4130"},{"taxonomy":"post_tag","embeddable":true,"href":"https:\/\/theprogressives.ca\/fr\/wp-json\/wp\/v2\/tags?post=4130"},{"taxonomy":"senator_posts","embeddable":true,"href":"https:\/\/theprogressives.ca\/fr\/wp-json\/wp\/v2\/senator_posts?post=4130"}],"curies":[{"name":"wp","href":"https:\/\/api.w.org\/{rel}","templated":true}]}}