{"id":4099,"date":"2022-03-30T14:00:22","date_gmt":"2022-03-30T18:00:22","guid":{"rendered":"https:\/\/theprogressives.ca\/?p=4099"},"modified":"2022-06-03T17:28:11","modified_gmt":"2022-06-03T21:28:11","slug":"le-mois-de-lacceptation-de-lautisme-nouvelle-ecosse","status":"publish","type":"post","link":"https:\/\/theprogressives.ca\/fr\/au-senat\/le-mois-de-lacceptation-de-lautisme-nouvelle-ecosse\/","title":{"rendered":"Le Mois de l\u2019acceptation de l\u2019autisme\u2014Nouvelle-\u00c9cosse"},"content":{"rendered":"<p><iframe title=\"YouTube video player\" data-src=\"https:\/\/www.youtube.com\/embed\/Ggx4MXHR66M\" width=\"560\" height=\"315\" frameborder=\"0\" allowfullscreen=\"allowfullscreen\" src=\"data:image\/svg+xml;base64,PHN2ZyB3aWR0aD0iMSIgaGVpZ2h0PSIxIiB4bWxucz0iaHR0cDovL3d3dy53My5vcmcvMjAwMC9zdmciPjwvc3ZnPg==\" class=\"lazyload\" data-load-mode=\"1\"><\/iframe><\/p>\n<p><b>L\u2019honorable Wanda Elaine Thomas Bernard :\u00a0<\/b>Honorables s\u00e9nateurs, je participe au d\u00e9bat d\u2019aujourd\u2019hui \u00e0 partir de la Nouvelle-\u00c9cosse et de la localit\u00e9 d\u2019East Preston, situ\u00e9e sur un territoire non c\u00e9d\u00e9 du peuple mi\u2019kmaq.<\/p>\n<p>Le 2\u00a0avril\u00a0marque la Journ\u00e9e mondiale de sensibilisation \u00e0 l\u2019autisme et, en Nouvelle-\u00c9cosse, avril est le Mois de l\u2019acceptation de l\u2019autisme. J\u2019en profite pour souligner que nous avons fait des progr\u00e8s sur la voie de l\u2019\u00e9quit\u00e9, de la diversit\u00e9 et de l\u2019inclusion, mais qu\u2019il reste encore beaucoup \u00e0 faire.<\/p>\n<p>Alors que nous passons de la sensibilisation \u00e0 l\u2019acceptation puis \u00e0 l\u2019action, il est temps de mettre l\u2019accent plus efficacement sur l\u2019\u00e9quit\u00e9 en mati\u00e8re d\u2019emploi. Le prochain num\u00e9ro de la\u00a0<i>Revue canadienne de l\u2019\u00e9quit\u00e9 en mati\u00e8re d\u2019autisme<\/i>, publi\u00e9e par l\u2019Alliance canadienne des troubles du spectre autistique, portera sur l\u2019emploi et montrera que les personnes handicap\u00e9es, particuli\u00e8rement les personnes autistes, doivent pouvoir compter sur un soutien durable.<\/p>\n<p>Chers coll\u00e8gues, les accommodements ne sont pas un fardeau.<\/p>\n<p>Depuis deux\u00a0ans, nous pouvons constater que la COVID-19 a des effets d\u00e9vastateurs pour les personnes handicap\u00e9es. Nous voyons aussi les crimes racistes et les crimes haineux se multiplier. Ajoutons \u00e0 cela que l\u2019emploi est l\u2019un des secteurs dans lesquels le racisme et la discrimination abondent. Les personnes chez lesquelles des identit\u00e9s marginalis\u00e9es se chevauchent, comme les Autochtones, les Afro-Canadiens et d\u2019autres personnes racis\u00e9es, ont \u00e9t\u00e9 touch\u00e9es de mani\u00e8re disproportionn\u00e9e par cette double pand\u00e9mie. Chacune \u00e0 leur mani\u00e8re, les fermetures d\u2019entreprises, les restrictions li\u00e9es \u00e0 la COVID-19 et les exigences concernant la distanciation physique ont contribu\u00e9 \u00e0 cr\u00e9er un march\u00e9 du travail qui pr\u00e9sente, plus que jamais, des obstacles importants pour les personnes handicap\u00e9es d\u00e9sireuses d\u2019y rester ou d\u2019y entrer.<\/p>\n<p>\u00c0 l\u2019heure actuelle, un quart des personnes qui pr\u00e9sentent un trouble du spectre de l\u2019autisme ou une d\u00e9ficience intellectuelle ont un emploi. C\u2019est le taux de participation au march\u00e9 du travail le plus faible parmi tous les groupes de personnes handicap\u00e9es du Canada. Tandis que nous reb\u00e2tissons en mieux, nous devons agir afin que les personnes marginalis\u00e9es \u00e0 plus d\u2019un \u00e9gard soient int\u00e9gr\u00e9es au plan de relance \u00e9conomique du pays.<\/p>\n<p>Honorables s\u00e9nateurs, en l\u2019honneur du Mois de l\u2019acceptation de l\u2019autisme, prenez la d\u00e9cision de poser des gestes qui viendront vraiment am\u00e9liorer le monde du travail pour les personnes \u00e0 l\u2019intersection\u00a0de l\u2019autisme et du racisme.\u00a0<i>Asante<\/i>, merci.<\/p>\n<p><b>Des voix :\u00a0<\/b>Bravo!<\/p>\n<p>&nbsp;<\/p>\n","protected":false},"excerpt":{"rendered":"<p>L\u2019honorable Wanda Elaine Thomas Bernard :\u00a0Honorables s\u00e9nateurs, je participe au d\u00e9bat d\u2019aujourd\u2019hui \u00e0 partir de la Nouvelle-\u00c9cosse et de la localit\u00e9 d\u2019East Preston, situ\u00e9e sur un territoire non c\u00e9d\u00e9 du peuple mi\u2019kmaq. Le 2\u00a0avril\u00a0marque la Journ\u00e9e mondiale de sensibilisation \u00e0 l\u2019autisme et, en Nouvelle-\u00c9cosse, avril est le Mois de l\u2019acceptation de l\u2019autisme. J\u2019en profite pour&#8230;<\/p>\n","protected":false},"author":3,"featured_media":1946,"comment_status":"closed","ping_status":"closed","sticky":false,"template":"","format":"standard","meta":{"_acf_changed":false,"wds_primary_category":95,"footnotes":""},"categories":[95,99],"tags":[],"senator_posts":[40],"class_list":["post-4099","post","type-post","status-publish","format-standard","has-post-thumbnail","hentry","category-au-senat","category-declarations","senator_posts-l-hon-wanda-thomas-bernard"],"acf":[],"_links":{"self":[{"href":"https:\/\/theprogressives.ca\/fr\/wp-json\/wp\/v2\/posts\/4099","targetHints":{"allow":["GET"]}}],"collection":[{"href":"https:\/\/theprogressives.ca\/fr\/wp-json\/wp\/v2\/posts"}],"about":[{"href":"https:\/\/theprogressives.ca\/fr\/wp-json\/wp\/v2\/types\/post"}],"author":[{"embeddable":true,"href":"https:\/\/theprogressives.ca\/fr\/wp-json\/wp\/v2\/users\/3"}],"replies":[{"embeddable":true,"href":"https:\/\/theprogressives.ca\/fr\/wp-json\/wp\/v2\/comments?post=4099"}],"version-history":[{"count":0,"href":"https:\/\/theprogressives.ca\/fr\/wp-json\/wp\/v2\/posts\/4099\/revisions"}],"wp:featuredmedia":[{"embeddable":true,"href":"https:\/\/theprogressives.ca\/fr\/wp-json\/wp\/v2\/media\/1946"}],"wp:attachment":[{"href":"https:\/\/theprogressives.ca\/fr\/wp-json\/wp\/v2\/media?parent=4099"}],"wp:term":[{"taxonomy":"category","embeddable":true,"href":"https:\/\/theprogressives.ca\/fr\/wp-json\/wp\/v2\/categories?post=4099"},{"taxonomy":"post_tag","embeddable":true,"href":"https:\/\/theprogressives.ca\/fr\/wp-json\/wp\/v2\/tags?post=4099"},{"taxonomy":"senator_posts","embeddable":true,"href":"https:\/\/theprogressives.ca\/fr\/wp-json\/wp\/v2\/senator_posts?post=4099"}],"curies":[{"name":"wp","href":"https:\/\/api.w.org\/{rel}","templated":true}]}}