{"id":3670,"date":"2021-10-18T13:09:00","date_gmt":"2021-10-18T17:09:00","guid":{"rendered":"https:\/\/theprogressives.ca\/?p=3670"},"modified":"2021-10-21T13:37:51","modified_gmt":"2021-10-21T17:37:51","slug":"la-senatrice-bovey-recoit-un-doctorat-honorifique","status":"publish","type":"post","link":"https:\/\/theprogressives.ca\/fr\/nouvelles\/la-senatrice-bovey-recoit-un-doctorat-honorifique\/","title":{"rendered":"La s\u00e9natrice Bovey re\u00e7oit un doctorat honorifique"},"content":{"rendered":"<p>La s\u00e9natrice Patricia Bovey a re\u00e7u un doctorat honorifique en droit (honoris causa) de l\u2019Universit\u00e9 du Manitoba et a prononc\u00e9 le discours principal de la promotion 2021 de l\u2019Universit\u00e9.<\/p>\n<p>Regardez son discours ici (contenu externe disponible uniquement en anglais) :<\/p>\n<p><iframe title=\"YouTube video player\" data-src=\"https:\/\/www.youtube.com\/embed\/zjjaYekzajI\" width=\"560\" height=\"315\" frameborder=\"0\" allowfullscreen=\"allowfullscreen\" src=\"data:image\/svg+xml;base64,PHN2ZyB3aWR0aD0iMSIgaGVpZ2h0PSIxIiB4bWxucz0iaHR0cDovL3d3dy53My5vcmcvMjAwMC9zdmciPjwvc3ZnPg==\" class=\"lazyload\" data-load-mode=\"1\"><\/iframe><\/p>\n","protected":false},"excerpt":{"rendered":"<p>La s\u00e9natrice Patricia Bovey a re\u00e7u un doctorat honorifique en droit (honoris causa) de l\u2019Universit\u00e9 du Manitoba et a prononc\u00e9 le discours principal de la promotion 2021 de l\u2019Universit\u00e9. Regardez son discours ici (contenu externe disponible uniquement en anglais) :<\/p>\n","protected":false},"author":3,"featured_media":1926,"comment_status":"closed","ping_status":"closed","sticky":false,"template":"","format":"standard","meta":{"_acf_changed":false,"wds_primary_category":78,"footnotes":""},"categories":[78],"tags":[105,102],"senator_posts":[35],"class_list":["post-3670","post","type-post","status-publish","format-standard","has-post-thumbnail","hentry","category-nouvelles","tag-icones-canadiennes-feminines","tag-arts-et-culture","senator_posts-l-hon-patricia-bovey"],"acf":[],"_links":{"self":[{"href":"https:\/\/theprogressives.ca\/fr\/wp-json\/wp\/v2\/posts\/3670","targetHints":{"allow":["GET"]}}],"collection":[{"href":"https:\/\/theprogressives.ca\/fr\/wp-json\/wp\/v2\/posts"}],"about":[{"href":"https:\/\/theprogressives.ca\/fr\/wp-json\/wp\/v2\/types\/post"}],"author":[{"embeddable":true,"href":"https:\/\/theprogressives.ca\/fr\/wp-json\/wp\/v2\/users\/3"}],"replies":[{"embeddable":true,"href":"https:\/\/theprogressives.ca\/fr\/wp-json\/wp\/v2\/comments?post=3670"}],"version-history":[{"count":0,"href":"https:\/\/theprogressives.ca\/fr\/wp-json\/wp\/v2\/posts\/3670\/revisions"}],"wp:featuredmedia":[{"embeddable":true,"href":"https:\/\/theprogressives.ca\/fr\/wp-json\/wp\/v2\/media\/1926"}],"wp:attachment":[{"href":"https:\/\/theprogressives.ca\/fr\/wp-json\/wp\/v2\/media?parent=3670"}],"wp:term":[{"taxonomy":"category","embeddable":true,"href":"https:\/\/theprogressives.ca\/fr\/wp-json\/wp\/v2\/categories?post=3670"},{"taxonomy":"post_tag","embeddable":true,"href":"https:\/\/theprogressives.ca\/fr\/wp-json\/wp\/v2\/tags?post=3670"},{"taxonomy":"senator_posts","embeddable":true,"href":"https:\/\/theprogressives.ca\/fr\/wp-json\/wp\/v2\/senator_posts?post=3670"}],"curies":[{"name":"wp","href":"https:\/\/api.w.org\/{rel}","templated":true}]}}