{"id":3553,"date":"2021-06-28T17:53:12","date_gmt":"2021-06-28T21:53:12","guid":{"rendered":"https:\/\/theprogressives.ca\/?p=3553"},"modified":"2021-06-29T17:55:12","modified_gmt":"2021-06-29T21:55:12","slug":"le-groupe-canado-africain-du-senat-felicite-le-senat-de-sa-reconnaissance-officielle-du-jour-de-lemancipation","status":"publish","type":"post","link":"https:\/\/theprogressives.ca\/fr\/nouvelles\/le-groupe-canado-africain-du-senat-felicite-le-senat-de-sa-reconnaissance-officielle-du-jour-de-lemancipation\/","title":{"rendered":"Le Groupe Canado-Africain du S\u00e9nat f\u00e9licite le S\u00e9nat de sa reconnaissance officielle du Jour de l\u2019\u00e9mancipation"},"content":{"rendered":"<p><strong>Ottawa, le 28 juin 2021<\/strong> \u2013 <em>Pour diffusion imm\u00e9diate<\/em><\/p>\n<p>Les membres du Groupe Canado-Africain du S\u00e9nat (GCAS) se sont dits heureux de l\u2019adoption \u00e0 l\u2019unanimit\u00e9 de la motion M-83 (Jour de l\u2019\u00e9mancipation) de la s\u00e9natrice Wanda Thomas Bernard au S\u00e9nat aujourd\u2019hui. Dans la motion, qui avait re\u00e7u leur appui, la s\u00e9natrice demande au gouvernement que soit soulign\u00e9 officiellement le Jour de l\u2019\u00e9mancipation.<\/p>\n<p>La Chambre des communes <a href=\"https:\/\/www.noscommunes.ca\/members\/fr\/88929\/motions\/10866655\" target=\"_blank\" rel=\"noopener\">a adopt\u00e9 \u00e0 l\u2019unanimit\u00e9 une motion de ce genre, la motion M-36<\/a>, en mars, qu\u2019avait pr\u00e9sent\u00e9e le d\u00e9put\u00e9 Majid Jowhari, avec l\u2019appui conjoint des d\u00e9put\u00e9s Greg Fergus, Paul Manly et Alex Ruff. Ces motions proclament le 1er ao\u00fbt date importante de l\u2019histoire. En effet, c\u2019est \u00e0 cette date qu\u2019a \u00e9t\u00e9 adopt\u00e9e la Loi sur l\u2019abolition de l\u2019esclavage, ce qui a eu un impact sur 800 000 Africains qui avaient \u00e9t\u00e9 r\u00e9duits \u00e0 l\u2019esclavage dans toutes les colonies britanniques. \u00ab Nous sommes engag\u00e9s dans un r\u00e9veil collectif, qui offre une grande possibilit\u00e9 de changements syst\u00e9miques, a d\u00e9clar\u00e9 la s\u00e9natrice Bernard. L\u2019\u00e9mancipation est au c\u0153ur des efforts de lutte contre le racisme. \u00bb<\/p>\n<p>La reconnaissance par le f\u00e9d\u00e9ral du Jour de l\u2019\u00e9mancipation permettra \u00e0 un plus grand nombre de Canadiens noirs d\u2019\u00e9tablir des liens avec leur patrimoine et de rendre hommage \u00e0 leurs anc\u00eatres. Il n\u2019aurait pas \u00e9t\u00e9 possible d\u2019attirer l\u2019attention du f\u00e9d\u00e9ral sur le Jour de l\u2019\u00e9mancipation, n\u2019e\u00fbt \u00e9t\u00e9 les innombrables membres de collectivit\u00e9s et d\u2019organismes ainsi que les particuliers qui luttent depuis 25 ans pour le promouvoir.<\/p>\n<p>La s\u00e9natrice Mobina Jaffer a fait le commentaire suivant : \u00ab Mon plus grand espoir est qu\u2019en reconnaissant le Jour de l\u2019\u00e9mancipation aux quatre coins du Canada, nous encouragerons les gens \u00e0 tenter de se familiariser avec le pass\u00e9 des Canadiens d\u2019origine africaine et avec leur contribution durable \u00e0 l\u2019\u00e9dification de notre pays. \u00bb<\/p>\n<p>En plus de permettre de cr\u00e9er un moment pour c\u00e9l\u00e9brer et souligner l\u2019histoire de la journ\u00e9e du 1er ao\u00fbt, cette reconnaissance par le f\u00e9d\u00e9ral ouvre la porte \u00e0 une r\u00e9orientation des programmes d\u2019enseignement, qui pourraient passer de l\u2019histoire coloniale, bien trop famili\u00e8re, \u00e0 une histoire que l\u2019on raconte moins : celle des personnes racis\u00e9es au Canada. Elle encouragera les \u00e9coles \u00e0 enseigner l\u2019histoire des Noirs, qui est celle du Canada.<br \/>\n\u00ab Les jeunes \u00e9l\u00e8ves noirs doivent conna\u00eetre leur histoire et se trouver repr\u00e9sent\u00e9s dans les programmes d\u2019enseignement, a d\u00e9clar\u00e9 la s\u00e9natrice Bernard, et les autres \u00e9l\u00e8ves doivent comprendre que l\u2019histoire des Noirs fait partie de l\u2019histoire du Canada. \u00bb<\/p>\n<p>La s\u00e9natrice Rosemary Moodie, pr\u00e9sidente du GCAS, a ajout\u00e9 : \u00ab Pour de nombreux Canadiens d&rsquo;un bout \u00e0 l&rsquo;autre du pays, le 1er ao\u00fbt est un jour de c\u00e9l\u00e9bration et de comm\u00e9moration. C&rsquo;est une \u00e9tape importante que les deux chambres du Parlement le reconnaissent maintenant aussi. J&rsquo;esp\u00e8re que cela encouragera davantage de Canadiens \u00e0 se renseigner sur notre histoire et \u00e0 \u0153uvrer pour une soci\u00e9t\u00e9 plus juste, plus libre et plus \u00e9quitable. \u00bb<\/p>\n<p>Sign\u00e9 :<br \/>\nL\u2019honorable Wanda Thomas Bernard<br \/>\nL\u2019honorable Mobina Jaffer<br \/>\nL\u2019honorable Marie-Fran\u00e7oise M\u00e9gie<br \/>\nL\u2019honorable Rosemary Moodie<br \/>\nL\u2019honorable Mohamed-Iqbal Ravalia<\/p>\n<p>Pour plus de renseignements :<\/p>\n<p>Josh Dadjo<br \/>\nBureau de la s\u00e9natrice Rosemary Moodie<br \/>\n<a href=\"mailto:josh.dadjo@sen.parl.gc.ca\" target=\"_blank\" rel=\"noopener\">josh.dadjo@sen.parl.gc.ca<\/a><br \/>\n613-947-7237<\/p>\n<p>Sabrina Panetta<br \/>\nBureau de la s\u00e9natrice Wanda Thomas Bernard<br \/>\n<a href=\"mailto:sabrina.panetta@sen.parl.gc.ca\" target=\"_blank\" rel=\"noopener\">sabrina.panetta@sen.parl.gc.ca<\/a><br \/>\n613-996-2090<\/p>\n","protected":false},"excerpt":{"rendered":"<p>Ottawa, le 28 juin 2021 \u2013 Pour diffusion imm\u00e9diate Les membres du Groupe Canado-Africain du S\u00e9nat (GCAS) se sont dits heureux de l\u2019adoption \u00e0 l\u2019unanimit\u00e9 de la motion M-83 (Jour de l\u2019\u00e9mancipation) de la s\u00e9natrice Wanda Thomas Bernard au S\u00e9nat aujourd\u2019hui. Dans la motion, qui avait re\u00e7u leur appui, la s\u00e9natrice demande au gouvernement que&#8230;<\/p>\n","protected":false},"author":3,"featured_media":1948,"comment_status":"closed","ping_status":"closed","sticky":false,"template":"","format":"standard","meta":{"_acf_changed":false,"wds_primary_category":78,"footnotes":""},"categories":[78],"tags":[],"senator_posts":[40],"class_list":["post-3553","post","type-post","status-publish","format-standard","has-post-thumbnail","hentry","category-nouvelles","senator_posts-l-hon-wanda-thomas-bernard"],"acf":[],"_links":{"self":[{"href":"https:\/\/theprogressives.ca\/fr\/wp-json\/wp\/v2\/posts\/3553","targetHints":{"allow":["GET"]}}],"collection":[{"href":"https:\/\/theprogressives.ca\/fr\/wp-json\/wp\/v2\/posts"}],"about":[{"href":"https:\/\/theprogressives.ca\/fr\/wp-json\/wp\/v2\/types\/post"}],"author":[{"embeddable":true,"href":"https:\/\/theprogressives.ca\/fr\/wp-json\/wp\/v2\/users\/3"}],"replies":[{"embeddable":true,"href":"https:\/\/theprogressives.ca\/fr\/wp-json\/wp\/v2\/comments?post=3553"}],"version-history":[{"count":0,"href":"https:\/\/theprogressives.ca\/fr\/wp-json\/wp\/v2\/posts\/3553\/revisions"}],"wp:featuredmedia":[{"embeddable":true,"href":"https:\/\/theprogressives.ca\/fr\/wp-json\/wp\/v2\/media\/1948"}],"wp:attachment":[{"href":"https:\/\/theprogressives.ca\/fr\/wp-json\/wp\/v2\/media?parent=3553"}],"wp:term":[{"taxonomy":"category","embeddable":true,"href":"https:\/\/theprogressives.ca\/fr\/wp-json\/wp\/v2\/categories?post=3553"},{"taxonomy":"post_tag","embeddable":true,"href":"https:\/\/theprogressives.ca\/fr\/wp-json\/wp\/v2\/tags?post=3553"},{"taxonomy":"senator_posts","embeddable":true,"href":"https:\/\/theprogressives.ca\/fr\/wp-json\/wp\/v2\/senator_posts?post=3553"}],"curies":[{"name":"wp","href":"https:\/\/api.w.org\/{rel}","templated":true}]}}