{"id":3211,"date":"2021-06-17T14:43:54","date_gmt":"2021-06-17T18:43:54","guid":{"rendered":"https:\/\/theprogressives.ca\/?p=3211"},"modified":"2021-06-18T14:44:47","modified_gmt":"2021-06-18T18:44:47","slug":"groupe-de-travail-consultatif-sur-les-oeuvres-dart-et-le-patrimoine","status":"publish","type":"post","link":"https:\/\/theprogressives.ca\/fr\/au-senat\/declarations\/groupe-de-travail-consultatif-sur-les-oeuvres-dart-et-le-patrimoine\/","title":{"rendered":"Groupe de travail consultatif sur les \u0153uvres d\u2019art et le patrimoine"},"content":{"rendered":"<p><b>L\u2019honorable Patricia Bovey : <\/b>Honorables s\u00e9nateurs, je prends la parole aujourd\u2019hui afin de remercier les conservateurs d\u2019art canadiens qui ont contribu\u00e9 aux projets du Groupe de travail consultatif sur les \u0153uvres d\u2019art et les biens patrimoniaux du S\u00e9nat.<\/p>\n<p>\u00ab Cultiver les perspectives \u00bb r\u00e9unit des voix canadiennes au S\u00e9nat. Un conservateur d\u2019art de chaque province et territoire, repr\u00e9sentant la diversit\u00e9 culturelle du Canada, a \u00e9t\u00e9 invit\u00e9 \u00e0 \u00e9crire un texte sur une \u0153uvre d\u2019art ou une pi\u00e8ce patrimoniale actuellement install\u00e9e dans l\u2019\u00e9difice du S\u00e9nat du Canada. En offrant un contexte national aux \u0153uvres, ces essais \u00e9tendent la connaissance de la collection du S\u00e9nat \u00e0 un public canadien plus large \u00e0 partir des points de vue des professionnels du domaine de l\u2019art et des mus\u00e9es. Ensemble, l\u2019expression visuelle des artistes et la mise en contexte par des conservateurs soulignent l\u2019importance et les perspectives des cr\u00e9ateurs au Canada ainsi que les nombreux liens avec la vie et les modes de vie dans tout le Canada. Je les en remercie tous.<\/p>\n<p>Parmi ces conservateurs d\u2019art se trouvent huit femmes, une personne d\u2019origine inuite et une autre mi\u2019kmaq. Certains sont nouvellement arriv\u00e9s dans le m\u00e9tier, tandis que d\u2019autres sont chevronn\u00e9s. Deux d\u2019entre eux ont choisi des objets, le b\u00e2ton noir et le banc. L\u2019une a choisi des murales photographiques sur m\u00e9tal. Six participants ont s\u00e9lectionn\u00e9 des \u0153uvres d\u2019artistes autochtones, dont une artiste inuite. Deux ont choisi un portrait et un autre, une sculpture. L\u2019\u00e9quilibre dans le choix des \u0153uvres s\u00e9lectionn\u00e9es par les auteurs, ainsi que la substance et les perspectives des essais m\u00e9ritent des f\u00e9licitations. Le 14 juin, les essais et les images ont \u00e9t\u00e9 publi\u00e9s en ligne, dans les deux langues officielles, en plus d\u2019un essai en langue inuktitute et un essai en langue mi\u2019kmaq. Je remercie les artistes et la succession des artistes de nous avoir accord\u00e9 leur permission de publier ces \u0153uvres prot\u00e9g\u00e9es par le droit d\u2019auteur. Cet automne, 13 autres conservateurs d\u2019art de divers horizons et disciplines seront invit\u00e9s \u00e0 contribuer au projet.<\/p>\n<p>Je remercie \u00e9galement Greg Hill, conservateur principal Audain de l\u2019art indig\u00e8ne au Mus\u00e9e des beaux-arts du Canada. Son analyse des besoins en mati\u00e8re d\u2019\u0153uvres autochtones au S\u00e9nat nous a fourni 19 recommandations visionnaires pour am\u00e9liorer tant la repr\u00e9sentation que la pr\u00e9sentation. Sa principale recommandation, d\u00e9j\u00e0 approuv\u00e9e par le Comit\u00e9 permanent de la r\u00e9gie interne, des budgets et de l\u2019administration, consiste \u00e0 remplacer le nom anglais de la Salle des peuples autochtones, actuellement \u00ab Aboriginal Peoples Committee Room \u00bb par \u00ab Indigenous Peoples Committee Room \u00bb, car la d\u00e9signation \u00ab Indigenous Peoples \u00bb englobe les Premi\u00e8res Nations, les Inuits et les M\u00e9tis. Nous aborderons d\u2019autres aspects du rapport de M.\u00a0Hill au cours des prochains mois.<\/p>\n<p>Le programme <i>Mus\u00e9es au S\u00e9nat<\/i> sera inaugur\u00e9 cet automne. Pour l\u2019ann\u00e9e inaugurale, la pi\u00e8ce de comit\u00e9 B30 sera am\u00e9nag\u00e9e avec des \u0153uvres inuites de la collection du Nunavut, qui est g\u00e9r\u00e9e par le Mus\u00e9e des beaux-arts de Winnipeg. Cette installation vise \u00e0 jeter des ponts entre le Nord et le Sud. Dans les ann\u00e9es \u00e0 venir, des mus\u00e9es et des galeries d\u2019art de partout au pays participeront, chacun c\u00e9l\u00e9brant leur collection publique.<\/p>\n<p>Le projet <i>Hommage aux artistes noirs du Canada<\/i> pr\u00e9sentera sa deuxi\u00e8me installation en septembre.<\/p>\n<p>Je remercie sinc\u00e8rement toutes les personnes qui ont fait et qui continuent de faire de ces initiatives une r\u00e9alit\u00e9. Merci.<\/p>\n","protected":false},"excerpt":{"rendered":"<p>L\u2019honorable Patricia Bovey : Honorables s\u00e9nateurs, je prends la parole aujourd\u2019hui afin de remercier les conservateurs d\u2019art canadiens qui ont contribu\u00e9 aux projets du Groupe de travail consultatif sur les \u0153uvres d\u2019art et les biens patrimoniaux du S\u00e9nat. \u00ab Cultiver les perspectives \u00bb r\u00e9unit des voix canadiennes au S\u00e9nat. Un conservateur d\u2019art de chaque province&#8230;<\/p>\n","protected":false},"author":3,"featured_media":2012,"comment_status":"closed","ping_status":"closed","sticky":false,"template":"","format":"standard","meta":{"_acf_changed":false,"wds_primary_category":99,"footnotes":""},"categories":[99],"tags":[],"senator_posts":[35],"class_list":["post-3211","post","type-post","status-publish","format-standard","has-post-thumbnail","hentry","category-declarations","senator_posts-l-hon-patricia-bovey"],"acf":[],"_links":{"self":[{"href":"https:\/\/theprogressives.ca\/fr\/wp-json\/wp\/v2\/posts\/3211","targetHints":{"allow":["GET"]}}],"collection":[{"href":"https:\/\/theprogressives.ca\/fr\/wp-json\/wp\/v2\/posts"}],"about":[{"href":"https:\/\/theprogressives.ca\/fr\/wp-json\/wp\/v2\/types\/post"}],"author":[{"embeddable":true,"href":"https:\/\/theprogressives.ca\/fr\/wp-json\/wp\/v2\/users\/3"}],"replies":[{"embeddable":true,"href":"https:\/\/theprogressives.ca\/fr\/wp-json\/wp\/v2\/comments?post=3211"}],"version-history":[{"count":0,"href":"https:\/\/theprogressives.ca\/fr\/wp-json\/wp\/v2\/posts\/3211\/revisions"}],"wp:featuredmedia":[{"embeddable":true,"href":"https:\/\/theprogressives.ca\/fr\/wp-json\/wp\/v2\/media\/2012"}],"wp:attachment":[{"href":"https:\/\/theprogressives.ca\/fr\/wp-json\/wp\/v2\/media?parent=3211"}],"wp:term":[{"taxonomy":"category","embeddable":true,"href":"https:\/\/theprogressives.ca\/fr\/wp-json\/wp\/v2\/categories?post=3211"},{"taxonomy":"post_tag","embeddable":true,"href":"https:\/\/theprogressives.ca\/fr\/wp-json\/wp\/v2\/tags?post=3211"},{"taxonomy":"senator_posts","embeddable":true,"href":"https:\/\/theprogressives.ca\/fr\/wp-json\/wp\/v2\/senator_posts?post=3211"}],"curies":[{"name":"wp","href":"https:\/\/api.w.org\/{rel}","templated":true}]}}