{"id":3112,"date":"2021-06-09T08:55:20","date_gmt":"2021-06-09T12:55:20","guid":{"rendered":"https:\/\/theprogressives.ca\/?p=3112"},"modified":"2021-06-11T08:56:46","modified_gmt":"2021-06-11T12:56:46","slug":"lhonorable-jim-munson-hommage-le-senateurdawson","status":"publish","type":"post","link":"https:\/\/theprogressives.ca\/fr\/au-senat\/declarations\/lhonorable-jim-munson-hommage-le-senateurdawson\/","title":{"rendered":"L&rsquo;honorable Jim Munson\u2014Hommage\u2014Le s\u00e9nateurDawson"},"content":{"rendered":"<p><b>L\u2019honorable Dennis Dawson :\u00a0<\/b>J\u2019ai rencontr\u00e9 Jim en 1977 lorsque j\u2019ai \u00e9t\u00e9 \u00e9lu pour la premi\u00e8re fois \u00e0 l\u2019autre endroit. \u00c0 ce moment-l\u00e0, il couvrait d\u00e9j\u00e0 la vie politique sur la Colline depuis de nombreuses ann\u00e9es. Je peux confirmer pour notre ami le s\u00e9nateur Gold que, oui, le Cercle national de la presse \u00e9tait l\u2019un de ses lieux favoris sur la Colline. \u00c9galement, je tiens \u00e0 confirmer que \u00e0 ce moment-l\u00e0, M.\u00a0Munson \u00e9tait un journaliste redout\u00e9 sur la Colline. Depuis lors, et pour toutes ces raisons, il a conserv\u00e9 une r\u00e9putation d\u2019homme redoutable. Je serai bref, \u00e9tant donn\u00e9 que vous \u00eates nombreux \u00e0 vouloir prendre la parole. Dans notre monde de communications \u00e9lectroniques, j\u2019ai plut\u00f4t opt\u00e9 pour un hommage envoy\u00e9 \u00e9lectroniquement. Vous trouverez, dans votre bo\u00eete de courriels, quelques liens vers de grands moments Munson, comme on les appelle souvent. L\u2019un d\u2019eux est l\u2019affrontement tr\u00e8s m\u00e9diatis\u00e9 entre M.\u00a0Trudeau p\u00e8re et lui. Croyez-moi, les deux n\u2019ont pas \u00e9t\u00e9 tr\u00e8s tendre l\u2019un envers l\u2019autre \u00e0 ce moment-l\u00e0, mais vous en jugerez par vous-m\u00eame quand vous verrez la vid\u00e9o. Un autre moment concerne son basculement vers le c\u00f4t\u00e9 obscur de la politique partisane, o\u00f9 il s\u2019est joint au personnel de M.\u00a0Chr\u00e9tien. J\u2019ai tent\u00e9 de trouver une vid\u00e9o de lui le jour o\u00f9, avec 30 autres s\u00e9nateurs, nous avons \u00e9t\u00e9 expuls\u00e9s du caucus lib\u00e9ral, mais j\u2019ai d\u00e9cid\u00e9 d\u2019oublier ce sujet.<\/p>\n<p>Comme je l\u2019ai mentionn\u00e9, j\u2019ai rencontr\u00e9 Jim en 1977 et depuis, ce furent 44 ann\u00e9es d\u2019amiti\u00e9, quel que soit le chapeau qu\u2019il portait. La pr\u00e9sence de Jim me manquera au S\u00e9nat, mais je ne doute pas un instant qu\u2019on le reverra dans les parages. Apr\u00e8s tout, il fait partie\u00a0de la Colline du Parlement depuis pr\u00e8s de 50\u00a0ans.<\/p>\n<p>Ginette et Jim, en vous rendant \u00e0 la \u00ab R\u00e9publique \u00bb, passez me voir \u00e0 Qu\u00e9bec. C\u2019est avec plaisir que je ferai avec Jim ce que je faisais au Cercle de la presse il y a presque 45\u00a0ans.<\/p>\n<p>\u00c0 bient\u00f4t, Jim et Ginette! Bonne retraite!<\/p>\n<p>Ceux qui nous regardent et qui souhaiteraient acc\u00e9der aux moments Munson n\u2019ont qu\u2019\u00e0 cliquer sur le lien qui se trouve dans le site Web du Groupe progressiste du S\u00e9nat.<\/p>\n<p>&nbsp;<\/p>\n<p><a href=\"https:\/\/sencanada.ca\/fr\/content\/sen\/chamber\/432\/debates\/047db_2021-06-09-f#8\" target=\"_blank\" rel=\"noopener\">Veuillez appuyer ici pour lire plusieurs hommages \u00e0 l&rsquo;honorable Jim Munson<\/a><\/p>\n","protected":false},"excerpt":{"rendered":"<p>L\u2019honorable Dennis Dawson :\u00a0J\u2019ai rencontr\u00e9 Jim en 1977 lorsque j\u2019ai \u00e9t\u00e9 \u00e9lu pour la premi\u00e8re fois \u00e0 l\u2019autre endroit. \u00c0 ce moment-l\u00e0, il couvrait d\u00e9j\u00e0 la vie politique sur la Colline depuis de nombreuses ann\u00e9es. Je peux confirmer pour notre ami le s\u00e9nateur Gold que, oui, le Cercle national de la presse \u00e9tait l\u2019un de&#8230;<\/p>\n","protected":false},"author":3,"featured_media":1924,"comment_status":"closed","ping_status":"closed","sticky":false,"template":"","format":"standard","meta":{"_acf_changed":false,"wds_primary_category":99,"footnotes":""},"categories":[99],"tags":[112],"senator_posts":[30],"class_list":["post-3112","post","type-post","status-publish","format-standard","has-post-thumbnail","hentry","category-declarations","tag-hommage","senator_posts-l-hon-dennis-dawson"],"acf":[],"_links":{"self":[{"href":"https:\/\/theprogressives.ca\/fr\/wp-json\/wp\/v2\/posts\/3112","targetHints":{"allow":["GET"]}}],"collection":[{"href":"https:\/\/theprogressives.ca\/fr\/wp-json\/wp\/v2\/posts"}],"about":[{"href":"https:\/\/theprogressives.ca\/fr\/wp-json\/wp\/v2\/types\/post"}],"author":[{"embeddable":true,"href":"https:\/\/theprogressives.ca\/fr\/wp-json\/wp\/v2\/users\/3"}],"replies":[{"embeddable":true,"href":"https:\/\/theprogressives.ca\/fr\/wp-json\/wp\/v2\/comments?post=3112"}],"version-history":[{"count":0,"href":"https:\/\/theprogressives.ca\/fr\/wp-json\/wp\/v2\/posts\/3112\/revisions"}],"wp:featuredmedia":[{"embeddable":true,"href":"https:\/\/theprogressives.ca\/fr\/wp-json\/wp\/v2\/media\/1924"}],"wp:attachment":[{"href":"https:\/\/theprogressives.ca\/fr\/wp-json\/wp\/v2\/media?parent=3112"}],"wp:term":[{"taxonomy":"category","embeddable":true,"href":"https:\/\/theprogressives.ca\/fr\/wp-json\/wp\/v2\/categories?post=3112"},{"taxonomy":"post_tag","embeddable":true,"href":"https:\/\/theprogressives.ca\/fr\/wp-json\/wp\/v2\/tags?post=3112"},{"taxonomy":"senator_posts","embeddable":true,"href":"https:\/\/theprogressives.ca\/fr\/wp-json\/wp\/v2\/senator_posts?post=3112"}],"curies":[{"name":"wp","href":"https:\/\/api.w.org\/{rel}","templated":true}]}}