{"id":3055,"date":"2021-06-03T14:42:59","date_gmt":"2021-06-03T18:42:59","guid":{"rendered":"https:\/\/theprogressives.ca\/?p=3055"},"modified":"2021-06-09T14:43:57","modified_gmt":"2021-06-09T18:43:57","slug":"le-musee-du-portrait-du-canada","status":"publish","type":"post","link":"https:\/\/theprogressives.ca\/fr\/au-senat\/declarations\/le-musee-du-portrait-du-canada\/","title":{"rendered":"Le Mus\u00e9e du portrait du Canada"},"content":{"rendered":"<p><b>L\u2019honorable Patricia Bovey :\u00a0<\/b>Merci, Votre Honneur, et merci au Groupe des s\u00e9nateurs canadiens de m\u2019avoir c\u00e9d\u00e9 une place. Quelques mois \u00e0 peine apr\u00e8s mon arriv\u00e9e dans cette auguste Chambre, 85\u00a0% d\u2019entre vous ont r\u00e9pondu \u00e0 mon invitation et ont sign\u00e9 une lettre appuyant le projet de Mus\u00e9e du portrait du Canada, dont la r\u00e9alisation avait \u00e9t\u00e9 entreprise, mais interrompue \u00e0 plusieurs reprises au fil des\u00a0ans. J\u2019ai \u00e9t\u00e9 ravie de me joindre aux anciens s\u00e9nateurs Grafstein, Joyal et Black, en Alberta, et de faire de mon mieux pour que le projet se r\u00e9alise.<\/p>\n<p>Aujourd\u2019hui, je suis tr\u00e8s heureuse de pouvoir dire que le projet de Mus\u00e9e du portrait du Canada avance bien.<\/p>\n<p>Lawson Hunter, pr\u00e9sident du conseil d\u2019administration, me fournit des mises \u00e0 jour r\u00e9guli\u00e8res. L\u2019organisme s\u2019est constitu\u00e9 en personne morale et a obtenu un num\u00e9ro d\u2019organisme de bienfaisance de l\u2019Agence du revenu du Canada. Son conseil d\u2019administration comprend des gens du monde des arts visuels et du monde des affaires. Son comit\u00e9 consultatif, lui, est plus large, et l\u2019ancienne s\u00e9natrice Charette-Poulin en fait partie.<\/p>\n<p>Joanne Charette, qui \u00e9tait cadre sup\u00e9rieure au Mus\u00e9e des beaux-arts du Canada, a \u00e9t\u00e9 nomm\u00e9e directrice du nouveau mus\u00e9e. Gr\u00e2ce \u00e0 des partenariats officiels avec la Fondation communautaire d\u2019Ottawa et la Royal Academy of Arts, le conseil d\u2019administration est parvenu \u00e0 recueillir suffisamment de fonds du secteur priv\u00e9 pour mener une \u00e9tude de faisabilit\u00e9, qui a \u00e9t\u00e9 publi\u00e9e il y a 18 mois et qui repr\u00e9sente un jalon important. Elle servira \u00e0 guider le travail \u00e0 venir, la clarification des politiques, la planification des programmes et maintenant l\u2019\u00e9valuation d\u2019un lieu de construction possible. Deux expositions virtuelles sont en pr\u00e9paration. La premi\u00e8re, de port\u00e9e nationale, est dirig\u00e9e par un conservateur d\u2019Ottawa. Elle devrait \u00eatre lanc\u00e9e en ao\u00fbt. La deuxi\u00e8me, pr\u00e9vue pour\u00a0janvier\u00a02022, est l\u2019\u0153uvre d\u2019un artiste autochtone de Winnipeg et sera dirig\u00e9e par l\u2019ancien conservateur d\u2019un mus\u00e9e de l\u2019Ouest du pays. D\u2019autres d\u00e9tails seront annonc\u00e9s bient\u00f4t.<\/p>\n<p>Qu\u2019est-ce qui d\u00e9finit un portrait, et quel est l\u2019objectif de cette nouvelle institution canadienne? Ce mus\u00e9e n\u2019aura pas comme r\u00f4le d\u2019immortaliser les portraits d\u2019anciens dirigeants blancs d\u00e9c\u00e9d\u00e9s ayant \u00e9t\u00e9 peints par des artistes blancs d\u00e9c\u00e9d\u00e9s. On cherchera plut\u00f4t \u00e0 c\u00e9l\u00e9brer la diversit\u00e9 des peuples du Canada et de l\u2019ensemble des artistes canadiens, pass\u00e9s et actuels, autochtones et de toutes les couleurs de peau. Le mus\u00e9e s\u2019emploiera aussi \u00e0 explorer les nombreuses techniques et les divers supports que les artistes utilisent pour cr\u00e9er leurs \u0153uvres\u00a0: peinture, imprim\u00e9, crayon, argile, cam\u00e9ra, ordinateur, film, vid\u00e9o, et j\u2019en passe. Je trouve leur travail stimulant et novateur, et ils sauront s\u00fbrement captiver les visiteurs et le public, comme cela a \u00e9t\u00e9 le cas dans les mus\u00e9es du portrait d\u2019Angleterre, d\u2019Australie et des \u00c9tats-Unis. Ce groupe travaille \u00e0 la mani\u00e8re canadienne, c\u2019est-\u00e0-dire par la consultation, l\u2019inclusion, la participation et l\u2019engagement et le professionnalisme.<\/p>\n<p>Chers coll\u00e8gues, vous comprendrez que j\u2019adore ces mises \u00e0 jour r\u00e9guli\u00e8res. Cet important projet offrira \u00e0 tous les Canadiens et aux visiteurs une fen\u00eatre sur notre pass\u00e9 et notre pr\u00e9sent \u00e0 un moment o\u00f9 la pand\u00e9mie a d\u00e9montr\u00e9 \u00e0 quel point il est important que le Canada soit de plus en plus autosuffisant et que nous c\u00e9l\u00e9brions notre nation et le r\u00f4le essentiel que les artistes jouent lorsque nous cherchons \u00e0 nous d\u00e9finir, en tant que Canadiens. Je f\u00e9licite toutes les personnes qui participent \u00e0 ce projet ainsi que Lawson Hunter pour son leadership. Je les f\u00e9licite pour ce qu\u2019ils ont r\u00e9alis\u00e9 depuis la premi\u00e8re fois que je vous ai demand\u00e9 votre appui, au d\u00e9but de 2017. Merci.<\/p>\n","protected":false},"excerpt":{"rendered":"<p>L\u2019honorable Patricia Bovey :\u00a0Merci, Votre Honneur, et merci au Groupe des s\u00e9nateurs canadiens de m\u2019avoir c\u00e9d\u00e9 une place. Quelques mois \u00e0 peine apr\u00e8s mon arriv\u00e9e dans cette auguste Chambre, 85\u00a0% d\u2019entre vous ont r\u00e9pondu \u00e0 mon invitation et ont sign\u00e9 une lettre appuyant le projet de Mus\u00e9e du portrait du Canada, dont la r\u00e9alisation avait&#8230;<\/p>\n","protected":false},"author":3,"featured_media":2022,"comment_status":"closed","ping_status":"closed","sticky":false,"template":"","format":"standard","meta":{"_acf_changed":false,"wds_primary_category":99,"footnotes":""},"categories":[99],"tags":[],"senator_posts":[35],"class_list":["post-3055","post","type-post","status-publish","format-standard","has-post-thumbnail","hentry","category-declarations","senator_posts-l-hon-patricia-bovey"],"acf":[],"_links":{"self":[{"href":"https:\/\/theprogressives.ca\/fr\/wp-json\/wp\/v2\/posts\/3055","targetHints":{"allow":["GET"]}}],"collection":[{"href":"https:\/\/theprogressives.ca\/fr\/wp-json\/wp\/v2\/posts"}],"about":[{"href":"https:\/\/theprogressives.ca\/fr\/wp-json\/wp\/v2\/types\/post"}],"author":[{"embeddable":true,"href":"https:\/\/theprogressives.ca\/fr\/wp-json\/wp\/v2\/users\/3"}],"replies":[{"embeddable":true,"href":"https:\/\/theprogressives.ca\/fr\/wp-json\/wp\/v2\/comments?post=3055"}],"version-history":[{"count":0,"href":"https:\/\/theprogressives.ca\/fr\/wp-json\/wp\/v2\/posts\/3055\/revisions"}],"wp:featuredmedia":[{"embeddable":true,"href":"https:\/\/theprogressives.ca\/fr\/wp-json\/wp\/v2\/media\/2022"}],"wp:attachment":[{"href":"https:\/\/theprogressives.ca\/fr\/wp-json\/wp\/v2\/media?parent=3055"}],"wp:term":[{"taxonomy":"category","embeddable":true,"href":"https:\/\/theprogressives.ca\/fr\/wp-json\/wp\/v2\/categories?post=3055"},{"taxonomy":"post_tag","embeddable":true,"href":"https:\/\/theprogressives.ca\/fr\/wp-json\/wp\/v2\/tags?post=3055"},{"taxonomy":"senator_posts","embeddable":true,"href":"https:\/\/theprogressives.ca\/fr\/wp-json\/wp\/v2\/senator_posts?post=3055"}],"curies":[{"name":"wp","href":"https:\/\/api.w.org\/{rel}","templated":true}]}}