{"id":3027,"date":"2021-06-01T11:16:32","date_gmt":"2021-06-01T15:16:32","guid":{"rendered":"https:\/\/theprogressives.ca\/?p=3027"},"modified":"2021-06-09T11:17:06","modified_gmt":"2021-06-09T15:17:06","slug":"hommage-aux-arts-a-la-culture-et-aux-traditions-autochtones","status":"publish","type":"post","link":"https:\/\/theprogressives.ca\/fr\/au-senat\/declarations\/hommage-aux-arts-a-la-culture-et-aux-traditions-autochtones\/","title":{"rendered":"Hommage aux arts, \u00e0 la culture et aux traditions autochtones"},"content":{"rendered":"<p><b>L\u2019honorable Patricia Bovey :\u00a0<\/b>Honorables s\u00e9nateurs, comme tous les Canadiens, j\u2019ai \u00e9t\u00e9 choqu\u00e9e par l\u2019horreur de la d\u00e9couverte des corps de 215 enfants autochtones au pensionnat autochtone de Kamloops. Je ne peux imaginer la douleur \u00e9prouv\u00e9e par les survivants des pensionnats et les communaut\u00e9s autochtones, qui revivent ainsi leur pass\u00e9. Les pri\u00e8res et la compassion sont sinc\u00e8res, mais insuffisantes.<\/p>\n<p>Comment ces vies innocentes ont-elles \u00e9t\u00e9 vol\u00e9es? J\u2019ai d\u00e9j\u00e0 parl\u00e9 de la conversation poignante que j\u2019ai eue au d\u00e9but des ann\u00e9es 1980 avec l\u2019artiste kwakwaka\u2019wakw Art Thompson, un survivant du pensionnat autochtone d\u2019Alberni, sur l\u2019\u00eele de Vancouver. J\u2019\u00e9tais alors directrice du Mus\u00e9e des beaux-arts du Grand Victoria, et je pr\u00e9parais une exposition sur ses incroyables \u0153uvres. Il a demand\u00e9 \u00e0 me parler en priv\u00e9. Quelques heures plus tard, apr\u00e8s avoir entendu son histoire, j\u2019\u00e9tais transform\u00e9e \u00e0 tout jamais. J\u2019ai \u00e9t\u00e9 tr\u00e8s attrist\u00e9e qu\u2019Art meure avant la cr\u00e9ation de la Commission de v\u00e9rit\u00e9 et r\u00e9conciliation.<\/p>\n<p>J\u2019ai aussi d\u00e9j\u00e0 parl\u00e9 des \u0153uvres \u00e9vocatrices poignantes d\u2019artistes canadiens au sujet de l\u2019immoralit\u00e9 et des r\u00e9percussions des pensionnats autochtones. Nombre d\u2019entre eux expriment leur r\u00e9alit\u00e9 personnelle. Je me souviens de trois de ces \u0153uvres :\u00a0<i>The Lesson<\/i>, par l\u2019artiste albertaine Joane Cardinal Schubert,\u00a0<i>Sandy Bay<\/i>, par Robert Houle, et\u00a0<i>The Assiniboine Fool Society<\/i>, par Jane Ash Poitras. Elles repr\u00e9sentent l\u2019ensevelissement de leurs connaissances et de leurs langues traditionnelles. Ces pensionnats isol\u00e9s, semblables \u00e0 des prisons, illustrent le caract\u00e8re inappropri\u00e9 de ce programme uniquement colonialiste. La v\u00e9rit\u00e9 doit surgir.<\/p>\n<p>Au Manitoba, ma province natale, j\u2019ai eu l\u2019occasion de travailler \u00e0 deux projets de centres culturels devant mettre \u00e0 l\u2019honneur l\u2019art, la culture et les traditions autochtones. L\u2019un \u00e9tait avec la nation des Dakotas de Sioux Valley pr\u00e8s de Brandon, et l\u2019autre avait pour objectif la cr\u00e9ation d\u2019un centre des arts autochtones dans le Nord du Manitoba. Dans les deux cas, le manque de financement et les tracasseries administratives aux \u00e9chelons provincial et f\u00e9d\u00e9ral faisaient obstacle. Il faut que cela change \u00e0 l\u2019avenir. La douleur caus\u00e9e par les pensionnats autochtones \u00e9tait manifeste dans mes rencontres avec ces gens. Les r\u00e9cits d\u2019Art Thompson m\u2019ont chang\u00e9e, mais ce fut de nouveau le cas, et doublement.<\/p>\n<p>En 2008, la pr\u00e9sidente-directrice g\u00e9n\u00e9rale du Conseil tribal du Keewatin, Sharon McKay, \u00e9tait d\u2019avis que la Galerie d\u2019art d\u2019Affaires autochtones et D\u00e9veloppement du Nord Canada devait\u00a0:<\/p>\n<p style=\"padding-left: 40px;\">[&#8230;] s\u2019inspirer des traditions culturelles autochtones, afin de donner une voix aux Autochtones et de sauvegarder leurs pratiques culturelles pour \u00e9viter que celles-ci ne disparaissent. Le lieu doit d\u2019\u00eatre inclusif, mais aussi prot\u00e9ger les gens et leur permettre de d\u00e9ployer leurs ailes.<\/p>\n<p>Dans le cas du Centre autochtone des Plaines du Nord, il \u00e9tait devenu manifeste en 2006 que le Sud-Ouest du Manitoba avait besoin d\u2019un endroit pour \u00ab c\u00e9l\u00e9brer les origines et les accomplissements des peuples autochtones \u00bb offrant un juste milieu entre la formation et les traditions culturelles. Le rapatriement jouait un r\u00f4le essentiel.<\/p>\n<p>Honorables s\u00e9nateurs, je m\u2019engage \u00e0 faire tout ce que je peux pour faire avancer la r\u00e9conciliation. Je crains qu\u2019il y ait d\u2019autres terribles d\u00e9couvertes. La v\u00e9rit\u00e9 doit l\u2019emporter. Il est temps d\u2019agir. Je vous remercie depuis les territoires du Trait\u00e9 n<sup>o<\/sup>\u00a01, qui couvrent les terres traditionnelles des Anishinaabes, des Cris, des Oji-Cris, des Dakotas et des D\u00e9n\u00e9s, au c\u0153ur de la patrie de la nation m\u00e9tisse.<\/p>\n","protected":false},"excerpt":{"rendered":"<p>L\u2019honorable Patricia Bovey :\u00a0Honorables s\u00e9nateurs, comme tous les Canadiens, j\u2019ai \u00e9t\u00e9 choqu\u00e9e par l\u2019horreur de la d\u00e9couverte des corps de 215 enfants autochtones au pensionnat autochtone de Kamloops. Je ne peux imaginer la douleur \u00e9prouv\u00e9e par les survivants des pensionnats et les communaut\u00e9s autochtones, qui revivent ainsi leur pass\u00e9. Les pri\u00e8res et la compassion sont&#8230;<\/p>\n","protected":false},"author":3,"featured_media":2016,"comment_status":"closed","ping_status":"closed","sticky":false,"template":"","format":"standard","meta":{"_acf_changed":false,"wds_primary_category":99,"footnotes":""},"categories":[99],"tags":[],"senator_posts":[35],"class_list":["post-3027","post","type-post","status-publish","format-standard","has-post-thumbnail","hentry","category-declarations","senator_posts-l-hon-patricia-bovey"],"acf":[],"_links":{"self":[{"href":"https:\/\/theprogressives.ca\/fr\/wp-json\/wp\/v2\/posts\/3027","targetHints":{"allow":["GET"]}}],"collection":[{"href":"https:\/\/theprogressives.ca\/fr\/wp-json\/wp\/v2\/posts"}],"about":[{"href":"https:\/\/theprogressives.ca\/fr\/wp-json\/wp\/v2\/types\/post"}],"author":[{"embeddable":true,"href":"https:\/\/theprogressives.ca\/fr\/wp-json\/wp\/v2\/users\/3"}],"replies":[{"embeddable":true,"href":"https:\/\/theprogressives.ca\/fr\/wp-json\/wp\/v2\/comments?post=3027"}],"version-history":[{"count":0,"href":"https:\/\/theprogressives.ca\/fr\/wp-json\/wp\/v2\/posts\/3027\/revisions"}],"wp:featuredmedia":[{"embeddable":true,"href":"https:\/\/theprogressives.ca\/fr\/wp-json\/wp\/v2\/media\/2016"}],"wp:attachment":[{"href":"https:\/\/theprogressives.ca\/fr\/wp-json\/wp\/v2\/media?parent=3027"}],"wp:term":[{"taxonomy":"category","embeddable":true,"href":"https:\/\/theprogressives.ca\/fr\/wp-json\/wp\/v2\/categories?post=3027"},{"taxonomy":"post_tag","embeddable":true,"href":"https:\/\/theprogressives.ca\/fr\/wp-json\/wp\/v2\/tags?post=3027"},{"taxonomy":"senator_posts","embeddable":true,"href":"https:\/\/theprogressives.ca\/fr\/wp-json\/wp\/v2\/senator_posts?post=3027"}],"curies":[{"name":"wp","href":"https:\/\/api.w.org\/{rel}","templated":true}]}}