{"id":2899,"date":"2021-05-04T15:14:43","date_gmt":"2021-05-04T19:14:43","guid":{"rendered":"https:\/\/theprogressives.ca\/?p=2899"},"modified":"2021-06-03T15:17:11","modified_gmt":"2021-06-03T19:17:11","slug":"le-deces-de-joan-fraser","status":"publish","type":"post","link":"https:\/\/theprogressives.ca\/fr\/au-senat\/declarations\/le-deces-de-joan-fraser\/","title":{"rendered":"Le d\u00e9c\u00e8s de Joan Fraser"},"content":{"rendered":"<p><b>L\u2019honorable Terry M.\u00a0Mercer :\u00a0<\/b>Honorables s\u00e9nateurs, c\u2019est avec beaucoup de tristesse que j\u2019ai appris en\u00a0mars\u00a0le d\u00e9c\u00e8s de Joan Fraser, d\u2019Halifax, une amie tr\u00e8s ch\u00e8re.<\/p>\n<p>Joan a grandi au Nouveau-Brunswick avant de d\u00e9m\u00e9nager \u00e0 Wolfville, en Nouvelle-\u00c9cosse, pour \u00e9tudier \u00e0 l\u2019Universit\u00e9 Acadia. Apr\u00e8s l\u2019obtention de son dipl\u00f4me, elle a travaill\u00e9 pour l\u2019Imp\u00e9riale et les Lignes a\u00e9riennes Trans-Canada \u00e0 Halifax. Plus tard, elle a \u00e9t\u00e9 nomm\u00e9e juge \u00e0 la Cour de la citoyennet\u00e9 canadienne.<\/p>\n<p>Joan a ensuite occup\u00e9 la fonction de directrice g\u00e9n\u00e9rale de la Fondation des maladies du c\u0153ur et de l\u2019AVC de la Nouvelle-\u00c9cosse jusqu\u2019\u00e0 sa retraite en 2002.<\/p>\n<p>On se souviendra surtout de Joan pour son engagement communautaire. Elle avait un brillant esprit politique et manifestait invariablement son appui \u00e0 une cause en faisant preuve d\u2019assiduit\u00e9 et de pers\u00e9v\u00e9rance, le tout avec un brin d\u2019humour et un sourire contagieux.<\/p>\n<p>Joan a si\u00e9g\u00e9 \u00e0 de nombreux conseils d\u2019administration et comit\u00e9s consultatifs \u00e0 titre de b\u00e9n\u00e9vole. Du Conseil consultatif canadien sur la situation de la femme au conseil d\u2019administration du Queen Elizabeth II Health Sciences Centre \u00e0 Halifax, Joan aimait d\u00e9fendre les int\u00e9r\u00eats des gens.<\/p>\n<p>Honorables s\u00e9nateurs, Joan \u00e9tait l\u2019\u00e9g\u00e9rie lib\u00e9rale des lib\u00e9raux. Parmi le nombre incalculable de personnes qui l\u2019ont connue, bon nombre, au sein du Parti lib\u00e9ral, sont all\u00e9s \u00e0 \u00ab l\u2019institut des \u00e9tudes politiques de Joan Fraser \u00bb. Je suis d\u2019ailleurs un de ses \u00ab dipl\u00f4m\u00e9s \u00bb et elle m\u2019a beaucoup appris. Je suis tr\u00e8s fier d\u2019\u00eatre un f\u00e9ministe; je le dois \u00e0 Joan, qui a \u00e9t\u00e9 une chef de file en mati\u00e8re de condition f\u00e9minine, et \u00e0 ses conseils.<\/p>\n<p>En campagne \u00e9lectorale, les appels t\u00e9l\u00e9phoniques et le porte-\u00e0-porte sont au c\u0153ur de toute strat\u00e9gie gagnante et Joan s\u2019assurait qu\u2019on aille voir les gens et qu\u2019on les appelle. Elle croyait dans les gens, notamment dans leur capacit\u00e9 d\u2019am\u00e9liorer les choses, et elle \u00e9tait convaincue qu\u2019il fallait respecter l\u2019opinion de tous.<\/p>\n<p>Honorables s\u00e9nateurs, Joan n\u2019a jamais eu peur de dire la v\u00e9rit\u00e9 \u00e0 ceux qui \u00e9taient au pouvoir, et elle avait bien raison. Sa t\u00e9nacit\u00e9, sa d\u00e9termination et sa personnalit\u00e9 chaleureuse et authentique manqueront \u00e0 bien des gens. J\u2019offre mes condol\u00e9ances \u00e0 Susan, Janice et Peter, \u00e0 sa famille et \u00e0 ses amis ainsi qu\u2019\u00e0 tous ceux qui l\u2019ont connue. Joan, vous nous manquerez.<\/p>\n","protected":false},"excerpt":{"rendered":"<p>L\u2019honorable Terry M.\u00a0Mercer :\u00a0Honorables s\u00e9nateurs, c\u2019est avec beaucoup de tristesse que j\u2019ai appris en\u00a0mars\u00a0le d\u00e9c\u00e8s de Joan Fraser, d\u2019Halifax, une amie tr\u00e8s ch\u00e8re. Joan a grandi au Nouveau-Brunswick avant de d\u00e9m\u00e9nager \u00e0 Wolfville, en Nouvelle-\u00c9cosse, pour \u00e9tudier \u00e0 l\u2019Universit\u00e9 Acadia. Apr\u00e8s l\u2019obtention de son dipl\u00f4me, elle a travaill\u00e9 pour l\u2019Imp\u00e9riale et les Lignes a\u00e9riennes Trans-Canada&#8230;<\/p>\n","protected":false},"author":3,"featured_media":1974,"comment_status":"closed","ping_status":"closed","sticky":false,"template":"","format":"standard","meta":{"_acf_changed":false,"wds_primary_category":99,"footnotes":""},"categories":[99],"tags":[],"senator_posts":[39],"class_list":["post-2899","post","type-post","status-publish","format-standard","has-post-thumbnail","hentry","category-declarations","senator_posts-l-hon-terry-mercer"],"acf":[],"_links":{"self":[{"href":"https:\/\/theprogressives.ca\/fr\/wp-json\/wp\/v2\/posts\/2899","targetHints":{"allow":["GET"]}}],"collection":[{"href":"https:\/\/theprogressives.ca\/fr\/wp-json\/wp\/v2\/posts"}],"about":[{"href":"https:\/\/theprogressives.ca\/fr\/wp-json\/wp\/v2\/types\/post"}],"author":[{"embeddable":true,"href":"https:\/\/theprogressives.ca\/fr\/wp-json\/wp\/v2\/users\/3"}],"replies":[{"embeddable":true,"href":"https:\/\/theprogressives.ca\/fr\/wp-json\/wp\/v2\/comments?post=2899"}],"version-history":[{"count":0,"href":"https:\/\/theprogressives.ca\/fr\/wp-json\/wp\/v2\/posts\/2899\/revisions"}],"wp:featuredmedia":[{"embeddable":true,"href":"https:\/\/theprogressives.ca\/fr\/wp-json\/wp\/v2\/media\/1974"}],"wp:attachment":[{"href":"https:\/\/theprogressives.ca\/fr\/wp-json\/wp\/v2\/media?parent=2899"}],"wp:term":[{"taxonomy":"category","embeddable":true,"href":"https:\/\/theprogressives.ca\/fr\/wp-json\/wp\/v2\/categories?post=2899"},{"taxonomy":"post_tag","embeddable":true,"href":"https:\/\/theprogressives.ca\/fr\/wp-json\/wp\/v2\/tags?post=2899"},{"taxonomy":"senator_posts","embeddable":true,"href":"https:\/\/theprogressives.ca\/fr\/wp-json\/wp\/v2\/senator_posts?post=2899"}],"curies":[{"name":"wp","href":"https:\/\/api.w.org\/{rel}","templated":true}]}}