{"id":2859,"date":"2021-04-20T11:32:06","date_gmt":"2021-04-20T15:32:06","guid":{"rendered":"https:\/\/theprogressives.ca\/?p=2859"},"modified":"2021-06-02T11:32:21","modified_gmt":"2021-06-02T15:32:21","slug":"le-deces-de-donald-creighton-rae-sobey-o-c","status":"publish","type":"post","link":"https:\/\/theprogressives.ca\/fr\/au-senat\/declarations\/le-deces-de-donald-creighton-rae-sobey-o-c\/","title":{"rendered":"Le d\u00e9c\u00e8s de Donald Creighton Rae Sobey, O.C."},"content":{"rendered":"<p><b>L\u2019honorable Patricia Bovey :\u00a0<\/b>Honorables s\u00e9nateurs, le Canada a perdu un tr\u00e9sor national le 24 mars, lors du d\u00e9c\u00e8s de Donald Sobey. Homme d\u2019affaires accompli, ce fils du fondateur de Sobeys a \u00e9t\u00e9 pendant de longues ann\u00e9es directeur de la soci\u00e9t\u00e9 m\u00e8re, avant d\u2019en devenir le pr\u00e9sident du conseil d\u2019administration. Don \u00e9tait un philanthrope v\u00e9ritablement g\u00e9n\u00e9reux envers le monde des arts, de l\u2019\u00e9ducation et de la recherche ainsi qu\u2019envers la communaut\u00e9. Il avait une envergure nationale, aussi bien pour les affaires que pour les arts. J\u2019ai eu l\u2019immense privil\u00e8ge de si\u00e9ger au conseil d\u2019administration du Mus\u00e9e des beaux-arts du Canada pendant que Don Sobey en \u00e9tait le pr\u00e9sident, de 2002 \u00e0 2008. L\u2019art et la culture se trouvaient au c\u0153ur de ses valeurs.<\/p>\n<p>Sa connaissance de l\u2019art \u00e9tait in\u00e9puisable. Son amour de la collection en d\u00e9veloppement, des expositions, et surtout du travail des jeunes artistes \u00e9tait palpable. Ses qualit\u00e9s de meneur et ses comp\u00e9tences en gestion \u00e9taient tout aussi \u00e9videntes. Il faisait toujours preuve d\u2019une grande pr\u00e9voyance \u00e0 l\u2019\u00e9gard de l\u2019\u00e9tablissement\u00a0: son personnel, ses programmes, son \u00e9difice et sa sant\u00e9 financi\u00e8re. Il a jou\u00e9 un r\u00f4le pr\u00e9pond\u00e9rant dans l\u2019acquisition d\u2019\u0153uvres du premier r\u00e9cipiendaire du prix Sobey pour les arts, Brian Jungen, du peintre Peter Doig, de la sculptrice Louise Bourgeois, ainsi que des \u0153uvres expos\u00e9es en public comme la sculpture de Michel de Broin,\u00a0<i>Majestic<\/i>, et\u00a0<i>Chevaux au galop<\/i>, de Joe Fafard.<\/p>\n<p>Toute la population peut admirer les \u0153uvres de Bourgeois et de Fafard \u00e0 l\u2019ext\u00e9rieur du Mus\u00e9e des beaux-arts. Don Sobey \u00e9tait \u00e0 la fois chaleureux et solide comme le roc, en plus d\u2019\u00eatre une \u00e2me charitable.<\/p>\n<p>Don a fond\u00e9 en 2002 le tr\u00e8s prestigieux prix Sobey qui r\u00e9compense les jeunes artistes contemporains. Ce prix annuel a depuis lanc\u00e9 la carri\u00e8re d\u2019un grand nombre d\u2019artistes. Compte tenu de la COVID-19, Don a r\u00e9parti \u00e9galement les bourses de l\u2019an dernier entre tous les finalistes. Cette ann\u00e9e, les candidatures ont \u00e9t\u00e9 ouvertes aux plus de 40\u00a0ans pour inclure tous les artistes \u00e9mergents, et les bourses ont \u00e9t\u00e9 bonifi\u00e9es pour atteindre une valeur de plus de 400\u00a0000 $, \u00ab ce qui en a fait le prix d\u2019art international le plus g\u00e9n\u00e9reux \u00bb, comme l\u2019a soulign\u00e9 la publication\u00a0<i>The Art Newspaper<\/i>.<\/p>\n<p>C\u2019\u00e9tait un v\u00e9ritable plaisir de visiter la demeure des Sobey et de d\u00e9couvrir leur collection priv\u00e9e. Je n\u2019oublierai jamais les \u0153uvres que j\u2019y ai vues ni leur disposition\u00a0\u2014 c\u2019\u00e9tait magnifique. Son \u0153il ne le trompait jamais. Nous avons parl\u00e9 d\u2019art, de ses acquisitions et des expositions internationales qu\u2019il avait vues. Il revenait souvent sur les expositions de Londres, particuli\u00e8rement sur celles de Peter Doig.<\/p>\n<p>Don accordait aussi beaucoup d\u2019importance \u00e0 la recherche, \u00e0 l\u2019\u00e9ducation et \u00e0 la communaut\u00e9. L\u2019Universit\u00e9 Dalhousie, l\u2019Universit\u00e9 Queen\u2019s et le Mus\u00e9e des beaux-arts de la Nouvelle-\u00c9cosse ne sont que quelques-unes des institutions qui ont profit\u00e9 de sa sagesse, de sa philanthropie et de son int\u00e9r\u00eat. Au nom des artistes et des organismes de partout au Canada, j\u2019offre mes sinc\u00e8res condol\u00e9ances \u00e0 son \u00e9pouse Beth et \u00e0 sa famille. Ses yeux rieurs, son regard p\u00e9n\u00e9trant et son int\u00e9r\u00eat v\u00e9ritable pour le monde cr\u00e9atif et la nature qui l\u2019entouraient nous manqueront beaucoup. Merci.<\/p>\n","protected":false},"excerpt":{"rendered":"<p>L\u2019honorable Patricia Bovey :\u00a0Honorables s\u00e9nateurs, le Canada a perdu un tr\u00e9sor national le 24 mars, lors du d\u00e9c\u00e8s de Donald Sobey. Homme d\u2019affaires accompli, ce fils du fondateur de Sobeys a \u00e9t\u00e9 pendant de longues ann\u00e9es directeur de la soci\u00e9t\u00e9 m\u00e8re, avant d\u2019en devenir le pr\u00e9sident du conseil d\u2019administration. Don \u00e9tait un philanthrope v\u00e9ritablement g\u00e9n\u00e9reux&#8230;<\/p>\n","protected":false},"author":3,"featured_media":1950,"comment_status":"closed","ping_status":"closed","sticky":false,"template":"","format":"standard","meta":{"_acf_changed":false,"wds_primary_category":99,"footnotes":""},"categories":[99],"tags":[],"senator_posts":[35],"class_list":["post-2859","post","type-post","status-publish","format-standard","has-post-thumbnail","hentry","category-declarations","senator_posts-l-hon-patricia-bovey"],"acf":[],"_links":{"self":[{"href":"https:\/\/theprogressives.ca\/fr\/wp-json\/wp\/v2\/posts\/2859","targetHints":{"allow":["GET"]}}],"collection":[{"href":"https:\/\/theprogressives.ca\/fr\/wp-json\/wp\/v2\/posts"}],"about":[{"href":"https:\/\/theprogressives.ca\/fr\/wp-json\/wp\/v2\/types\/post"}],"author":[{"embeddable":true,"href":"https:\/\/theprogressives.ca\/fr\/wp-json\/wp\/v2\/users\/3"}],"replies":[{"embeddable":true,"href":"https:\/\/theprogressives.ca\/fr\/wp-json\/wp\/v2\/comments?post=2859"}],"version-history":[{"count":0,"href":"https:\/\/theprogressives.ca\/fr\/wp-json\/wp\/v2\/posts\/2859\/revisions"}],"wp:featuredmedia":[{"embeddable":true,"href":"https:\/\/theprogressives.ca\/fr\/wp-json\/wp\/v2\/media\/1950"}],"wp:attachment":[{"href":"https:\/\/theprogressives.ca\/fr\/wp-json\/wp\/v2\/media?parent=2859"}],"wp:term":[{"taxonomy":"category","embeddable":true,"href":"https:\/\/theprogressives.ca\/fr\/wp-json\/wp\/v2\/categories?post=2859"},{"taxonomy":"post_tag","embeddable":true,"href":"https:\/\/theprogressives.ca\/fr\/wp-json\/wp\/v2\/tags?post=2859"},{"taxonomy":"senator_posts","embeddable":true,"href":"https:\/\/theprogressives.ca\/fr\/wp-json\/wp\/v2\/senator_posts?post=2859"}],"curies":[{"name":"wp","href":"https:\/\/api.w.org\/{rel}","templated":true}]}}