{"id":2789,"date":"2021-03-30T15:03:21","date_gmt":"2021-03-30T19:03:21","guid":{"rendered":"https:\/\/theprogressives.ca\/?p=2789"},"modified":"2021-06-02T11:34:18","modified_gmt":"2021-06-02T15:34:18","slug":"la-journee-mondiale-de-sensibilisation-a-lautisme","status":"publish","type":"post","link":"https:\/\/theprogressives.ca\/fr\/au-senat\/declarations\/la-journee-mondiale-de-sensibilisation-a-lautisme\/","title":{"rendered":"La Journ\u00e9e mondiale de sensibilisation \u00e0 l\u2019autisme"},"content":{"rendered":"<p><b>L\u2019honorable Jim Munson :\u00a0<\/b>Honorables s\u00e9nateurs, je d\u00e9die ma d\u00e9claration d\u2019aujourd\u2019hui \u00e0 un jeune homme nomm\u00e9 Gavin. \u00c2g\u00e9 de 9\u00a0ans, Gavin est le petit-fils de la s\u00e9natrice Wanda Thomas Bernard.<\/p>\n<p>Honorables s\u00e9nateurs, le 2\u00a0avril\u00a0est la Journ\u00e9e mondiale de sensibilisation \u00e0 l\u2019autisme. C\u2019est inscrit dans la loi au pays. Pour la derni\u00e8re fois en cette enceinte, neuf\u00a0ans apr\u00e8s la promulgation de la loi qui la d\u00e9signe, j\u2019ai l\u2019honneur et le privil\u00e8ge de prendre la parole pour c\u00e9l\u00e9brer la Journ\u00e9e mondiale de sensibilisation \u00e0 l\u2019autisme.<\/p>\n<p>\u00c0 mon arriv\u00e9e sur la Colline \u00e0 titre de s\u00e9nateur en 2003, comme tant d\u2019autres, je ne comprenais pas tr\u00e8s bien la r\u00e9alit\u00e9 des familles qui vivent avec l\u2019autisme. Cela a chang\u00e9 lorsque je me suis arr\u00eat\u00e9 pour discuter avec un parent manifestant pr\u00e8s de la flamme du centenaire pendant son heure de d\u00eener. Il r\u00e9clamait d\u00e9sesp\u00e9r\u00e9ment du soutien pour son fils autiste. Cet entretien a fait jaillir une \u00e9tincelle en moi et m\u2019a convaincu que je devais me servir de mes fonctions pour lui venir en aide.<\/p>\n<p>En tant que soci\u00e9t\u00e9, nous avons fait beaucoup de progr\u00e8s pour ce qui est d\u2019accepter, de comprendre et de soutenir les familles qui vivent avec l\u2019autisme. Toutefois, il reste toujours plus \u00e0 faire.<\/p>\n<p>Honorables s\u00e9nateurs, nous tous ici devrions \u00eatre fiers du r\u00f4le que nous avons jou\u00e9 dans cette avanc\u00e9e. Au d\u00e9but, j\u2019ai attir\u00e9 l\u2019attention du S\u00e9nat sur la question avec une interpellation. Par la suite, sous la pr\u00e9sidence des s\u00e9nateurs Keon et Eggleton, le Comit\u00e9 s\u00e9natorial permanent des affaires sociales, des sciences et de la technologie a r\u00e9alis\u00e9 une \u00e9tude sans pr\u00e9c\u00e9dent qui a eu des retomb\u00e9es majeures. Le comit\u00e9 a recueilli les t\u00e9moignages de Canadiens souffrants d\u2019autisme, d\u2019experts en neurologie, de m\u00e9decins et de d\u00e9fenseurs de la cause des autistes dans la soci\u00e9t\u00e9. C\u2019est le rapport\u00a0<i>Payez maintenant ou payez plus tard\u00a0: les familles d\u2019enfants autistes en crise<\/i>\u00a0qui a donn\u00e9 une voix \u00e0 la communaut\u00e9 de l\u2019autisme. Ce titre est inspir\u00e9 des mots prononc\u00e9s par une personne atteinte du syndrome d\u2019Asperger qui a comparu devant notre comit\u00e9. Elle a d\u00e9clar\u00e9\u00a0: \u00ab S\u00e9nateurs, si vous ne payez pas aujourd\u2019hui, vous devrez payer plus tard. \u00bb Aujourd\u2019hui, nous sommes dans le \u00ab plus tard \u00bb, sans aucun doute, mais ces propos f\u00e9d\u00e9rateurs qui catalysent encore l\u2019action continuent d\u2019\u00eatre une r\u00e9f\u00e9rence dans la communaut\u00e9 de l\u2019autisme et illustrent bien ses besoins.<\/p>\n<p>\u00c0 l\u2019\u00e9poque, j\u2019avais des liens tr\u00e8s \u00e9troits avec cette communaut\u00e9 et je ne voulais pas que nos efforts s\u2019essoufflent. J\u2019ai donc pr\u00e9sent\u00e9 un projet de loi visant \u00e0 instituer la Journ\u00e9e mondiale de sensibilisation \u00e0 l\u2019autisme pour la premi\u00e8re fois en 2008. Le projet de loi n\u2019a pas \u00e9t\u00e9 adopt\u00e9 cette ann\u00e9e-l\u00e0, mais il a fini par l\u2019\u00eatre en 2012, \u00e0 la cinqui\u00e8me tentative. Quoi qu\u2019il en soit, ce fut une d\u00e9marche qui en valait la peine.<\/p>\n<p>En cours de route, j\u2019ai pu d\u00e9fendre la cause de l\u2019autisme aupr\u00e8s de d\u00e9put\u00e9s et de s\u00e9nateurs et en faire des alli\u00e9s de la communaut\u00e9 de l\u2019autisme. Ces l\u00e9gislateurs, qui sont toujours des alli\u00e9s aujourd\u2019hui, comprennent l\u2019importance et la n\u00e9cessit\u00e9 de doter notre pays d\u2019une strat\u00e9gie nationale de l\u2019autisme, qui conjuguerait les ressources et aplanirait les obstacles que rencontrent les familles touch\u00e9es par l\u2019autisme au Canada. Aujourd\u2019hui, le gouvernement travaille sur une strat\u00e9gie nationale de l\u2019autisme. Il y en aura une, et tous les partis sont d\u2019accord.<\/p>\n<p>En conclusion, honorables s\u00e9nateurs, nous avons l\u2019obligation de repr\u00e9senter les minorit\u00e9s. Ce faisant, nous pouvons avoir un effet b\u00e9n\u00e9fique sur le sort des Canadiens. Chers coll\u00e8gues, n\u2019abandonnez jamais ce genre de qu\u00eate, peu importe le temps qu\u2019il faut pour en atteindre le but. Je souhaite \u00e0 tous une bonne Journ\u00e9e mondiale de sensibilisation \u00e0 l\u2019autisme, le 2 avril. Je remercie tous ceux qui m\u2019ont aid\u00e9 dans ce p\u00e9riple. Gavin, c\u2019est pour toi.<\/p>\n","protected":false},"excerpt":{"rendered":"<p>L\u2019honorable Jim Munson :\u00a0Honorables s\u00e9nateurs, je d\u00e9die ma d\u00e9claration d\u2019aujourd\u2019hui \u00e0 un jeune homme nomm\u00e9 Gavin. \u00c2g\u00e9 de 9\u00a0ans, Gavin est le petit-fils de la s\u00e9natrice Wanda Thomas Bernard. Honorables s\u00e9nateurs, le 2\u00a0avril\u00a0est la Journ\u00e9e mondiale de sensibilisation \u00e0 l\u2019autisme. C\u2019est inscrit dans la loi au pays. Pour la derni\u00e8re fois en cette enceinte, neuf\u00a0ans&#8230;<\/p>\n","protected":false},"author":3,"featured_media":2046,"comment_status":"closed","ping_status":"closed","sticky":false,"template":"","format":"standard","meta":{"_acf_changed":false,"wds_primary_category":99,"footnotes":""},"categories":[99],"tags":[],"senator_posts":[32],"class_list":["post-2789","post","type-post","status-publish","format-standard","has-post-thumbnail","hentry","category-declarations","senator_posts-l-hon-jim-munson"],"acf":[],"_links":{"self":[{"href":"https:\/\/theprogressives.ca\/fr\/wp-json\/wp\/v2\/posts\/2789","targetHints":{"allow":["GET"]}}],"collection":[{"href":"https:\/\/theprogressives.ca\/fr\/wp-json\/wp\/v2\/posts"}],"about":[{"href":"https:\/\/theprogressives.ca\/fr\/wp-json\/wp\/v2\/types\/post"}],"author":[{"embeddable":true,"href":"https:\/\/theprogressives.ca\/fr\/wp-json\/wp\/v2\/users\/3"}],"replies":[{"embeddable":true,"href":"https:\/\/theprogressives.ca\/fr\/wp-json\/wp\/v2\/comments?post=2789"}],"version-history":[{"count":0,"href":"https:\/\/theprogressives.ca\/fr\/wp-json\/wp\/v2\/posts\/2789\/revisions"}],"wp:featuredmedia":[{"embeddable":true,"href":"https:\/\/theprogressives.ca\/fr\/wp-json\/wp\/v2\/media\/2046"}],"wp:attachment":[{"href":"https:\/\/theprogressives.ca\/fr\/wp-json\/wp\/v2\/media?parent=2789"}],"wp:term":[{"taxonomy":"category","embeddable":true,"href":"https:\/\/theprogressives.ca\/fr\/wp-json\/wp\/v2\/categories?post=2789"},{"taxonomy":"post_tag","embeddable":true,"href":"https:\/\/theprogressives.ca\/fr\/wp-json\/wp\/v2\/tags?post=2789"},{"taxonomy":"senator_posts","embeddable":true,"href":"https:\/\/theprogressives.ca\/fr\/wp-json\/wp\/v2\/senator_posts?post=2789"}],"curies":[{"name":"wp","href":"https:\/\/api.w.org\/{rel}","templated":true}]}}