{"id":2465,"date":"2020-11-18T14:48:08","date_gmt":"2020-11-18T19:48:08","guid":{"rendered":"https:\/\/theprogressives.ca\/non-classifiee\/the-late-honourable-robert-w-peterson-sen-klyne\/"},"modified":"2021-06-23T18:03:01","modified_gmt":"2021-06-23T22:03:01","slug":"le-deces-de-lhonorable-robert-w-peterson-sen-klyne","status":"publish","type":"post","link":"https:\/\/theprogressives.ca\/fr\/au-senat\/declarations\/le-deces-de-lhonorable-robert-w-peterson-sen-klyne\/","title":{"rendered":"Le d\u00e9c\u00e8s de l\u2019honorable Robert W. Peterson &#8211; Sen. Klyne"},"content":{"rendered":"<p><strong>L\u2019honorable Marty Klyne :<\/strong> Honorables coll\u00e8gues, le Canada et la Saskatchewan ont perdu un v\u00e9ritable porte-\u00e9tendard : en effet, l\u2019honorable Robert W. Peterson, que nous connaissions tous sous le nom de Bob, nous a quitt\u00e9s. J\u2019ai connu Bob pendant pr\u00e8s d\u2019une quarantaine d\u2019ann\u00e9es. La premi\u00e8re fois que je l\u2019ai rencontr\u00e9, c\u2019\u00e9tait au d\u00e9but des ann\u00e9es 1980; il \u00e9tait alors un cadre sup\u00e9rieur \u00e0 Denro Holdings. J\u2019ai toutefois v\u00e9ritablement appris \u00e0 le conna\u00eetre treize ans plus tard, alors que j\u2019\u00e9tais chef des op\u00e9rations de l\u2019agence de d\u00e9veloppement \u00e9conomique de Regina et que Bob \u00e9tait vice-pr\u00e9sident du conseil d\u2019administration.<\/p>\n<p>Bob \u00e9tait un vrai gentleman, c\u2019est le moins que l\u2019on puisse dire. En travaillant \u00e0 ses c\u00f4t\u00e9s, on avait la chance de d\u00e9couvrir son int\u00e9grit\u00e9 et son approche strat\u00e9gique, qui consistait \u00e0 obtenir des r\u00e9sultats gr\u00e2ce \u00e0 une attitude positive et au savoir-faire. De plus, il \u00e9tait tr\u00e8s agr\u00e9able de c\u00f4toyer Bob : il avait un grand sens de l\u2019humour, adorait rire et avait un temp\u00e9rament jovial. C\u2019\u00e9tait toujours un plaisir de lui parler, que ce soit en personne ou au t\u00e9l\u00e9phone.<\/p>\n<p>Comme ses coll\u00e8gues du S\u00e9nat le savent, Bob entretenait des liens tr\u00e8s \u00e9troits avec le Parti lib\u00e9ral du Canada, \u00e0 qui il s\u2019est consacr\u00e9 corps et \u00e2me \u00e0 l\u2019\u00e9chelle municipale, provinciale et f\u00e9d\u00e9rale. Bob a nou\u00e9 de bonnes relations en coulisses, ce qui lui a permis de laisser sa marque sur de nombreux projets qui ont fait de Regina, de la Saskatchewan et du Canada un endroit meilleur.<\/p>\n<p>Bob a eu une influence positive sur la vie de nombreuses personnes, y compris la mienne, et je me sens privil\u00e9gi\u00e9 de dire qu\u2019il \u00e9tait un bon ami. J\u2019offre mes plus sinc\u00e8res condol\u00e9ances \u00e0 son \u00e9pouse Muriel et \u00e0 leur famille, \u00e0 ses tr\u00e8s chers amis Pam et Ralph Goodale, ainsi qu\u2019\u00e0 son \u00e9quipe de golf, les grognons. Repose en paix, Bob, tout en sachant que notre province et notre nation sont meilleures gr\u00e2ce \u00e0 toi.<\/p>\n","protected":false},"excerpt":{"rendered":"<p>L\u2019honorable Marty Klyne : Honorables coll\u00e8gues, le Canada et la Saskatchewan ont perdu un v\u00e9ritable porte-\u00e9tendard : en effet, l\u2019honorable Robert W. Peterson, que nous connaissions tous sous le nom de Bob, nous a quitt\u00e9s. J\u2019ai connu Bob pendant pr\u00e8s d\u2019une quarantaine d\u2019ann\u00e9es. La premi\u00e8re fois que je l\u2019ai rencontr\u00e9, c\u2019\u00e9tait au d\u00e9but des ann\u00e9es&#8230;<\/p>\n","protected":false},"author":3,"featured_media":1908,"comment_status":"closed","ping_status":"closed","sticky":false,"template":"","format":"standard","meta":{"_acf_changed":false,"wds_primary_category":99,"footnotes":""},"categories":[99],"tags":[],"senator_posts":[34],"class_list":["post-2465","post","type-post","status-publish","format-standard","has-post-thumbnail","hentry","category-declarations","senator_posts-l-hon-marty-klyne"],"acf":[],"_links":{"self":[{"href":"https:\/\/theprogressives.ca\/fr\/wp-json\/wp\/v2\/posts\/2465","targetHints":{"allow":["GET"]}}],"collection":[{"href":"https:\/\/theprogressives.ca\/fr\/wp-json\/wp\/v2\/posts"}],"about":[{"href":"https:\/\/theprogressives.ca\/fr\/wp-json\/wp\/v2\/types\/post"}],"author":[{"embeddable":true,"href":"https:\/\/theprogressives.ca\/fr\/wp-json\/wp\/v2\/users\/3"}],"replies":[{"embeddable":true,"href":"https:\/\/theprogressives.ca\/fr\/wp-json\/wp\/v2\/comments?post=2465"}],"version-history":[{"count":0,"href":"https:\/\/theprogressives.ca\/fr\/wp-json\/wp\/v2\/posts\/2465\/revisions"}],"wp:featuredmedia":[{"embeddable":true,"href":"https:\/\/theprogressives.ca\/fr\/wp-json\/wp\/v2\/media\/1908"}],"wp:attachment":[{"href":"https:\/\/theprogressives.ca\/fr\/wp-json\/wp\/v2\/media?parent=2465"}],"wp:term":[{"taxonomy":"category","embeddable":true,"href":"https:\/\/theprogressives.ca\/fr\/wp-json\/wp\/v2\/categories?post=2465"},{"taxonomy":"post_tag","embeddable":true,"href":"https:\/\/theprogressives.ca\/fr\/wp-json\/wp\/v2\/tags?post=2465"},{"taxonomy":"senator_posts","embeddable":true,"href":"https:\/\/theprogressives.ca\/fr\/wp-json\/wp\/v2\/senator_posts?post=2465"}],"curies":[{"name":"wp","href":"https:\/\/api.w.org\/{rel}","templated":true}]}}