{"id":2463,"date":"2020-11-19T15:53:39","date_gmt":"2020-11-19T20:53:39","guid":{"rendered":"https:\/\/theprogressives.ca\/non-classifiee\/lincoln-ontario\/"},"modified":"2021-06-23T18:03:00","modified_gmt":"2021-06-23T22:03:00","slug":"la-ville-de-lincoln-en-ontario","status":"publish","type":"post","link":"https:\/\/theprogressives.ca\/fr\/au-senat\/declarations\/la-ville-de-lincoln-en-ontario\/","title":{"rendered":"La ville de Lincoln, en Ontario"},"content":{"rendered":"<p><strong>L\u2019honorable Peter Harder :<\/strong> Honorables s\u00e9nateurs, je prends la parole aujourd\u2019hui pour souligner le 50<sup>e<\/sup> anniversaire de Lincoln, en Ontario, la ville d\u2019o\u00f9 je viens.<\/p>\n<p>Lincoln est situ\u00e9e au c\u0153ur de la r\u00e9gion de Niagara, entre la rive sud du lac Ontario et l\u2019escarpement du Niagara. Son histoire a commenc\u00e9 le 1<sup>er<\/sup> janvier 1970, lorsque l\u2019on a fusionn\u00e9 la ville de Beamsville, le canton de Clinton et la plus grande partie de Louth. Elle a \u00e9t\u00e9 nomm\u00e9e Lincoln \u00e0 la suite d\u2019un vote aupr\u00e8s des citoyens, qui ont ainsi fait honneur au nom donn\u00e9 par le lieutenant-gouverneur John Graves \u00e0 l\u2019ancien canton de Lincoln, \u00e0 qui la fusion avait fait perdre son statut.<\/p>\n<p>Le g\u00e9nie des dirigeants de la ville, du maire fondateur, Delby Bucknall, \u00e0 l\u2019actuelle mairesse, Sandra Easton, a \u00e9t\u00e9 de c\u00e9l\u00e9brer l\u2019identit\u00e9 et l\u2019histoire des diff\u00e9rentes collectivit\u00e9s : Beamsville, Jordan, Campden, Rockway, Tintern, et ma localit\u00e9, Vineland.<\/p>\n<p>Lincoln est une ville dynamique qui a du charme, un paysage vari\u00e9, des agriculteurs et des horticulteurs innovateurs et un secteur touristique. Un poids lourd du domaine vinicole, elle compte environ 30 vineries \u2014 visitez-les toutes \u2014, des vergers et des vignobles. On la d\u00e9crit souvent comme la vall\u00e9e de Sonoma du Niagara. Dans Vineland, ma collectivit\u00e9, se trouve la premi\u00e8re et la plus ancienne \u00e9glise mennonite, organis\u00e9e en 1801 par des Hollandais de la Pennsylvanie.<\/p>\n<p>Le village voisin, Jordan, \u00e9tait autrefois connu sous le nom de Twenty, d\u2019apr\u00e8s le ruisseau Twenty Mile, \u00e0 environ 20 miles de Niagara Falls. On y trouve le Jordan Historical Museum. J\u2019entretiens fi\u00e8rement un lien avec ce mus\u00e9e, qui est nourri par les pr\u00e9cieux souvenirs des visites que j\u2019y ai faites dans ma jeunesse. Plus r\u00e9cemment, le Lincoln Museum and Cultural Centre, comme on l\u2019appelle maintenant, est en pleine effervescence : il est en train de b\u00e2tir un nouveau centre. Les travaux de construction ont commenc\u00e9 en mai de l\u2019ann\u00e9e derni\u00e8re, et l\u2019ouverture est pr\u00e9vue l\u2019an prochain. Les traditions et les art\u00e9facts des peuples autochtones, ainsi que de l\u2019une des premi\u00e8res colonies du Haut-Canada, nous aideront tous \u00e0 appr\u00e9cier la r\u00e9gion et ses liens avec l\u2019innovation agricole et vinicole.<\/p>\n<p>Je dois beaucoup \u00e0 mon h\u00e9ritage culturel. Cette communaut\u00e9 a d\u00e9fini l\u2019homme que je suis. C\u2019est le port d\u2019attache qui a nourri mes r\u00e9flexions et qui m\u2019a transmis les valeurs du sens de la communaut\u00e9, de la bienveillance, de l\u2019honn\u00eatet\u00e9, de l\u2019int\u00e9grit\u00e9, de la famille et du travail, qui ont \u00e9t\u00e9 essentielles \u00e0 ma carri\u00e8re, comme elles le sont \u00e0 toute vie authentique. De bien des fa\u00e7ons, Vineland \u00e9tait un endroit formidable o\u00f9 passer son enfance. C\u2019\u00e9tait un endroit assez grand pour que l\u2019on puisse go\u00fbter \u00e0 toutes les choses passionnantes que le monde pouvait offrir sans devoir s\u2019\u00e9loigner : une population diversifi\u00e9e d\u2019immigrants, une riche vie culturelle, artistique, th\u00e9\u00e2trale et sportive, et bien plus encore. Il \u00e9tait aussi assez petit pour qu\u2019un jeune gar\u00e7on comme moi et beaucoup d\u2019autres puissent aspirer \u00e0 \u00e9largir leurs horizons apr\u00e8s avoir fait l\u2019exp\u00e9rience de ces choses passionnantes.<\/p>\n<p>Aujourd\u2019hui, je ch\u00e9ris mes visites \u00e0 Lincoln. J\u2019y \u00e9tais justement, mardi, pour participer aux c\u00e9l\u00e9brations du 50<sup>e<\/sup> anniversaire. Le cinquantenaire de Lincoln repr\u00e9sente une occasion consid\u00e9rable de c\u00e9l\u00e9brer le riche pass\u00e9 et le brillant avenir de la municipalit\u00e9.<\/p>\n<p>Lincoln est une ville dynamique aux grandes aspirations r\u00e9solue \u00e0 b\u00e2tir une communaut\u00e9 forte, diversifi\u00e9e et vivante, un lieu propice o\u00f9 grandir, o\u00f9 acqu\u00e9rir un sentiment d\u2019appartenance et o\u00f9 prosp\u00e9rer.<\/p>\n<p>Joyeux anniversaire, Lincoln!<\/p>\n","protected":false},"excerpt":{"rendered":"<p>L\u2019honorable Peter Harder : Honorables s\u00e9nateurs, je prends la parole aujourd\u2019hui pour souligner le 50e anniversaire de Lincoln, en Ontario, la ville d\u2019o\u00f9 je viens. Lincoln est situ\u00e9e au c\u0153ur de la r\u00e9gion de Niagara, entre la rive sud du lac Ontario et l\u2019escarpement du Niagara. Son histoire a commenc\u00e9 le 1er janvier 1970, lorsque&#8230;<\/p>\n","protected":false},"author":3,"featured_media":1960,"comment_status":"closed","ping_status":"closed","sticky":false,"template":"","format":"standard","meta":{"_acf_changed":false,"wds_primary_category":99,"footnotes":""},"categories":[99],"tags":[],"senator_posts":[36],"class_list":["post-2463","post","type-post","status-publish","format-standard","has-post-thumbnail","hentry","category-declarations","senator_posts-l-hon-peter-harder"],"acf":[],"_links":{"self":[{"href":"https:\/\/theprogressives.ca\/fr\/wp-json\/wp\/v2\/posts\/2463","targetHints":{"allow":["GET"]}}],"collection":[{"href":"https:\/\/theprogressives.ca\/fr\/wp-json\/wp\/v2\/posts"}],"about":[{"href":"https:\/\/theprogressives.ca\/fr\/wp-json\/wp\/v2\/types\/post"}],"author":[{"embeddable":true,"href":"https:\/\/theprogressives.ca\/fr\/wp-json\/wp\/v2\/users\/3"}],"replies":[{"embeddable":true,"href":"https:\/\/theprogressives.ca\/fr\/wp-json\/wp\/v2\/comments?post=2463"}],"version-history":[{"count":0,"href":"https:\/\/theprogressives.ca\/fr\/wp-json\/wp\/v2\/posts\/2463\/revisions"}],"wp:featuredmedia":[{"embeddable":true,"href":"https:\/\/theprogressives.ca\/fr\/wp-json\/wp\/v2\/media\/1960"}],"wp:attachment":[{"href":"https:\/\/theprogressives.ca\/fr\/wp-json\/wp\/v2\/media?parent=2463"}],"wp:term":[{"taxonomy":"category","embeddable":true,"href":"https:\/\/theprogressives.ca\/fr\/wp-json\/wp\/v2\/categories?post=2463"},{"taxonomy":"post_tag","embeddable":true,"href":"https:\/\/theprogressives.ca\/fr\/wp-json\/wp\/v2\/tags?post=2463"},{"taxonomy":"senator_posts","embeddable":true,"href":"https:\/\/theprogressives.ca\/fr\/wp-json\/wp\/v2\/senator_posts?post=2463"}],"curies":[{"name":"wp","href":"https:\/\/api.w.org\/{rel}","templated":true}]}}