{"id":2461,"date":"2020-12-02T14:57:36","date_gmt":"2020-12-02T19:57:36","guid":{"rendered":"https:\/\/theprogressives.ca\/non-classifiee\/tribute-to-the-honourable-lillian-eva-dyck-sen-klyne\/"},"modified":"2021-06-23T18:02:58","modified_gmt":"2021-06-23T22:02:58","slug":"hommage-pour-lhonorable-lillian-eva-dyck-sen-klyne","status":"publish","type":"post","link":"https:\/\/theprogressives.ca\/fr\/au-senat\/declarations\/hommage-pour-lhonorable-lillian-eva-dyck-sen-klyne\/","title":{"rendered":"Hommage pour l\u2019honorable Lillian Eva Dyck &#8211; Sen. Klyne"},"content":{"rendered":"<p><iframe title=\"Le s\u00e9nateur Klyne rend hommage \u00e0 l&#039;honorable Lillian Eva Dyck - 2 d\u00e9c 2020 (Source fran\u00e7aise)\" width=\"640\" height=\"360\" data-src=\"https:\/\/www.youtube.com\/embed\/Z3A4F9xNcH0?feature=oembed\" frameborder=\"0\" allow=\"accelerometer; autoplay; clipboard-write; encrypted-media; gyroscope; picture-in-picture\" allowfullscreen src=\"data:image\/svg+xml;base64,PHN2ZyB3aWR0aD0iMSIgaGVpZ2h0PSIxIiB4bWxucz0iaHR0cDovL3d3dy53My5vcmcvMjAwMC9zdmciPjwvc3ZnPg==\" class=\"lazyload\" data-load-mode=\"1\"><\/iframe><\/p>\n<p><strong>L\u2019honorable Marty Klyne :<\/strong> Honorables s\u00e9nateurs, je prends la parole aujourd\u2019hui pour rendre hommage \u00e0 une parlementaire distingu\u00e9e, une s\u00e9natrice dont le travail et l\u2019approche adopt\u00e9e pour s\u2019acquitter de ses responsabilit\u00e9s et ses devoirs de s\u00e9natrice sont tenus en haute estime. Je parle de ma compatriote saskatchewanaise qui est notre coll\u00e8gue et qui est aussi une amie ch\u00e8re \u00e0 beaucoup de gens au Parlement, l\u2019honorable Lillian Dyck.<\/p>\n<p>Lillian Eva Quan Dyck est n\u00e9e \u00e0 North Battleford, \u00e0 Saskatchewan, en 1945. Ayant atteint l\u2019\u00e2ge de la retraite obligatoire de 75 ans au S\u00e9nat, l\u2019ancienne s\u00e9natrice Dyck a pris sa retraite l\u2019\u00e9t\u00e9 dernier le jour de son anniversaire, le lundi 24 ao\u00fbt 2020, ce qui a mis fin \u00e0 un mandat de 15 ans au S\u00e9nat du Canada pendant lequel elle a repr\u00e9sent\u00e9 fid\u00e8lement la Saskatchewan et a d\u00e9fendu les int\u00e9r\u00eats des Canadiens sans voix au S\u00e9nat.<\/p>\n<p>Mme Dyck est une source d\u2019inspiration et une pionni\u00e8re. Oui, elle a \u00e9t\u00e9 la premi\u00e8re femme autochtone et la premi\u00e8re Canadienne d\u2019origine chinoise \u00e0 \u00eatre nomm\u00e9e au S\u00e9nat, mais ce n\u2019est pas seulement pour cette raison qu\u2019on la qualifie de pionni\u00e8re. C\u2019est plut\u00f4t son excellente \u00e9thique de travail qui l\u2019a men\u00e9e au S\u00e9nat.<\/p>\n<p>Elle a pass\u00e9 sa jeunesse dans des petites villes de l\u2019Alberta et de la Saskatchewan, o\u00f9 sa famille g\u00e9rait un caf\u00e9 chinois. Mme Dyck a quitt\u00e9 le restaurant familial pour poursuivre une carri\u00e8re universitaire.<\/p>\n<p>C\u2019est l\u00e0 que commence sa vie de pionni\u00e8re.<\/p>\n<p>Apr\u00e8s avoir obtenu un doctorat en biopsychiatrie \u00e0 l\u2019Universit\u00e9 de la Saskatchewan, Mme Dyck a travaill\u00e9 dans cette m\u00eame universit\u00e9 en tant que chercheuse et est devenue professeure titulaire de neuropsychiatrie et doyenne associ\u00e9e du College of Graduate Studies &amp; Research.<\/p>\n<p>En 2005, alors qu\u2019elle travaillait \u00e0 l\u2019Universit\u00e9 de la Saskatchewan, Lillian Dyck a re\u00e7u l\u2019appel lui annon\u00e7ant qu\u2019elle serait nomm\u00e9e s\u00e9natrice par le premier ministre de l\u2019\u00e9poque, Paul Martin.<\/p>\n<p>N\u2019ayant pu \u00e9tablir le caucus n\u00e9o-d\u00e9mocrate au S\u00e9nat, elle a si\u00e9g\u00e9 comme s\u00e9natrice ind\u00e9pendante jusqu\u2019\u00e0 ce qu\u2019elle se joigne au caucus lib\u00e9ral, en 2009, et elle a quitt\u00e9 cette Chambre en tant que membre du Groupe progressiste du S\u00e9nat.<\/p>\n<p>Signe de sa volont\u00e9 de promouvoir la justice pour les femmes autochtones, l\u2019ancienne s\u00e9natrice Dyck a pr\u00e9sent\u00e9 au S\u00e9nat le projet de loi S-215, qui visait \u00e0 modifier le Code criminel pour que, lors de la d\u00e9termination de la peine \u00e0 l\u2019\u00e9gard de certains actes de violence, le fait que l\u2019acte ait \u00e9t\u00e9 commis contre une femme autochtone soit consid\u00e9r\u00e9 comme une circonstance aggravante. Bien que le projet de loi ait \u00e9t\u00e9 rejet\u00e9, la s\u00e9natrice Dyck a r\u00e9ussi \u00e0 faire amender le projet de loi C-5 pour qu\u2019il produise le m\u00eame r\u00e9sultat que le projet de loi S-215.<\/p>\n<p>Ses r\u00e9alisations au S\u00e9nat sont nombreuses. Ardente militante pour les familles des femmes et filles autochtones assassin\u00e9es ou port\u00e9es disparues, elle a r\u00e9clam\u00e9 la tenue d\u2019une enqu\u00eate sur cette atrocit\u00e9. La commission charg\u00e9e de l\u2019enqu\u00eate nationale a publi\u00e9 son rapport en juin 2019.<\/p>\n<p>Parmi ses travaux hautement reconnus et estim\u00e9s, mentionnons le projet de loi S-3 du S\u00e9nat lors de la 42<sup>e<\/sup> l\u00e9gislature, qui a \u00e9limin\u00e9 une iniquit\u00e9 fond\u00e9e sur le sexe dans la Loi sur les Indiens, une iniquit\u00e9 qui privait de leur statut, et donc de leurs droits issus de trait\u00e9s, les femmes des Premi\u00e8res Nations ayant \u00e9pous\u00e9 un homme non membre d\u2019une Premi\u00e8re Nation, de m\u00eame que leurs enfants.<\/p>\n<p>En ao\u00fbt 2019, les derni\u00e8res dispositions du projet de loi sont entr\u00e9es en vigueur, corrigeant un tort historique et r\u00e9tablissant les droits et l\u2019identit\u00e9 des femmes des Premi\u00e8res Nations en tant que femmes ayant le statut d\u2019Indien conform\u00e9ment \u00e0 la Loi sur les Indiens.<\/p>\n<p>Honorables s\u00e9nateurs, on dit qu\u2019une des aspirations fondatrices de la cr\u00e9ation du S\u00e9nat \u00e9tait d\u2019avoir un organe parlementaire compos\u00e9 de personnes qui sont les meilleures parmi nous, afin de garantir que les voix des minorit\u00e9s soient entendues par le gouvernement dans l\u2019\u00e9tude et l\u2019examen des projets de loi.<\/p>\n<p>L\u2019ancienne s\u00e9natrice Lillian Dyck est l\u2019une de ces personnes et elle a servi le Canada avec d\u00e9vouement pendant 15 ans. Consciencieuse dans son \u00e9valuation, humble dans son comportement, l\u2019ancienne s\u00e9natrice Dyck a fait preuve d\u2019un leadership discret et audacieux, digne des parlementaires mod\u00e8les, en d\u00e9montrant de l\u2019objectivit\u00e9 sans succomber \u00e0 l\u2019ing\u00e9rence politique.<\/p>\n<p>Les Autochtones de la Saskatchewan et tous les Canadiens ont \u00e9t\u00e9 bien servis par l\u2019ancienne s\u00e9natrice Dyck au S\u00e9nat du Canada. Nous lui devons toute notre gratitude, m\u00eame si elle ne nous le demanderait jamais.<\/p>\n<p>La force de caract\u00e8re de l\u2019ancienne s\u00e9natrice Dyck est illustr\u00e9e dans une anecdote de mon \u00e9pouse, Charlene, qui, il y a environ un an, prenait l\u2019avion de Regina \u00e0 Ottawa en passant par Saskatoon. Elle m\u2019a racont\u00e9 que, lorsque l\u2019avion s\u2019est arr\u00eat\u00e9 \u00e0 Saskatoon pour prendre d\u2019autres passagers, une dame est mont\u00e9e \u00e0 bord et elle ressemblait \u00e0 quelqu\u2019un de la royaut\u00e9. Mon \u00e9pouse s\u2019est dit que la dame \u00e9tait peut-\u00eatre une s\u00e9natrice. J\u2019ai acquiesc\u00e9 en disant : \u00ab Ce devait \u00eatre la s\u00e9natrice Lillian Dyck. \u00bb<\/p>\n<p>Merci, ancienne s\u00e9natrice Dyck. Votre travail et votre approche concernant les travaux du S\u00e9nat sont \u00e9loquents. Je vous souhaite une bonne continuation, de profiter de votre retraite et de passer du temps \u00e0 la maison avec votre famille et vos amis. Je vous remercie.<\/p>\n<p><a href=\"https:\/\/sencanada.ca\/fr\/content\/sen\/chamber\/432\/debates\/015db_2020-12-02-f#8\" target=\"_blank\" rel=\"noopener noreferrer\">Veuillez appuyer ici pour lire plusieurs hommages pour l\u2019honorable Lillian Eva Dyck<\/a><\/p>\n","protected":false},"excerpt":{"rendered":"<p>L\u2019honorable Marty Klyne : Honorables s\u00e9nateurs, je prends la parole aujourd\u2019hui pour rendre hommage \u00e0 une parlementaire distingu\u00e9e, une s\u00e9natrice dont le travail et l\u2019approche adopt\u00e9e pour s\u2019acquitter de ses responsabilit\u00e9s et ses devoirs de s\u00e9natrice sont tenus en haute estime. Je parle de ma compatriote saskatchewanaise qui est notre coll\u00e8gue et qui est aussi&#8230;<\/p>\n","protected":false},"author":3,"featured_media":1964,"comment_status":"closed","ping_status":"closed","sticky":false,"template":"","format":"video","meta":{"_acf_changed":false,"wds_primary_category":99,"footnotes":""},"categories":[99],"tags":[],"senator_posts":[34],"class_list":["post-2461","post","type-post","status-publish","format-video","has-post-thumbnail","hentry","category-declarations","post_format-post-format-video","senator_posts-l-hon-marty-klyne"],"acf":[],"_links":{"self":[{"href":"https:\/\/theprogressives.ca\/fr\/wp-json\/wp\/v2\/posts\/2461","targetHints":{"allow":["GET"]}}],"collection":[{"href":"https:\/\/theprogressives.ca\/fr\/wp-json\/wp\/v2\/posts"}],"about":[{"href":"https:\/\/theprogressives.ca\/fr\/wp-json\/wp\/v2\/types\/post"}],"author":[{"embeddable":true,"href":"https:\/\/theprogressives.ca\/fr\/wp-json\/wp\/v2\/users\/3"}],"replies":[{"embeddable":true,"href":"https:\/\/theprogressives.ca\/fr\/wp-json\/wp\/v2\/comments?post=2461"}],"version-history":[{"count":0,"href":"https:\/\/theprogressives.ca\/fr\/wp-json\/wp\/v2\/posts\/2461\/revisions"}],"wp:featuredmedia":[{"embeddable":true,"href":"https:\/\/theprogressives.ca\/fr\/wp-json\/wp\/v2\/media\/1964"}],"wp:attachment":[{"href":"https:\/\/theprogressives.ca\/fr\/wp-json\/wp\/v2\/media?parent=2461"}],"wp:term":[{"taxonomy":"category","embeddable":true,"href":"https:\/\/theprogressives.ca\/fr\/wp-json\/wp\/v2\/categories?post=2461"},{"taxonomy":"post_tag","embeddable":true,"href":"https:\/\/theprogressives.ca\/fr\/wp-json\/wp\/v2\/tags?post=2461"},{"taxonomy":"senator_posts","embeddable":true,"href":"https:\/\/theprogressives.ca\/fr\/wp-json\/wp\/v2\/senator_posts?post=2461"}],"curies":[{"name":"wp","href":"https:\/\/api.w.org\/{rel}","templated":true}]}}