{"id":2362,"date":"2021-03-01T02:50:02","date_gmt":"2021-03-01T07:50:02","guid":{"rendered":"https:\/\/theprogressives.ca\/non-classifiee\/the-progressives-welcome-new-member-senator-margaret-dawn-anderson\/"},"modified":"2021-06-23T18:02:46","modified_gmt":"2021-06-23T22:02:46","slug":"les-progressistes-accueillent-une-nouvelle-membre-senatrice-margaret-dawn-anderson","status":"publish","type":"post","link":"https:\/\/theprogressives.ca\/fr\/nouvelles\/les-progressistes-accueillent-une-nouvelle-membre-senatrice-margaret-dawn-anderson\/","title":{"rendered":"Les progressistes accueillent une nouvelle membre S\u00e9natrice Margaret Dawn Anderson"},"content":{"rendered":"<p>La s\u00e9natrice Jane Cordy, Leader du Groupe progressiste du S\u00e9nat (Les progressistes), est heureuse d\u2019accueillir la s\u00e9natrice Margaret Dawn Anderson au sein du groupe progressiste.<\/p>\n<p>\u00ab Avec une carri\u00e8re aussi impressionnante ax\u00e9e sur le travail pour sa communaut\u00e9, la s\u00e9natrice Anderson apporte une mine de connaissances sur le Nord et ses pr\u00e9occupations uniques. Nous avons h\u00e2te d\u2019apprendre d\u2019elle alors que nous travaillons en collaboration au nom de tous les Canadiens et Autochtones. \u00bb<\/p>\n<p>Tous les progressistes ont h\u00e2te d\u2019accueillir la s\u00e9natrice Anderson \u00e0 la prochaine r\u00e9union virtuelle du caucus.La s\u00e9natrice Jane Cordy, Leader du Groupe progressiste du S\u00e9nat (Les progressistes), est heureuse d\u2019accueillir la s\u00e9natrice Margaret Dawn Anderson au sein du groupe progressiste.<\/p>\n<p>\u00ab Avec une carri\u00e8re aussi impressionnante ax\u00e9e sur le travail pour sa communaut\u00e9, la s\u00e9natrice Anderson apporte une mine de connaissances sur le Nord et ses pr\u00e9occupations uniques. Nous avons h\u00e2te d\u2019apprendre d\u2019elle alors que nous travaillons en collaboration au nom de tous les Canadiens et Autochtones. \u00bb<\/p>\n<p>Tous les progressistes ont h\u00e2te d\u2019accueillir la s\u00e9natrice Anderson \u00e0 la prochaine r\u00e9union virtuelle du caucus.<\/p>\n","protected":false},"excerpt":{"rendered":"<p>La s\u00e9natrice Jane Cordy, Leader du Groupe progressiste du S\u00e9nat (Les progressistes), est heureuse d\u2019accueillir la s\u00e9natrice Margaret Dawn Anderson au sein du groupe progressiste. \u00ab Avec une carri\u00e8re aussi impressionnante ax\u00e9e sur le travail pour sa communaut\u00e9, la s\u00e9natrice Anderson apporte une mine de connaissances sur le Nord et ses pr\u00e9occupations uniques. Nous avons&#8230;<\/p>\n","protected":false},"author":3,"featured_media":2010,"comment_status":"open","ping_status":"closed","sticky":false,"template":"","format":"standard","meta":{"_acf_changed":false,"wds_primary_category":78,"footnotes":""},"categories":[78],"tags":[],"senator_posts":[41],"class_list":["post-2362","post","type-post","status-publish","format-standard","has-post-thumbnail","hentry","category-nouvelles","senator_posts-les-progressistes"],"acf":[],"_links":{"self":[{"href":"https:\/\/theprogressives.ca\/fr\/wp-json\/wp\/v2\/posts\/2362","targetHints":{"allow":["GET"]}}],"collection":[{"href":"https:\/\/theprogressives.ca\/fr\/wp-json\/wp\/v2\/posts"}],"about":[{"href":"https:\/\/theprogressives.ca\/fr\/wp-json\/wp\/v2\/types\/post"}],"author":[{"embeddable":true,"href":"https:\/\/theprogressives.ca\/fr\/wp-json\/wp\/v2\/users\/3"}],"replies":[{"embeddable":true,"href":"https:\/\/theprogressives.ca\/fr\/wp-json\/wp\/v2\/comments?post=2362"}],"version-history":[{"count":0,"href":"https:\/\/theprogressives.ca\/fr\/wp-json\/wp\/v2\/posts\/2362\/revisions"}],"wp:featuredmedia":[{"embeddable":true,"href":"https:\/\/theprogressives.ca\/fr\/wp-json\/wp\/v2\/media\/2010"}],"wp:attachment":[{"href":"https:\/\/theprogressives.ca\/fr\/wp-json\/wp\/v2\/media?parent=2362"}],"wp:term":[{"taxonomy":"category","embeddable":true,"href":"https:\/\/theprogressives.ca\/fr\/wp-json\/wp\/v2\/categories?post=2362"},{"taxonomy":"post_tag","embeddable":true,"href":"https:\/\/theprogressives.ca\/fr\/wp-json\/wp\/v2\/tags?post=2362"},{"taxonomy":"senator_posts","embeddable":true,"href":"https:\/\/theprogressives.ca\/fr\/wp-json\/wp\/v2\/senator_posts?post=2362"}],"curies":[{"name":"wp","href":"https:\/\/api.w.org\/{rel}","templated":true}]}}