{"id":2356,"date":"2020-02-04T22:03:38","date_gmt":"2020-02-05T03:03:38","guid":{"rendered":"https:\/\/theprogressives.ca\/non-classifiee\/ukraine-international-airlines-flight-ps752-tragedy\/"},"modified":"2021-06-23T18:03:27","modified_gmt":"2021-06-23T22:03:27","slug":"la-tragedie-du-vol-ps752-dukraine-international-airlines","status":"publish","type":"post","link":"https:\/\/theprogressives.ca\/fr\/au-senat\/declarations\/la-tragedie-du-vol-ps752-dukraine-international-airlines\/","title":{"rendered":"La trag\u00e9die du vol PS752 d\u2019Ukraine International Airlines"},"content":{"rendered":"<p><iframe title=\"La s\u00e9natrice Cordy au sujet du vol PS752 d\u2019Ukraine Intl Airlines`- 4 f\u00e9vrier 2020 (Source fran\u00e7aise)\" width=\"640\" height=\"360\" data-src=\"https:\/\/www.youtube.com\/embed\/RVa_-XZO1pw?feature=oembed\" frameborder=\"0\" allow=\"accelerometer; autoplay; clipboard-write; encrypted-media; gyroscope; picture-in-picture\" allowfullscreen src=\"data:image\/svg+xml;base64,PHN2ZyB3aWR0aD0iMSIgaGVpZ2h0PSIxIiB4bWxucz0iaHR0cDovL3d3dy53My5vcmcvMjAwMC9zdmciPjwvc3ZnPg==\" class=\"lazyload\" data-load-mode=\"1\"><\/iframe><\/p>\n<p><strong>L\u2019honorable Jane Cordy :<\/strong><\/p>\n<p>Honorables s\u00e9nateurs, j\u2019interviens aujourd\u2019hui au sujet des personnes qui ont perdu la vie tragiquement le 8 janvier 2020 au matin, \u00e0 bord du vol PS752. Au total, 167 passagers et 9 membres d\u2019\u00e9quipage sont morts. Parmi les passagers, 138 se rendaient au Canada, dont 57 citoyens canadiens. Il s\u2019agit du plus grand nombre de d\u00e9c\u00e8s de Canadiens \u00e0 bord d\u2019un avion depuis l\u2019attentat \u00e0 la bombe contre le vol 182 d\u2019Air India en 1985.<\/p>\n<p>Bien que les circonstances entourant la trag\u00e9die soient n\u00e9buleuses et que de nombreuses questions demeurent sans r\u00e9ponse, il est important de continuer \u00e0 penser aux victimes et, bien entendu, \u00e0 leur famille et \u00e0 leurs amis, qui doivent se remettre de la perte d\u2019\u00eatres chers.<\/p>\n<p>Beaucoup de passagers \u00e9taient des \u00e9tudiants ou des professeurs qui revenaient \u00e0 une universit\u00e9 canadienne apr\u00e8s avoir pass\u00e9 le cong\u00e9 des F\u00eates aupr\u00e8s de leur famille en Iran. C\u2019\u00e9tait le cas de Masoumeh Ghavi, \u00e9tudiante \u00e0 la ma\u00eetrise en ing\u00e9nierie de l\u2019Universit\u00e9 Dalhousie \u00e0 Halifax. Ali Nafarieh, professeur \u00e0 l\u2019Universit\u00e9 Dalhousie et propri\u00e9taire de la compagnie de technologie de l\u2019information o\u00f9 travaillait Masoumeh, a dit \u00e0 son sujet :<\/p>\n<p>Elle \u00e9tait sans contredit l\u2019une des meilleures \u00e9tudiantes. Je me souviens qu\u2019elle \u00e9tait toujours souriante. Outre ses comp\u00e9tences, ses connaissances et son exp\u00e9rience, elle apportait \u00e0 la compagnie une \u00e9nergie bien \u00e0 elle. Elle a chang\u00e9 l\u2019ambiance dans l\u2019entreprise. Elle va beaucoup nous manquer.<\/p>\n<p>Mandieh, la jeune s\u0153ur de Masoumeh, \u00e9tait aussi \u00e0 bord de l\u2019avion et s\u2019appr\u00eatait \u00e0 entreprendre elle aussi des \u00e9tudes universitaires \u00e0 Halifax.<\/p>\n<p>L\u2019Universit\u00e9 St. Mary\u2019s a perdu deux \u00e9tudiantes qui faisaient leur ma\u00eetrise en finances. Maryam Malek et Fatemeh Mahmoodi \u00e9taient des camarades de classe et des amies. Elles revenaient de leur cong\u00e9 des F\u00eates, pendant lequel elles avaient c\u00e9l\u00e9br\u00e9 la fin de leur premier semestre. Les deux femmes parlaient trois langues. Une amie proche, Varun Agrawal, a dit ceci au sujet de l\u2019\u00e9crasement :<\/p>\n<p>Ce genre de chose ne devrait pas se produire. Ces personnes \u00e9taient parfaitement innocentes et cela n\u2019aurait pas d\u00fb arriver.<\/p>\n<p>La Dre Sharieh Faghihi, qui \u00e9tait dentiste \u00e0 Halifax et qui a \u00e9tudi\u00e9 \u00e0 la Dalhousie Dental School, a \u00e9t\u00e9 d\u00e9crite comme une femme \u00ab toujours joyeuse \u00bb et comme une personne des plus aimables. Le dentiste Ebrahim Kiani a travaill\u00e9 avec la Dre Faghihi. Il l\u2019a rencontr\u00e9e il y a 25 ans, lorsqu\u2019elle dirigeait le d\u00e9partement de parodontologie de l\u2019Universit\u00e9 Shiraz des sciences m\u00e9dicales, en Iran. Voici comment il a d\u00e9crit la Dre Faghihi :<\/p>\n<p>Elle \u00e9tait tr\u00e8s gentille, elle partageait ses connaissances avec beaucoup de g\u00e9n\u00e9rosit\u00e9 et elle \u00e9tait tr\u00e8s dou\u00e9e. Elle a \u00e9t\u00e9 publi\u00e9e dans nombre de revues [\u2026] Elle a \u00e9t\u00e9 une bonne conseill\u00e8re pour moi.<\/p>\n<p>Honorables s\u00e9nateurs, ce sont de vraies personnes \u2014 des m\u00e8res, des p\u00e8res, des s\u0153urs, des fr\u00e8res et des amis \u2014 qui revenaient au Canada \u00e0 bord de cet avion. Pour les proches des disparus, perdre un \u00eatre cher de cette fa\u00e7on semble inconcevable. De telles circonstances nous rappellent que notre vie peut changer radicalement en un clin d\u2019\u0153il. Une journ\u00e9e qui semble banale peut vite rester grav\u00e9e \u00e0 jamais dans notre m\u00e9moire, et de douloureux souvenirs peuvent s\u2019y rattacher.<\/p>\n<p>Honorables s\u00e9nateurs, au nom du caucus progressiste, je transmets nos pens\u00e9es et nos pri\u00e8res aux familles et aux amis de ceux qui sont d\u00e9c\u00e9d\u00e9s \u00e0 la suite de cette trag\u00e9die insens\u00e9e. Notre pays pleure la perte de Canadiens exceptionnels.<\/p>\n","protected":false},"excerpt":{"rendered":"<p>L\u2019honorable Jane Cordy : Honorables s\u00e9nateurs, j\u2019interviens aujourd\u2019hui au sujet des personnes qui ont perdu la vie tragiquement le 8 janvier 2020 au matin, \u00e0 bord du vol PS752. Au total, 167 passagers et 9 membres d\u2019\u00e9quipage sont morts. Parmi les passagers, 138 se rendaient au Canada, dont 57 citoyens canadiens. Il s\u2019agit du plus&#8230;<\/p>\n","protected":false},"author":3,"featured_media":1924,"comment_status":"closed","ping_status":"closed","sticky":false,"template":"","format":"video","meta":{"_acf_changed":false,"wds_primary_category":99,"footnotes":""},"categories":[99],"tags":[],"senator_posts":[31],"class_list":["post-2356","post","type-post","status-publish","format-video","has-post-thumbnail","hentry","category-declarations","post_format-post-format-video","senator_posts-l-hon-jane-cordy"],"acf":[],"_links":{"self":[{"href":"https:\/\/theprogressives.ca\/fr\/wp-json\/wp\/v2\/posts\/2356","targetHints":{"allow":["GET"]}}],"collection":[{"href":"https:\/\/theprogressives.ca\/fr\/wp-json\/wp\/v2\/posts"}],"about":[{"href":"https:\/\/theprogressives.ca\/fr\/wp-json\/wp\/v2\/types\/post"}],"author":[{"embeddable":true,"href":"https:\/\/theprogressives.ca\/fr\/wp-json\/wp\/v2\/users\/3"}],"replies":[{"embeddable":true,"href":"https:\/\/theprogressives.ca\/fr\/wp-json\/wp\/v2\/comments?post=2356"}],"version-history":[{"count":0,"href":"https:\/\/theprogressives.ca\/fr\/wp-json\/wp\/v2\/posts\/2356\/revisions"}],"wp:featuredmedia":[{"embeddable":true,"href":"https:\/\/theprogressives.ca\/fr\/wp-json\/wp\/v2\/media\/1924"}],"wp:attachment":[{"href":"https:\/\/theprogressives.ca\/fr\/wp-json\/wp\/v2\/media?parent=2356"}],"wp:term":[{"taxonomy":"category","embeddable":true,"href":"https:\/\/theprogressives.ca\/fr\/wp-json\/wp\/v2\/categories?post=2356"},{"taxonomy":"post_tag","embeddable":true,"href":"https:\/\/theprogressives.ca\/fr\/wp-json\/wp\/v2\/tags?post=2356"},{"taxonomy":"senator_posts","embeddable":true,"href":"https:\/\/theprogressives.ca\/fr\/wp-json\/wp\/v2\/senator_posts?post=2356"}],"curies":[{"name":"wp","href":"https:\/\/api.w.org\/{rel}","templated":true}]}}