{"id":2202,"date":"2021-02-16T14:49:07","date_gmt":"2021-02-16T19:49:07","guid":{"rendered":"https:\/\/theprogressives.ca\/non-classifiee\/the-honourable-murray-sinclair-tribute-sen-bovey\/"},"modified":"2021-06-23T18:02:47","modified_gmt":"2021-06-23T22:02:47","slug":"the-honourable-murray-sinclair-tribute-sen-bovey","status":"publish","type":"post","link":"https:\/\/theprogressives.ca\/fr\/au-senat\/declarations\/the-honourable-murray-sinclair-tribute-sen-bovey\/","title":{"rendered":"L\u2019honorable Murray Sinclair\u2014Hommage &#8211; Sen. Bovey"},"content":{"rendered":"<p><strong>L\u2019honorable Patricia Bovey :<\/strong> Honorables s\u00e9nateurs, notre estim\u00e9 coll\u00e8gue, Manitobain et Canadien, le s\u00e9nateur Sinclair, aura \u00e9t\u00e9 la conscience de plusieurs d\u2019entre nous et une inspiration pour la plupart. Les mots ne suffisent pas pour le remercier de tout ce qu\u2019il a fait pour sa province, sa communaut\u00e9 et son pays, et ce, dans toutes sortes de domaines, mais je vais quand m\u00eame me risquer, car mes mots auront au moins le m\u00e9rite d\u2019\u00eatre sinc\u00e8res et de venir du plus profond de mon c\u0153ur.<\/p>\n<p>La carri\u00e8re judiciaire du s\u00e9nateur Sinclair est un sujet de c\u00e9l\u00e9bration en soi, car il a \u00e9t\u00e9 le premier juge issu des Premi\u00e8res Nations du Manitoba. Cela dit, saviez-vous que, pendant son passage dans la magistrature, il a aussi br\u00fbl\u00e9 les planches? Il incarnait la voix et la pr\u00e9sence qui surgissait des coulisses dans la production d\u2019<em>Un violon sur le to\u00eet<\/em> mont\u00e9e il y a une vingtaine d\u2019ann\u00e9es par des avocats du Manitoba afin de venir en aide au Royal Manitoba Theatre Centre. J\u2019y \u00e9tais \u2014 j\u2019\u00e9tais m\u00eame assise dans la deuxi\u00e8me rang\u00e9e \u2014 et je peux vous assurer qu\u2019on savait qu\u2019il \u00e9tait l\u00e0. Pour tout vous dire, sa voix \u00e9tait celle qui portait le mieux de toute la distribution, et il s\u2019agissait pourtant d\u2019orateurs chevronn\u00e9s. Assistera-t-on aux d\u00e9buts d\u2019une carri\u00e8re th\u00e9\u00e2trale?<\/p>\n<p>Son travail \u00e0 titre de commissaire de la Commission de v\u00e9rit\u00e9 et r\u00e9conciliation est bien connu et a \u00e9t\u00e9 mentionn\u00e9 par d\u2019autres s\u00e9nateurs. Je tiens \u00e0 dire combien j\u2019ai aim\u00e9 la c\u00e9r\u00e9monie sp\u00e9ciale organis\u00e9e \u00e0 l\u2019Universit\u00e9 du Manitoba, durant mon mandat de pr\u00e9sidente du conseil, le jour o\u00f9 Murray a annonc\u00e9 le transfert des documents et des dossiers de la commission au Centre national pour la v\u00e9rit\u00e9 et r\u00e9conciliation de l\u2019universit\u00e9. L\u2019\u00e9motion dans la salle \u00e9tait palpable. Murray, votre travail, votre passion et votre d\u00e9vouement, ainsi que ceux de la commission, doivent \u00eatre et seront un mod\u00e8le que nous suivrons au cours des ann\u00e9es \u00e0 venir. Nos aspirations se concr\u00e9tiseront, Murray.<\/p>\n<p>Je veux vous remercier personnellement d\u2019avoir jou\u00e9 un r\u00f4le cl\u00e9 comme mon parrain et guide, lors de la journ\u00e9e m\u00e9morable de mon entr\u00e9e en fonction ici. Merci, Murray.<\/p>\n<p>S\u00e9nateur Sinclair, les id\u00e9es que vous avez v\u00e9hicul\u00e9es et la sensibilit\u00e9 dont vous avez fait preuve dans cette enceinte sont grandement appr\u00e9ci\u00e9es. Je vous remercie \u00e0 bien des \u00e9gards. Vous m\u2019avez beaucoup appris, et vous continuez de le faire. Vous avez mis au d\u00e9fi les mus\u00e9es canadiens de donner l\u2019exemple en racontant notre v\u00e9ritable histoire et en favorisant la r\u00e9conciliation. Votre plaidoyer \u00e9tait particuli\u00e8rement poignant, et il a \u00e9t\u00e9 entendu. Il est important de favoriser l\u2019\u00e9ducation dans les lieux fr\u00e9quent\u00e9s par les familles. Or, les familles ne vont pas \u00e0 l\u2019\u00e9cole ensemble, mais elles vont aux mus\u00e9es.<\/p>\n<p>Je transmets, \u00e0 vous et \u00e0 Katherine, tous mes meilleurs v\u0153ux de succ\u00e8s pour le prochain chapitre de votre vie, \u00e0 savoir le mentorat de jeunes avocats des Premi\u00e8res Nations, qui ont la chance de pouvoir compter sur votre aide et vos conseils. Je me r\u00e9jouis \u00e0 la perspective de lire votre autobiographie et de continuer \u00e0 apprendre de vous, tant dans ma vie au S\u00e9nat que dans ma vie \u00e0 l\u2019ext\u00e9rieur du S\u00e9nat. Votre sens de l\u2019humour me manquera, tout comme les caf\u00e9s que l\u2019on savourait ensemble le lundi matin \u00e0 l\u2019a\u00e9roport de Winnipeg avant de s\u2019envoler vers Ottawa.<\/p>\n<p>Faites attention \u00e0 vous, cher ami, et bonne chance. Vous nous manquerez au S\u00e9nat, mais j\u2019esp\u00e8re vous revoir bient\u00f4t. Merci.<\/p>\n","protected":false},"excerpt":{"rendered":"<p>L\u2019honorable Patricia Bovey : Honorables s\u00e9nateurs, notre estim\u00e9 coll\u00e8gue, Manitobain et Canadien, le s\u00e9nateur Sinclair, aura \u00e9t\u00e9 la conscience de plusieurs d\u2019entre nous et une inspiration pour la plupart. Les mots ne suffisent pas pour le remercier de tout ce qu\u2019il a fait pour sa province, sa communaut\u00e9 et son pays, et ce, dans toutes&#8230;<\/p>\n","protected":false},"author":3,"featured_media":1904,"comment_status":"closed","ping_status":"closed","sticky":false,"template":"","format":"standard","meta":{"_acf_changed":false,"wds_primary_category":99,"footnotes":""},"categories":[99],"tags":[],"senator_posts":[35],"class_list":["post-2202","post","type-post","status-publish","format-standard","has-post-thumbnail","hentry","category-declarations","senator_posts-l-hon-patricia-bovey"],"acf":[],"_links":{"self":[{"href":"https:\/\/theprogressives.ca\/fr\/wp-json\/wp\/v2\/posts\/2202","targetHints":{"allow":["GET"]}}],"collection":[{"href":"https:\/\/theprogressives.ca\/fr\/wp-json\/wp\/v2\/posts"}],"about":[{"href":"https:\/\/theprogressives.ca\/fr\/wp-json\/wp\/v2\/types\/post"}],"author":[{"embeddable":true,"href":"https:\/\/theprogressives.ca\/fr\/wp-json\/wp\/v2\/users\/3"}],"replies":[{"embeddable":true,"href":"https:\/\/theprogressives.ca\/fr\/wp-json\/wp\/v2\/comments?post=2202"}],"version-history":[{"count":0,"href":"https:\/\/theprogressives.ca\/fr\/wp-json\/wp\/v2\/posts\/2202\/revisions"}],"wp:featuredmedia":[{"embeddable":true,"href":"https:\/\/theprogressives.ca\/fr\/wp-json\/wp\/v2\/media\/1904"}],"wp:attachment":[{"href":"https:\/\/theprogressives.ca\/fr\/wp-json\/wp\/v2\/media?parent=2202"}],"wp:term":[{"taxonomy":"category","embeddable":true,"href":"https:\/\/theprogressives.ca\/fr\/wp-json\/wp\/v2\/categories?post=2202"},{"taxonomy":"post_tag","embeddable":true,"href":"https:\/\/theprogressives.ca\/fr\/wp-json\/wp\/v2\/tags?post=2202"},{"taxonomy":"senator_posts","embeddable":true,"href":"https:\/\/theprogressives.ca\/fr\/wp-json\/wp\/v2\/senator_posts?post=2202"}],"curies":[{"name":"wp","href":"https:\/\/api.w.org\/{rel}","templated":true}]}}