{"id":2181,"date":"2021-02-11T14:04:09","date_gmt":"2021-02-11T19:04:09","guid":{"rendered":"https:\/\/theprogressives.ca\/non-classifiee\/black-history-month\/"},"modified":"2021-06-23T18:02:49","modified_gmt":"2021-06-23T22:02:49","slug":"le-mois-de-lhistoire-des-noirs","status":"publish","type":"post","link":"https:\/\/theprogressives.ca\/fr\/au-senat\/declarations\/le-mois-de-lhistoire-des-noirs\/","title":{"rendered":"Le Mois de l\u2019histoire des Noirs"},"content":{"rendered":"<p><strong>L\u2019honorable Wanda Elaine Thomas Bernard :<\/strong> Honorables s\u00e9nateurs, c\u2019est un honneur de prendre la parole ici aujourd\u2019hui afin de souligner le Mois de l\u2019histoire des Noirs. Cette ann\u00e9e, le th\u00e8me national est : \u00ab L\u2019avenir c\u2019est maintenant. \u00bb<\/p>\n<p>Lorsque je songe \u00e0 l\u2019avenir, je pense \u00e0 nos jeunes \u2014 une g\u00e9n\u00e9ration qui ne cesse de m\u2019impressionner en raison de sa capacit\u00e9 \u00e0 se mobiliser en vue de susciter le changement. Ils sont \u00e0 l\u2019avant-plan de l\u2019innovation et ils r\u00e9alisent les changements qu\u2019ils souhaitent. Nous avons pu constater cette innovation tout au long de 2020 alors que de nombreux jeunes ont organis\u00e9 des manifestations et y ont pris part, exigeant les changements qu\u2019ils souhaitaient obtenir. Ces manifestations \u00e9taient, \u00e0 mes yeux, une preuve de force et de r\u00e9silience.<\/p>\n<p>Aujourd\u2019hui, j\u2019attire votre attention sur un organisme dirig\u00e9 par des Noirs et qui m\u00e8ne un travail crucial de promotion du changement. Cet organisme, Developing Young Leaders of Tomorrow, Today, ou DYLOTT, a \u00e9t\u00e9 fond\u00e9 par Candies Kotchapaw, une travailleuse sociale noire de la r\u00e9gion du Grand Toronto. Il vise \u00e0 favoriser le d\u00e9veloppement, d\u00e8s aujourd\u2019hui, des jeunes leaders de demain. Cet organisme \u0153uvre aupr\u00e8s de jeunes Noirs dans les domaines de l\u2019engagement communautaire, du leadership au niveau local, de la r\u00e9alisation de soi, de la d\u00e9fense des droits syst\u00e9miques et de l\u2019intersectionnalit\u00e9.<\/p>\n<p>DYLOTT offre aussi le programme Black Diplomats Academy, qui cr\u00e9e un espace o\u00f9 les jeunes Noirs de 18 \u00e0 35 ans sont conseill\u00e9s par des leaders noirs. Ce programme leur permet d\u2019acqu\u00e9rir des connaissances au sujet des possibilit\u00e9s de carri\u00e8re, des d\u00e9bouch\u00e9s qui sont viables sur le plan \u00e9conomique, de la formation appropri\u00e9e, de l\u2019enseignement et du mentorat. Ainsi, ces jeunes seront en mesure d\u2019\u00e9tablir des objectifs de d\u00e9veloppement durable. Un r\u00e9seau de dirigeants noirs favorisera des changements syst\u00e9miques durables gr\u00e2ce \u00e0 une collaboration \u00e0 l\u2019\u00e9chelle des syst\u00e8mes, tant sur le plan des politiques que sur le plan communautaire. Ce mod\u00e8le, qui met l\u2019accent sur le mentorat et le leadership noirs, contribuera \u00e0 outiller les jeunes Noirs de fa\u00e7on \u00e0 ce qu\u2019ils prennent d\u00e8s maintenant leur avenir en main.<\/p>\n<p>Honorables s\u00e9nateurs, je rends aujourd\u2019hui hommage \u00e0 l\u2019excellence parmi les jeunes Noirs et remercie Candies Kotchapaw, qui est un exemple de succ\u00e8s \u00e0 l\u2019\u00e9chelle locale parmi les collectivit\u00e9s noires. L\u2019organisme DYLOTT est un chef de file en mati\u00e8re de leadership au sein de la communaut\u00e9 noire et favorise l\u2019\u00e9change des connaissances et le mentorat interg\u00e9n\u00e9rationnels. La voix des jeunes Noirs compte, et leurs exp\u00e9riences comptent tout autant.<\/p>\n<p>Honorables coll\u00e8gues, je crois dans le pouvoir des jeunes Noirs, et ils ont tous le potentiel de r\u00e9aliser et de mener le changement qu\u2019ils souhaitent dans le monde. Merci.<\/p>\n","protected":false},"excerpt":{"rendered":"<p>L\u2019honorable Wanda Elaine Thomas Bernard : Honorables s\u00e9nateurs, c\u2019est un honneur de prendre la parole ici aujourd\u2019hui afin de souligner le Mois de l\u2019histoire des Noirs. Cette ann\u00e9e, le th\u00e8me national est : \u00ab L\u2019avenir c\u2019est maintenant. \u00bb Lorsque je songe \u00e0 l\u2019avenir, je pense \u00e0 nos jeunes \u2014 une g\u00e9n\u00e9ration qui ne cesse de&#8230;<\/p>\n","protected":false},"author":3,"featured_media":1938,"comment_status":"closed","ping_status":"closed","sticky":false,"template":"","format":"standard","meta":{"_acf_changed":false,"wds_primary_category":99,"footnotes":""},"categories":[99],"tags":[],"senator_posts":[40],"class_list":["post-2181","post","type-post","status-publish","format-standard","has-post-thumbnail","hentry","category-declarations","senator_posts-l-hon-wanda-thomas-bernard"],"acf":[],"_links":{"self":[{"href":"https:\/\/theprogressives.ca\/fr\/wp-json\/wp\/v2\/posts\/2181","targetHints":{"allow":["GET"]}}],"collection":[{"href":"https:\/\/theprogressives.ca\/fr\/wp-json\/wp\/v2\/posts"}],"about":[{"href":"https:\/\/theprogressives.ca\/fr\/wp-json\/wp\/v2\/types\/post"}],"author":[{"embeddable":true,"href":"https:\/\/theprogressives.ca\/fr\/wp-json\/wp\/v2\/users\/3"}],"replies":[{"embeddable":true,"href":"https:\/\/theprogressives.ca\/fr\/wp-json\/wp\/v2\/comments?post=2181"}],"version-history":[{"count":0,"href":"https:\/\/theprogressives.ca\/fr\/wp-json\/wp\/v2\/posts\/2181\/revisions"}],"wp:featuredmedia":[{"embeddable":true,"href":"https:\/\/theprogressives.ca\/fr\/wp-json\/wp\/v2\/media\/1938"}],"wp:attachment":[{"href":"https:\/\/theprogressives.ca\/fr\/wp-json\/wp\/v2\/media?parent=2181"}],"wp:term":[{"taxonomy":"category","embeddable":true,"href":"https:\/\/theprogressives.ca\/fr\/wp-json\/wp\/v2\/categories?post=2181"},{"taxonomy":"post_tag","embeddable":true,"href":"https:\/\/theprogressives.ca\/fr\/wp-json\/wp\/v2\/tags?post=2181"},{"taxonomy":"senator_posts","embeddable":true,"href":"https:\/\/theprogressives.ca\/fr\/wp-json\/wp\/v2\/senator_posts?post=2181"}],"curies":[{"name":"wp","href":"https:\/\/api.w.org\/{rel}","templated":true}]}}