{"id":21175,"date":"2026-04-30T16:32:04","date_gmt":"2026-04-30T20:32:04","guid":{"rendered":"https:\/\/theprogressives.ca\/?p=21175"},"modified":"2026-05-01T16:39:16","modified_gmt":"2026-05-01T20:39:16","slug":"le-mois-de-la-parole-et-de-laudition","status":"publish","type":"post","link":"https:\/\/theprogressives.ca\/fr\/au-senat\/declarations\/le-mois-de-la-parole-et-de-laudition\/","title":{"rendered":"Le Mois de la parole et de l\u2019audition"},"content":{"rendered":"<p><iframe title=\"Le s\u00e9nateur Francis parle du Mois de la parole et de l\u2019audition - 30 avril 2026 (source fran\u00e7aise)\" width=\"640\" height=\"360\" data-src=\"https:\/\/www.youtube.com\/embed\/cTGP1pvj2k8?feature=oembed\" frameborder=\"0\" allow=\"accelerometer; autoplay; clipboard-write; encrypted-media; gyroscope; picture-in-picture; web-share\" referrerpolicy=\"strict-origin-when-cross-origin\" allowfullscreen src=\"data:image\/svg+xml;base64,PHN2ZyB3aWR0aD0iMSIgaGVpZ2h0PSIxIiB4bWxucz0iaHR0cDovL3d3dy53My5vcmcvMjAwMC9zdmciPjwvc3ZnPg==\" class=\"lazyload\" data-load-mode=\"1\"><\/iframe><\/p>\n<p><b>L\u2019honorable Brian Francis :<span>\u00a0<\/span><\/b>Honorables s\u00e9nateurs, le mois de\u00a0mai\u00a0est le Mois de la parole et de l\u2019audition au Canada, une campagne annuelle visant \u00e0 sensibiliser le public \u00e0 la sant\u00e9 de la communication et au travail des professionnels d\u00e9vou\u00e9s, notamment les orthophonistes, les audiologistes et les aides en sant\u00e9 de la communication, qui contribuent \u00e0 la pr\u00e9vention, \u00e0 l\u2019\u00e9valuation et au traitement des troubles li\u00e9s \u00e0 ces domaines.<\/p>\n<p>Au Canada, des millions de personnes ont des troubles de la d\u00e9glutition, de la parole, du langage ou des fonctions cognitives, qui peuvent aller de l\u00e9gers \u00e0 tr\u00e8s graves et \u00eatre temporaires ou permanents, ce qui fait des troubles de la communication un enjeu majeur en mati\u00e8re de sant\u00e9 publique et d\u2019accessibilit\u00e9.<\/p>\n<p>Cette ann\u00e9e, le th\u00e8me du Mois de la parole et de l\u2019audition est \u00ab L\u2019acc\u00e8s change tout \u00bb. Un d\u00e9pistage et une intervention pr\u00e9coces permettent d\u2019am\u00e9liorer les r\u00e9sultats en mati\u00e8re de sant\u00e9, de renforcer les liens sociaux et d\u2019offrir davantage de possibilit\u00e9s de participer pleinement \u00e0 la vie scolaire, professionnelle et sociale. C\u2019est pourquoi la sant\u00e9 de la communication est essentielle. Malheureusement, l\u2019acc\u00e8s \u00e0 ces services reste hors de port\u00e9e pour de nombreuses personnes au Canada.<\/p>\n<p>\u00c0 l\u2019\u00cele-du-Prince-\u00c9douard, non seulement le taux d\u2019acc\u00e8s aux soins primaires est le plus bas du Canada, mais l\u2019acc\u00e8s aux services de sp\u00e9cialistes est \u00e9galement limit\u00e9. Par cons\u00e9quent, les habitants de l\u2019\u00eele, en particulier les enfants et les personnes ayant des besoins particuliers, doivent attendre longtemps avant de b\u00e9n\u00e9ficier de services d\u2019orthophonie ou d\u2019autres services.<\/p>\n<p>Si ces difficult\u00e9s existent dans de nombreuses r\u00e9gions du Canada, elles sont encore plus marqu\u00e9es au sein des communaut\u00e9s autochtones. Par exemple, on observe une pr\u00e9valence sup\u00e9rieure d\u2019otites chroniques chez les enfants inuits, des Premi\u00e8res Nations et m\u00e9tis du Nord du Canada, et l\u2019acc\u00e8s limit\u00e9 aux soins expose nombre d\u2019entre eux \u00e0 un risque de perte auditive permanente et \u00e9vitable.<\/p>\n<p>De plus, au d\u00e9but de 2025, le gouvernement f\u00e9d\u00e9ral a consid\u00e9rablement r\u00e9duit la gamme de services admissibles au financement selon le principe de Jordan, dont les services d\u2019orthophonie et d\u2019audiologie, ce qui fait de plus en plus craindre qu\u2019on ne r\u00e9ponde pas aux besoins de milliers d\u2019enfants des Premi\u00e8res Nations.<\/p>\n<p>Chers coll\u00e8gues, en ce Mois de la parole et de l\u2019audition, reconnaissons que<span>\u00a0<\/span><i>L\u2019acc\u00e8s change tout<\/i>. Bien que les services en sant\u00e9 de la communication soient trop souvent consid\u00e9r\u00e9s comme un luxe, la communication est un droit fondamental. Nous devons donc travailler ensemble pour faire en sorte que l\u2019acc\u00e8s rapide, \u00e9quitable et complet devienne une r\u00e9alit\u00e9 pour tous les Canadiens.<\/p>\n<p><i>Wela\u2019lin<\/i>. Merci.<\/p>\n","protected":false},"excerpt":{"rendered":"<p>L\u2019honorable Brian Francis :\u00a0Honorables s\u00e9nateurs, le mois de\u00a0mai\u00a0est le Mois de la parole et de l\u2019audition au Canada, une campagne annuelle visant \u00e0 sensibiliser le public \u00e0 la sant\u00e9 de la communication et au travail des professionnels d\u00e9vou\u00e9s, notamment les orthophonistes, les audiologistes et les aides en sant\u00e9 de la communication, qui contribuent \u00e0 la&#8230;<\/p>\n","protected":false},"author":3,"featured_media":1932,"comment_status":"closed","ping_status":"closed","sticky":false,"template":"","format":"standard","meta":{"_acf_changed":false,"wds_primary_category":0,"footnotes":""},"categories":[99],"tags":[],"senator_posts":[29],"class_list":["post-21175","post","type-post","status-publish","format-standard","has-post-thumbnail","hentry","category-declarations","senator_posts-l-hon-brian-francis"],"acf":[],"_links":{"self":[{"href":"https:\/\/theprogressives.ca\/fr\/wp-json\/wp\/v2\/posts\/21175","targetHints":{"allow":["GET"]}}],"collection":[{"href":"https:\/\/theprogressives.ca\/fr\/wp-json\/wp\/v2\/posts"}],"about":[{"href":"https:\/\/theprogressives.ca\/fr\/wp-json\/wp\/v2\/types\/post"}],"author":[{"embeddable":true,"href":"https:\/\/theprogressives.ca\/fr\/wp-json\/wp\/v2\/users\/3"}],"replies":[{"embeddable":true,"href":"https:\/\/theprogressives.ca\/fr\/wp-json\/wp\/v2\/comments?post=21175"}],"version-history":[{"count":0,"href":"https:\/\/theprogressives.ca\/fr\/wp-json\/wp\/v2\/posts\/21175\/revisions"}],"wp:featuredmedia":[{"embeddable":true,"href":"https:\/\/theprogressives.ca\/fr\/wp-json\/wp\/v2\/media\/1932"}],"wp:attachment":[{"href":"https:\/\/theprogressives.ca\/fr\/wp-json\/wp\/v2\/media?parent=21175"}],"wp:term":[{"taxonomy":"category","embeddable":true,"href":"https:\/\/theprogressives.ca\/fr\/wp-json\/wp\/v2\/categories?post=21175"},{"taxonomy":"post_tag","embeddable":true,"href":"https:\/\/theprogressives.ca\/fr\/wp-json\/wp\/v2\/tags?post=21175"},{"taxonomy":"senator_posts","embeddable":true,"href":"https:\/\/theprogressives.ca\/fr\/wp-json\/wp\/v2\/senator_posts?post=21175"}],"curies":[{"name":"wp","href":"https:\/\/api.w.org\/{rel}","templated":true}]}}