{"id":21153,"date":"2026-04-29T15:58:15","date_gmt":"2026-04-29T19:58:15","guid":{"rendered":"https:\/\/theprogressives.ca\/?p=21153"},"modified":"2026-04-30T16:10:55","modified_gmt":"2026-04-30T20:10:55","slug":"periode-des-questions-la-loi-sur-la-citoyennete","status":"publish","type":"post","link":"https:\/\/theprogressives.ca\/fr\/au-senat\/periode-de-questions\/periode-des-questions-la-loi-sur-la-citoyennete\/","title":{"rendered":"P\u00e9riode des questions : La Loi sur la citoyennet\u00e9"},"content":{"rendered":"<p><iframe title=\"La s\u00e9natrice Miville-Dech\u00eane pose des questions sur la Loi sur la citoyennet\u00e9 - 29 avril 2026 (FR)\" width=\"640\" height=\"360\" data-src=\"https:\/\/www.youtube.com\/embed\/iz-pQqkJZrs?feature=oembed\" frameborder=\"0\" allow=\"accelerometer; autoplay; clipboard-write; encrypted-media; gyroscope; picture-in-picture; web-share\" referrerpolicy=\"strict-origin-when-cross-origin\" allowfullscreen src=\"data:image\/svg+xml;base64,PHN2ZyB3aWR0aD0iMSIgaGVpZ2h0PSIxIiB4bWxucz0iaHR0cDovL3d3dy53My5vcmcvMjAwMC9zdmciPjwvc3ZnPg==\" class=\"lazyload\" data-load-mode=\"1\"><\/iframe><\/p>\n<p><b>L\u2019honorable Julie Miville-Dech\u00eane :<span>\u00a0<\/span><\/b>S\u00e9nateur Moreau, l\u2019adoption du projet de loi\u00a0C-3 en\u00a0d\u00e9cembre\u00a0dernier a modifi\u00e9 de mani\u00e8re importante la Loi sur l\u2019immigration et la protection des r\u00e9fugi\u00e9s. La citoyennet\u00e9 par filiation, qui s\u2019appliquait seulement \u00e0 la premi\u00e8re g\u00e9n\u00e9ration n\u00e9e \u00e0 l\u2019ext\u00e9rieur du Canada, s\u2019applique maintenant aux deuxi\u00e8me, troisi\u00e8me, et th\u00e9oriquement aux quatri\u00e8me et cinqui\u00e8me g\u00e9n\u00e9rations n\u00e9es \u00e0 l\u2019ext\u00e9rieur du pays.<\/p>\n<p>On peut lire dans le<span>\u00a0<\/span><i>New York Times<\/i><span>\u00a0<\/span>que, si tous les gens qui y ont droit se pr\u00e9valaient des nouvelles r\u00e8gles, des millions de personnes qui ont un grand-p\u00e8re, une grand-m\u00e8re ou un arri\u00e8re-grand-p\u00e8re canadien pourraient obtenir leur citoyennet\u00e9 canadienne. D\u00e9j\u00e0, depuis un an, on remarque une hausse de 50\u00a0% des demandes de citoyennet\u00e9 canadienne faites par des Am\u00e9ricains qui sont accept\u00e9es.<\/p>\n<p>Le gouvernement peut-il nous fournir une estimation du nombre de nouveaux citoyens au fil des\u00a0ans? Tr\u00e8s peu de pays, \u00e0 l\u2019exception du Portugal et de la Slovaquie, ont des politiques aussi g\u00e9n\u00e9reuses en la mati\u00e8re.<\/p>\n<p><b>L\u2019honorable Pierre Moreau (repr\u00e9sentant du gouvernement au S\u00e9nat) :<span>\u00a0<\/span><\/b>Je vous remercie de la question.<\/p>\n<p>Permettez-moi d\u2019indiquer que le nouveau programme de citoyennet\u00e9 n\u2019est pas ouvert \u00e0 toutes les g\u00e9n\u00e9rations sans restrictions. Les personnes n\u00e9es ou adopt\u00e9es \u00e0 l\u2019\u00e9tranger \u00e0 compter du 15\u00a0d\u00e9cembre\u00a02025 qui ont un parent canadien \u00e9galement n\u00e9 ou adopt\u00e9 \u00e0 l\u2019\u00e9tranger doivent d\u00e9montrer que ce parent a un lien substantiel avec le Canada pour \u00eatre admissibles. Le lien substantiel est notamment d\u00e9fini par une pr\u00e9sence physique cumulative de trois\u00a0ans au Canada, ce qui restreint un peu l\u2019accessibilit\u00e9 par rapport aux chiffres avanc\u00e9s par le<span>\u00a0<\/span><i>New York Times<\/i>.<\/p>\n<p>Toutefois, le minist\u00e8re estime que la majorit\u00e9 des cas de personnes qui ont perdu leur citoyennet\u00e9 ont \u00e9t\u00e9 r\u00e9solus \u00e0 la suite des modifications l\u00e9gislatives mises en \u0153uvre de 2009 \u00e0 2015, ce qui a permis \u00e0 environ 20\u00a0000 personnes d\u2019obtenir ou de recouvrer leur citoyennet\u00e9. Le gouvernement et le minist\u00e8re estiment qu\u2019il n\u2019y a eu ni pr\u00e9cipitation ni augmentation soudaine sur une p\u00e9riode\u00a0\u2014<\/p>\n<p><b>Son Honneur la Pr\u00e9sidente :<span>\u00a0<\/span><\/b>Merci, s\u00e9nateur Moreau.<\/p>\n<p><b>La s\u00e9natrice Miville-Dech\u00eane :<span>\u00a0<\/span><\/b>\u00c9tant donn\u00e9 que pr\u00e8s d\u2019un million de Canadiens fran\u00e7ais ont \u00e9migr\u00e9 en Nouvelle-Angleterre au XIX<sup>e<\/sup><span>\u00a0<\/span>si\u00e8cle et surtout au d\u00e9but du XX<sup>e<\/sup><span>\u00a0<\/span>si\u00e8cle, le gouvernement fera-t-il mieux conna\u00eetre cette nouvelle politique dans les \u00c9tats de la Nouvelle-Angleterre pour que les Gagnon, Tremblay et Robichaud, qui ont \u00e9t\u00e9, d\u2019une g\u00e9n\u00e9ration \u00e0 l\u2019autre, Canadiens puis Franco-Am\u00e9ricains puis Am\u00e9ricains tout court, puissent \u00e9ventuellement revenir au pays de leurs anc\u00eatres s\u2019ils le d\u00e9sirent?<\/p>\n<p><b>Le s\u00e9nateur Moreau :<span>\u00a0<\/span><\/b>J\u2019ajouterais \u00e0 ma r\u00e9ponse principale pour vous dire qu\u2019au plus fort des changements, le minist\u00e8re recevait environ 2 400 demandes par ann\u00e9e, ce qui n\u2019est pas \u00e9norme.<\/p>\n<p>En r\u00e9ponse \u00e0 votre question compl\u00e9mentaire, le gouvernement s\u2019est assur\u00e9 d\u2019\u00e9tablir proactivement des liens de communication avec les personnes susceptibles d\u2019\u00eatre touch\u00e9es par l\u2019entr\u00e9e en vigueur du projet de loi\u00a0C-3. Immigration, R\u00e9fugi\u00e9s et Citoyennet\u00e9 Canada collabore avec ses homologues, tant au Canada qu\u2019\u00e0 l\u2019\u00e9tranger, pour veiller \u00e0 \u00eatre en contact avec les personnes susceptibles de b\u00e9n\u00e9ficier des mesures du projet de loi\u00a0C-3.<\/p>\n","protected":false},"excerpt":{"rendered":"<p>L\u2019honorable Julie Miville-Dech\u00eane :\u00a0S\u00e9nateur Moreau, l\u2019adoption du projet de loi\u00a0C-3 en\u00a0d\u00e9cembre\u00a0dernier a modifi\u00e9 de mani\u00e8re importante la Loi sur l\u2019immigration et la protection des r\u00e9fugi\u00e9s. La citoyennet\u00e9 par filiation, qui s\u2019appliquait seulement \u00e0 la premi\u00e8re g\u00e9n\u00e9ration n\u00e9e \u00e0 l\u2019ext\u00e9rieur du Canada, s\u2019applique maintenant aux deuxi\u00e8me, troisi\u00e8me, et th\u00e9oriquement aux quatri\u00e8me et cinqui\u00e8me g\u00e9n\u00e9rations n\u00e9es \u00e0&#8230;<\/p>\n","protected":false},"author":3,"featured_media":1956,"comment_status":"closed","ping_status":"closed","sticky":false,"template":"","format":"standard","meta":{"_acf_changed":false,"wds_primary_category":0,"footnotes":""},"categories":[97],"tags":[],"senator_posts":[198],"class_list":["post-21153","post","type-post","status-publish","format-standard","has-post-thumbnail","hentry","category-periode-de-questions","senator_posts-l-hon-julie-miville-dechene"],"acf":[],"_links":{"self":[{"href":"https:\/\/theprogressives.ca\/fr\/wp-json\/wp\/v2\/posts\/21153","targetHints":{"allow":["GET"]}}],"collection":[{"href":"https:\/\/theprogressives.ca\/fr\/wp-json\/wp\/v2\/posts"}],"about":[{"href":"https:\/\/theprogressives.ca\/fr\/wp-json\/wp\/v2\/types\/post"}],"author":[{"embeddable":true,"href":"https:\/\/theprogressives.ca\/fr\/wp-json\/wp\/v2\/users\/3"}],"replies":[{"embeddable":true,"href":"https:\/\/theprogressives.ca\/fr\/wp-json\/wp\/v2\/comments?post=21153"}],"version-history":[{"count":0,"href":"https:\/\/theprogressives.ca\/fr\/wp-json\/wp\/v2\/posts\/21153\/revisions"}],"wp:featuredmedia":[{"embeddable":true,"href":"https:\/\/theprogressives.ca\/fr\/wp-json\/wp\/v2\/media\/1956"}],"wp:attachment":[{"href":"https:\/\/theprogressives.ca\/fr\/wp-json\/wp\/v2\/media?parent=21153"}],"wp:term":[{"taxonomy":"category","embeddable":true,"href":"https:\/\/theprogressives.ca\/fr\/wp-json\/wp\/v2\/categories?post=21153"},{"taxonomy":"post_tag","embeddable":true,"href":"https:\/\/theprogressives.ca\/fr\/wp-json\/wp\/v2\/tags?post=21153"},{"taxonomy":"senator_posts","embeddable":true,"href":"https:\/\/theprogressives.ca\/fr\/wp-json\/wp\/v2\/senator_posts?post=21153"}],"curies":[{"name":"wp","href":"https:\/\/api.w.org\/{rel}","templated":true}]}}