{"id":21146,"date":"2026-04-29T15:36:01","date_gmt":"2026-04-29T19:36:01","guid":{"rendered":"https:\/\/theprogressives.ca\/?p=21146"},"modified":"2026-04-30T15:40:51","modified_gmt":"2026-04-30T19:40:51","slug":"genevieve-mottard","status":"publish","type":"post","link":"https:\/\/theprogressives.ca\/fr\/au-senat\/declarations\/genevieve-mottard\/","title":{"rendered":"Genevi\u00e8ve Mottard"},"content":{"rendered":"<p><iframe title=\"La s\u00e9natrice Henkel parle de Genevi\u00e8ve Mottard - 29 avril 2026 (source fran\u00e7aise)\" width=\"640\" height=\"360\" data-src=\"https:\/\/www.youtube.com\/embed\/vDf16mawgSk?feature=oembed\" frameborder=\"0\" allow=\"accelerometer; autoplay; clipboard-write; encrypted-media; gyroscope; picture-in-picture; web-share\" referrerpolicy=\"strict-origin-when-cross-origin\" allowfullscreen src=\"data:image\/svg+xml;base64,PHN2ZyB3aWR0aD0iMSIgaGVpZ2h0PSIxIiB4bWxucz0iaHR0cDovL3d3dy53My5vcmcvMjAwMC9zdmciPjwvc3ZnPg==\" class=\"lazyload\" data-load-mode=\"1\"><\/iframe><\/p>\n<p><b>L\u2019honorable Dani\u00e8le Henkel :<span>\u00a0<\/span><\/b>Honorables s\u00e9nateurs, je prends la parole aujourd\u2019hui pour rendre hommage \u00e0 une femme remarquable\u00a0: Mme\u00a0Genevi\u00e8ve Mottard, pr\u00e9sidente et cheffe de la direction de l\u2019Ordre des comptables professionnels agr\u00e9\u00e9s du Qu\u00e9bec.<\/p>\n<p>Tout commence par une r\u00e9v\u00e9lation. \u00c9tudiante, elle assiste \u00e0 son premier cours de comptabilit\u00e9 et il se passe quelque chose. Le soir m\u00eame, sur le napperon de papier du restaurant du coin, elle trace un plan sur cinq\u00a0ans qui contient les \u00e9tapes \u00e0 suivre et l\u2019examen \u00e0 passer. Son objectif \u00e9tait de devenir CPA, et c\u2019est exactement ce qu\u2019elle a fait.<\/p>\n[<i>Traduction<\/i>]\n<p>En 2016, \u00e0 seulement 41\u00a0ans, elle est devenue la toute premi\u00e8re femme \u00e0 occuper ce poste. Aujourd\u2019hui, elle est \u00e0 la t\u00eate d\u2019une institution qui compte plus de 42\u00a0000 membres.<\/p>\n<p>Cette r\u00e9alisation rev\u00eat une signification particuli\u00e8re dans un domaine g\u00e9n\u00e9ralement consid\u00e9r\u00e9 comme aust\u00e8re et domin\u00e9 par les hommes. Au milieu de ces st\u00e9r\u00e9otypes, elle a donn\u00e9 l\u2019exemple. Malgr\u00e9 la r\u00e9sistance au changement et les jugements port\u00e9s sur les femmes qui acc\u00e8dent \u00e0 des postes de direction, elle a toujours su faire preuve de rigueur, d\u2019humanit\u00e9 et de vision.<\/p>\n<p>Son leadership a transform\u00e9 la profession en red\u00e9finissant le r\u00f4le du comptable professionnel agr\u00e9\u00e9 comme \u00e9tant non seulement un simple sp\u00e9cialiste des chiffres, mais aussi un v\u00e9ritable partenaire strat\u00e9gique\u00a0\u2014 un \u00ab psychologue de l\u2019argent \u00bb\u00a0\u2014 capable d\u2019appuyer les entreprises et les particuliers dans un monde en rapide \u00e9volution qui est fa\u00e7onn\u00e9 par l\u2019intelligence artificielle.<\/p>\n[<i>Fran\u00e7ais<\/i>]\n<p>Elle est aussi membre du conseil et du bureau de la F\u00e9d\u00e9ration internationale des experts-comptables francophones. Son engagement d\u00e9passe les fronti\u00e8res du Qu\u00e9bec.<\/p>\n<p>Dix\u00a0ans apr\u00e8s sa nomination, elle peut regarder le chemin parcouru avec une fiert\u00e9 enti\u00e8rement m\u00e9rit\u00e9e. Elle a fait de la protection du public une mission noble, port\u00e9e avec conviction.<\/p>\n<p>Madame Mottard, en mon nom personnel, au nom du S\u00e9nat ainsi qu\u2019\u00e0 celui de tous les citoyens qu\u00e9b\u00e9cois et canadiens, je vous remercie. Vous avez ouvert une porte qui reste grande ouverte pour toutes celles qui souhaiteront la franchir.<\/p>\n<p>Merci.<span>\u00a0<\/span><i>Meegwetch<\/i>.<\/p>\n","protected":false},"excerpt":{"rendered":"<p>L\u2019honorable Dani\u00e8le Henkel :\u00a0Honorables s\u00e9nateurs, je prends la parole aujourd\u2019hui pour rendre hommage \u00e0 une femme remarquable\u00a0: Mme\u00a0Genevi\u00e8ve Mottard, pr\u00e9sidente et cheffe de la direction de l\u2019Ordre des comptables professionnels agr\u00e9\u00e9s du Qu\u00e9bec. Tout commence par une r\u00e9v\u00e9lation. \u00c9tudiante, elle assiste \u00e0 son premier cours de comptabilit\u00e9 et il se passe quelque chose. Le soir&#8230;<\/p>\n","protected":false},"author":3,"featured_media":1920,"comment_status":"closed","ping_status":"closed","sticky":false,"template":"","format":"standard","meta":{"_acf_changed":false,"wds_primary_category":0,"footnotes":""},"categories":[99],"tags":[],"senator_posts":[194],"class_list":["post-21146","post","type-post","status-publish","format-standard","has-post-thumbnail","hentry","category-declarations","senator_posts-l-hon-daniele-henkel"],"acf":[],"_links":{"self":[{"href":"https:\/\/theprogressives.ca\/fr\/wp-json\/wp\/v2\/posts\/21146","targetHints":{"allow":["GET"]}}],"collection":[{"href":"https:\/\/theprogressives.ca\/fr\/wp-json\/wp\/v2\/posts"}],"about":[{"href":"https:\/\/theprogressives.ca\/fr\/wp-json\/wp\/v2\/types\/post"}],"author":[{"embeddable":true,"href":"https:\/\/theprogressives.ca\/fr\/wp-json\/wp\/v2\/users\/3"}],"replies":[{"embeddable":true,"href":"https:\/\/theprogressives.ca\/fr\/wp-json\/wp\/v2\/comments?post=21146"}],"version-history":[{"count":0,"href":"https:\/\/theprogressives.ca\/fr\/wp-json\/wp\/v2\/posts\/21146\/revisions"}],"wp:featuredmedia":[{"embeddable":true,"href":"https:\/\/theprogressives.ca\/fr\/wp-json\/wp\/v2\/media\/1920"}],"wp:attachment":[{"href":"https:\/\/theprogressives.ca\/fr\/wp-json\/wp\/v2\/media?parent=21146"}],"wp:term":[{"taxonomy":"category","embeddable":true,"href":"https:\/\/theprogressives.ca\/fr\/wp-json\/wp\/v2\/categories?post=21146"},{"taxonomy":"post_tag","embeddable":true,"href":"https:\/\/theprogressives.ca\/fr\/wp-json\/wp\/v2\/tags?post=21146"},{"taxonomy":"senator_posts","embeddable":true,"href":"https:\/\/theprogressives.ca\/fr\/wp-json\/wp\/v2\/senator_posts?post=21146"}],"curies":[{"name":"wp","href":"https:\/\/api.w.org\/{rel}","templated":true}]}}