{"id":21138,"date":"2026-04-28T13:51:00","date_gmt":"2026-04-28T17:51:00","guid":{"rendered":"https:\/\/theprogressives.ca\/?p=21138"},"modified":"2026-04-29T14:01:14","modified_gmt":"2026-04-29T18:01:14","slug":"le-rapport-final-de-lassemblee-canadienne-de-la-jeunesse-sur-le-climat-interpellation-2","status":"publish","type":"post","link":"https:\/\/theprogressives.ca\/fr\/au-senat\/discours\/le-rapport-final-de-lassemblee-canadienne-de-la-jeunesse-sur-le-climat-interpellation-2\/","title":{"rendered":"Le rapport final de l\u2019Assembl\u00e9e canadienne de la jeunesse sur le climat\u2014Interpellation"},"content":{"rendered":"<p><iframe title=\"La s\u00e9natrice Hay parle du rapport final de l\u2019Assembl\u00e9e canadienne de la jeunesse sur le climat\" width=\"640\" height=\"360\" data-src=\"https:\/\/www.youtube.com\/embed\/0Q3j42Ig4rY?feature=oembed\" frameborder=\"0\" allow=\"accelerometer; autoplay; clipboard-write; encrypted-media; gyroscope; picture-in-picture; web-share\" referrerpolicy=\"strict-origin-when-cross-origin\" allowfullscreen src=\"data:image\/svg+xml;base64,PHN2ZyB3aWR0aD0iMSIgaGVpZ2h0PSIxIiB4bWxucz0iaHR0cDovL3d3dy53My5vcmcvMjAwMC9zdmciPjwvc3ZnPg==\" class=\"lazyload\" data-load-mode=\"1\"><\/iframe><\/p>\n<p><b>L\u2019honorable Katherine Hay :<span>\u00a0<\/span><\/b>Honorables s\u00e9nateurs, je ne sais pas si je suis la derni\u00e8re \u00e0 prendre la parole ce soir. Je me tiens entre vous et votre r\u00e9union de comit\u00e9 ou votre d\u00eener. Je commencerai par quatre mots seulement\u00a0: gentillesse, leadership, courage et espoir. C\u2019est de cela que je veux parler aujourd\u2019hui.<\/p>\n<p>Avec de la gentillesse, du leadership, de l\u2019espoir et un peu de courage et de cran, on fait bouger les choses. Le changement s\u2019amorce. Des mesures sont prises. Cela ne fait aucun doute.<\/p>\n<p>Commen\u00e7ons par la gentillesse. C\u2019est un excellent point de d\u00e9part. Commen\u00e7ons par la s\u00e9natrice Mary Coyle. C\u2019est indiscutable\u00a0: elle est une des personnes les plus gentilles qui soient. Aujourd\u2019hui, je tiens \u00e0 saluer la s\u00e9natrice Mary Coyle, une leader extraordinaire et une parlementaire de premier ordre qui met en lumi\u00e8re des questions mondiales d\u2019une importance cruciale. Je crois que c\u2019est ce qui compte pour elle.<\/p>\n<p>Elle ne m\u00e9nage aucun effort pour faire bouger les choses, comme je l\u2019ai dit, anim\u00e9e par ses valeurs, au service des Canadiens d\u2019un oc\u00e9an \u00e0 l\u2019autre.<\/p>\n<p>Il y a presque exactement un an aujourd\u2019hui, \u00e0 quelques jours pr\u00e8s, j\u2019\u00e9tais une s\u00e9natrice fra\u00eechement nomm\u00e9e qui n\u2019avait pas encore pr\u00eat\u00e9 serment. Je pense que vous voyez o\u00f9 je veux en venir, s\u00e9natrice. Je m\u2019en souviens tr\u00e8s bien. Je d\u00e9ambulais dans les couloirs impressionnants de l\u2019\u00e9difice de l\u2019Est. J\u2019\u00e9tais sans doute un peu perdue, et pas seulement parce que je ne savais pas comment me rendre \u00e0 mon bureau provisoire, qui se trouvait au sous-sol de l\u2019\u00e9difice Est, juste \u00e0 c\u00f4t\u00e9 de la chaufferie. Le s\u00e9nateur Ince conna\u00eet tr\u00e8s bien cet endroit, car nous partagions ce bureau.<\/p>\n<p>Je me disais\u00a0: \u00ab Me\u00a0voici donc au S\u00e9nat. Ai-je vraiment ma place ici? Par o\u00f9 commencer? \u00bb<\/p>\n<p>Ce n\u2019\u00e9tait peut-\u00eatre pas un miracle, mais j\u2019aime bien penser que \u00e7a l\u2019\u00e9tait\u00a0: la s\u00e9natrice Coyle est sortie de son bureau et, dans un \u00e9lan de gentillesse, elle m\u2019a invit\u00e9e \u00e0 la rencontrer. J\u2019ai alors v\u00e9cu ma premi\u00e8re v\u00e9ritable rencontre en personne avec une s\u00e9natrice, en tant que s\u00e9natrice, pour discuter des affaires du S\u00e9nat. Je ne vais pas canaliser ma Sally Field int\u00e9rieure, si vous voyez ce que je veux dire, mais cette rencontre a eu deux effets sur moi\u00a0: j\u2019ai commenc\u00e9 \u00e0 sentir que j\u2019avais ma place au S\u00e9nat et j\u2019ai vu par o\u00f9 commencer en tant que membre du groupe S\u00e9nateurs pour les solutions climatiques. Je serai \u00e9ternellement reconnaissante pour cette journ\u00e9e inspirante.<\/p>\n<p>C\u2019est de sa bienveillance que d\u00e9coule le leadership dont j\u2019ai parl\u00e9\u00a0: un leadership fort, r\u00e9fl\u00e9chi, inclusif, de grande envergure et pertinent. Votre leadership et votre travail sont tr\u00e8s importants, s\u00e9natrice. Votre interpellation est tr\u00e8s importante. Les changements climatiques sont bien r\u00e9els. Vous n\u2019avez pas besoin de chercher bien loin pour les constater et en subir les cons\u00e9quences.<\/p>\n<p>En fait, je vais revenir sur un article\u00a0publi\u00e9 le 24 avril, il y a quelques jours \u00e0 peine, dans le<span>\u00a0<\/span><i>Globe and Mail<\/i>\u00a0:<\/p>\n<p style=\"padding-left: 40px;\">Sous le soleil de minuit, le 14\u00a0juillet\u00a02024, Kevin Arey se trouvait \u00e0 Shingle Point\u00a0\u2014 un camp estival c\u00f4tier pour les familles inuvialuites sur la c\u00f4te du Yukon, au bord de la mer de Beaufort\u00a0\u2014 lorsqu\u2019il s\u2019est arr\u00eat\u00e9 brusquement. L\u00e0, dans l\u2019oc\u00e9an, se trouvait un castor.<\/p>\n<p style=\"padding-left: 40px;\">M.\u00a0Arey est un agent charg\u00e9 de la surveillance d\u2019Imaryuk, dont le travail consiste \u00e0 prot\u00e9ger les poissons, la faune et les terres traditionnelles dans [&#8230;] la r\u00e9gion la plus \u00e0 l\u2019ouest de l\u2019Inuit Nunangat, la patrie des Inuits au Canada.<\/p>\n<p style=\"padding-left: 40px;\">Dans sa jeunesse, il n\u2019avait jamais vu de castor sur ces terres et dans ces cours d\u2019eau, et encore moins en eau sal\u00e9e. Aujourd\u2019hui, il dit\u00a0: \u00ab Ils sont partout\u00a0\u2014 dans chaque recoin du delta. \u00bb<\/p>\n<p style=\"padding-left: 40px;\">De nouvelles recherches confirment que [&#8230;] en raison des changements climatiques, le rongeur le plus c\u00e9l\u00e8bre de l\u2019Am\u00e9rique du Nord s\u2019installe dans le Grand Nord, ce qui a des cons\u00e9quences en cascade sur les cours d\u2019eau, la faune et un mode de vie.<\/p>\n<p>Il faut du leadership.<\/p>\n<p>Je regarde autour de moi dans cette enceinte. Il est impressionnant de voir tout le leadership qui \u00e9mane des quatre coins de cette salle, de chacun d\u2019entre vous\u00a0\u2014 des ann\u00e9es d\u2019exp\u00e9rience et des parcours uniques\u00a0\u2014 et pourtant, nous partageons tous un objectif commun. Peu importe o\u00f9 nous si\u00e9geons dans cette enceinte, ou pourquoi, ce d\u00e9nominateur commun, c\u2019est le service public, le fait d\u2019\u0153uvrer au nom de la population canadienne. Vous le savez tous. Vous en \u00eates la preuve. Vous le vivez. Je le vois. Je le ressens. Je le respecte. Je ne veux en aucun cas le minimiser, de quelque mani\u00e8re que ce soit. Pourtant, c\u2019est exactement ce que j\u2019attends des s\u00e9nateurs au S\u00e9nat du Canada\u00a0: du leadership.<\/p>\n<p>Sans vouloir le minimiser en aucune fa\u00e7on, c\u2019est pourtant l\u2019endroit \u00e9vident o\u00f9 chercher le leadership\u00a0: le S\u00e9nat du Canada. Parfois, cependant, c\u2019est dans cet endroit que j\u2019ai trouv\u00e9 des choses auxquelles je ne m\u2019attendais pas. Parfois, il faut faire des vagues ou faire bouger l\u2019aiguille dans une autre direction. Les gens des Maritimes le savent\u00a0\u2014 comme les gens de partout au pays\u00a0\u2014, si l\u2019aiguille bouge d\u2019un degr\u00e9 ou si le navire bouge d\u2019un degr\u00e9, la direction change.<\/p>\n<p>Ce que je nous demande de faire, c\u2019est de nous engager dans une r\u00e9flexion libre et innovante, sans \u00eatre entrav\u00e9s par le protocole, anim\u00e9s par le courage et la t\u00e9nacit\u00e9. Il y a des voix qui sont peut-\u00eatre plus discr\u00e8tes que les n\u00f4tres, mais qui sont peut-\u00eatre plus farouchement d\u00e9termin\u00e9es parce qu\u2019elles voient un avenir qu\u2019elles devraient pouvoir fa\u00e7onner, mais qui n\u2019est pas entre leurs mains.<\/p>\n<p>On trouve de jeunes leaders au sein de toutes les collectivit\u00e9s que nous servons. Ce sont des leaders extraordinaires, courageux et d\u00e9termin\u00e9s. Ce sont les leaders de l\u2019Assembl\u00e9e canadienne de la jeunesse sur le climat. Beaucoup de gens disent\u00a0\u2014 toujours avec tendresse, bienveillance et gentillesse, bien s\u00fbr\u00a0\u2014 que les jeunes sont nos futurs leaders.<\/p>\n<p>Parfois, chers amis, c\u2019est presque une mise en sc\u00e8ne\u00a0: on rend hommage aux leaders de demain, aux jeunes et aux futurs dirigeants de nos communaut\u00e9s et de notre pays. Je suis cat\u00e9goriquement et totalement en d\u00e9saccord avec cela. Je ne suis pas d\u2019accord. Ils ne sont pas du tout nos dirigeants de demain. Ils sont d\u00e9j\u00e0 des leaders, que ce soit \u00e9vident ou non. Les jeunes du Canada font d\u00e9j\u00e0 preuve d\u2019un leadership extraordinaire.<\/p>\n<p>Il y a de nombreuses ann\u00e9es, j\u2019ai eu le privil\u00e8ge de travailler aux c\u00f4t\u00e9s de jeunes et j\u2019ai toujours continu\u00e9 ainsi depuis. Sous l\u2019impulsion de la jeunesse, le domaine de la sant\u00e9 mentale en ligne a \u00e9t\u00e9 litt\u00e9ralement repens\u00e9, et cela n\u2019avait rien de sorcier. Il s\u2019agissait simplement d\u2019avoir un bon sens des affaires.<\/p>\n<p>En 2017, j\u2019ai regard\u00e9 qui si\u00e9geait au conseil d\u2019administration de Jeunesse, J\u2019\u00e9coute\u00a0\u2014 et oui, je continue de promouvoir la seule solution de sant\u00e9 mentale en ligne accessible en tout temps pour les jeunes au Canada. Je me suis demand\u00e9 comment ce groupe, compos\u00e9 principalement de banquiers et d\u2019avocats de Toronto ou d\u2019autres grandes villes d\u2019affaires du pays, allait pouvoir agir avec discernement \u00ab au nom des jeunes \u00bb.<\/p>\n<p>J\u2019ai eu une r\u00e9v\u00e9lation. Ils ne devaient pas agir \u00ab au nom des jeunes \u00bb. Ce qu\u2019ils devaient faire, c\u2019\u00e9tait agir \u00ab aux c\u00f4t\u00e9s des jeunes \u00bb.<\/p>\n<p>En fait, ce n\u2019est pas sorcier. Nous avons modifi\u00e9 nos r\u00e8glements\u00a0\u2014 c\u2019est tr\u00e8s simple\u00a0\u2014 pour exiger qu\u2019un membre d\u2019office ayant droit de vote au conseil d\u2019administration et au sein de chaque comit\u00e9 permanent de ce conseil soit issu de notre conseil national de la jeunesse. Sinon, le conseil d\u2019administration se trouverait en situation de non-conformit\u00e9, ce qui constituerait un v\u00e9ritable probl\u00e8me de gouvernance.<\/p>\n<p>Parall\u00e8lement, depuis que nous avons pris cette mesure\u00a0\u2014 en modifiant les r\u00e8glements\u00a0\u2014, nous avons fait de m\u00eame pour le conseil consultatif autochtone et notre conseil consultatif des Noirs. Des jeunes ont ainsi \u00e9t\u00e9 int\u00e9gr\u00e9s au conseil d\u2019administration en tant que membres votants d\u2019office et, maintenant, 50\u00a0% des membres de tous ces conseils sont des jeunes d\u2019un bout \u00e0 l\u2019autre du pays.<\/p>\n<p>Qu\u2019est-ce que cela a donn\u00e9? Les jeunes ont co-cr\u00e9\u00e9 chaque programme de service. Les jeunes ont r\u00e9orient\u00e9 la strat\u00e9gie d\u2019une organisation nationale. Ils se sont pr\u00e9sent\u00e9s \u00e0 ces tables de gouvernance prestigieuses, pr\u00e9par\u00e9s et pr\u00eats \u00e0 servir. Ils ont fait entendre leur voix avec courage.<\/p>\n<p>Pouvez-vous imaginer \u00eatre en premi\u00e8re ann\u00e9e d\u2019universit\u00e9 et vous retrouver assis autour d\u2019une table avec des gens comme nous? C\u2019\u00e9tait assez intimidant, et pourtant, ils l\u2019ont fait. Ils ont en fait lib\u00e9r\u00e9 le potentiel de Jeunesse, J\u2019\u00e9coute, notamment gr\u00e2ce \u00e0 sa nouvelle image de marque et \u00e0 son engagement envers l\u2019innovation. Si nous nous sommes lanc\u00e9s dans l\u2019intelligence artificielle, c\u2019est gr\u00e2ce \u00e0 la jeunesse. Puis, une pand\u00e9mie mondiale a paralys\u00e9 le monde. C\u2019\u00e9tait avant la pand\u00e9mie, et depuis, Jeunesse, J\u2019\u00e9coute a connu une croissance de 250\u00a0% dans tous les domaines de l\u2019organisme\u00a0: des activit\u00e9s de premi\u00e8re ligne au financement. Cela n\u2019aurait pas \u00e9t\u00e9 possible sans la pr\u00e9sence de jeunes leaders dans tous les processus d\u00e9cisionnels.<\/p>\n<p>Les jeunes ont incarn\u00e9 et incarnent le leadership. Je vous raconte cette histoire, car il ne devrait pas \u00eatre difficile de faire preuve d\u2019inclusion, en invitant ceux que nous servons \u00e0 prendre part aux prises de d\u00e9cision. Cela ne devrait pas \u00eatre difficile. De plus, chers coll\u00e8gues, c\u2019est une bonne d\u00e9cision sur le plan commercial.<\/p>\n<p>En tant que dirigeants adultes du monde des affaires, notre r\u00f4le, ce n\u2019est pas de nous contenter de saluer le leadership dont font preuve les jeunes, de les f\u00e9liciter chaleureusement ou d\u2019\u00eatre fiers d\u2019eux, pour ensuite passer \u00e0 autre chose. Notre r\u00f4le est d\u2019inviter ces leaders d\u2019aujourd\u2019hui aux discussions, de les \u00e9couter, de les prendre en compte et de veiller \u00e0 ce qu\u2019ils participent activement \u00e0 l\u2019\u00e9laboration des d\u00e9cisions qui d\u00e9finiront l\u2019avenir de nous tous.<\/p>\n<p>C\u2019est pourquoi je ressens une grande urgence et un \u00e9norme respect pour le travail de l\u2019Assembl\u00e9e canadienne de la jeunesse sur le climat. Cet incroyable groupe de leaders s\u2019est assis ici m\u00eame, dans cette enceinte, dans nos si\u00e8ges de d\u00e9cideurs, l\u2019automne dernier. J\u2019adore ce symbolisme. Ce fut un moment marquant pour moi.<\/p>\n<p>Vous m\u2019avez peut-\u00eatre d\u00e9j\u00e0 entendue dire\u00a0: \u00ab Sachez qui vous \u00eates et vous saurez o\u00f9 vous devez aller. \u00bb Les jeunes assis dans cette enceinte savaient qui ils \u00e9taient, et ils savaient exactement o\u00f9 diable ils devraient et o\u00f9 nous devrions aller en mati\u00e8re de climat. Ils le savaient vraiment. L\u2019Assembl\u00e9e canadienne de la jeunesse sur le climat est importante. Elle fait bouger les choses, et j\u2019adore la fa\u00e7on dont elle a pr\u00e9sent\u00e9 son message.<\/p>\n<p>La voix des jeunes \u00e9tait claire. Leur message aux parlementaires \u00e9tait clair\u00a0: ne vous contentez pas de parler des changements climatiques, engagez-vous en faveur de changements concrets. L\u2019avenir en d\u00e9pend.<\/p>\n<p>Le rapport qu\u2019ils ont r\u00e9dig\u00e9 est novateur, et il faut en tenir compte. Ce rapport aborde ouvertement l\u2019\u00e9coanxi\u00e9t\u00e9, le chagrin, la frustration et la d\u00e9tresse \u00e9motionnelle li\u00e9s aux changements climatiques. C\u2019est le reflet d\u2019une g\u00e9n\u00e9ration qui porte un v\u00e9ritable fardeau \u00e9motionnel lorsqu\u2019elle envisage ce que l\u2019avenir pourrait lui r\u00e9server. Cela a une importance capitale.<\/p>\n<p>Vous savez que je devais consulter les donn\u00e9es, et celles-ci r\u00e9v\u00e8lent les r\u00e9percussions des changements climatiques sur les jeunes et sur leur bien-\u00eatre. Il y a quelques ann\u00e9es, pour la premi\u00e8re fois, l\u2019anxi\u00e9t\u00e9 li\u00e9e au climat ou \u00e0 l\u2019environnement faisait partie\u00a0des 10 principales raisons pour lesquelles les jeunes faisaient appel \u00e0 Jeunesse, J\u2019\u00e9coute, et cette raison se classait au sixi\u00e8me rang.<\/p>\n<p>Pour vous donner une id\u00e9e de l\u2019ampleur de la situation, soulignons que cela fait l\u2019objet de 4,5 millions d\u2019interactions par ann\u00e9e. C\u2019est beaucoup. C\u2019est l\u2019un des 10 sujets qui font partie\u00a0de ce palmar\u00e8s peu reluisant. Soulignons par ailleurs que les jeunes qui parlaient d\u2019anxi\u00e9t\u00e9 climatique \u00e9taient \u00e9galement plus susceptibles de parler de d\u00e9sespoir.<\/p>\n<p>Parlons maintenant d\u2019espoir. Il y a la gentillesse, le leadership, le courage et l\u2019espoir, le mot que je pr\u00e9f\u00e8re, car je suis remplie d\u2019espoir.<\/p>\n<p>J\u2019ai rencontr\u00e9 les leaders de l\u2019Assembl\u00e9e canadienne de la jeunesse sur le climat au S\u00e9nat. Ils n\u2019\u00e9taient pas compl\u00e8tement d\u00e9sesp\u00e9r\u00e9s. Ils avaient de bonnes id\u00e9es. Ils n\u2019\u00e9taient pas l\u00e0 pour nous demander de l\u2019aide. Pas du tout. Ils \u00e9taient \u00e9videmment tr\u00e8s inquiets, tr\u00e8s pr\u00e9occup\u00e9s, voire quelque peu d\u00e9courag\u00e9s, mais ils \u00e9taient tr\u00e8s dynamiques, et ils ont propos\u00e9 une foule de solutions et de strat\u00e9gies concr\u00e8tes. Elles se trouvent dans ce rapport.<\/p>\n<p>Ils ne se d\u00e9chargeaient pas de cette responsabilit\u00e9 sur les adultes ou sur des gens comme nous. Ils nous ont demand\u00e9 de l\u2019assumer\u00a0\u2014 tout comme eux le font\u00a0\u2014 en tant que chefs de file si\u00e9geant au S\u00e9nat, et c\u2019est pr\u00e9cis\u00e9ment cela qui me donne tant d\u2019espoir\u00a0: cette bienveillance, ce courage, cet espoir et ce leadership. Il n\u2019est pas n\u00e9cessaire de chercher bien loin. Il suffit de se tourner vers les jeunes d\u2019aujourd\u2019hui. C\u2019est une \u00e9vidence.<\/p>\n<p>Je vous remercie, s\u00e9natrice Coyle, ainsi que tous les membres du groupe S\u00e9nateurs pour des solutions climatiques, pour le travail que vous faites, car il est essentiel. Je remercie les jeunes qui ont pris place dans cette enceinte. Leur leadership est ind\u00e9niable.<\/p>\n<p>Merci beaucoup.<\/p>\n<p><b>Des voix :<span>\u00a0<\/span><\/b>Bravo!<\/p>\n","protected":false},"excerpt":{"rendered":"<p>L\u2019honorable Katherine Hay :\u00a0Honorables s\u00e9nateurs, je ne sais pas si je suis la derni\u00e8re \u00e0 prendre la parole ce soir. Je me tiens entre vous et votre r\u00e9union de comit\u00e9 ou votre d\u00eener. Je commencerai par quatre mots seulement\u00a0: gentillesse, leadership, courage et espoir. C\u2019est de cela que je veux parler aujourd\u2019hui. Avec de la&#8230;<\/p>\n","protected":false},"author":3,"featured_media":1930,"comment_status":"closed","ping_status":"closed","sticky":false,"template":"","format":"standard","meta":{"_acf_changed":false,"wds_primary_category":0,"footnotes":""},"categories":[98],"tags":[],"senator_posts":[196],"class_list":["post-21138","post","type-post","status-publish","format-standard","has-post-thumbnail","hentry","category-discours","senator_posts-l-hon-katherine-hay"],"acf":[],"_links":{"self":[{"href":"https:\/\/theprogressives.ca\/fr\/wp-json\/wp\/v2\/posts\/21138","targetHints":{"allow":["GET"]}}],"collection":[{"href":"https:\/\/theprogressives.ca\/fr\/wp-json\/wp\/v2\/posts"}],"about":[{"href":"https:\/\/theprogressives.ca\/fr\/wp-json\/wp\/v2\/types\/post"}],"author":[{"embeddable":true,"href":"https:\/\/theprogressives.ca\/fr\/wp-json\/wp\/v2\/users\/3"}],"replies":[{"embeddable":true,"href":"https:\/\/theprogressives.ca\/fr\/wp-json\/wp\/v2\/comments?post=21138"}],"version-history":[{"count":0,"href":"https:\/\/theprogressives.ca\/fr\/wp-json\/wp\/v2\/posts\/21138\/revisions"}],"wp:featuredmedia":[{"embeddable":true,"href":"https:\/\/theprogressives.ca\/fr\/wp-json\/wp\/v2\/media\/1930"}],"wp:attachment":[{"href":"https:\/\/theprogressives.ca\/fr\/wp-json\/wp\/v2\/media?parent=21138"}],"wp:term":[{"taxonomy":"category","embeddable":true,"href":"https:\/\/theprogressives.ca\/fr\/wp-json\/wp\/v2\/categories?post=21138"},{"taxonomy":"post_tag","embeddable":true,"href":"https:\/\/theprogressives.ca\/fr\/wp-json\/wp\/v2\/tags?post=21138"},{"taxonomy":"senator_posts","embeddable":true,"href":"https:\/\/theprogressives.ca\/fr\/wp-json\/wp\/v2\/senator_posts?post=21138"}],"curies":[{"name":"wp","href":"https:\/\/api.w.org\/{rel}","templated":true}]}}