{"id":19974,"date":"2025-12-10T14:07:28","date_gmt":"2025-12-10T19:07:28","guid":{"rendered":"https:\/\/theprogressives.ca\/?p=19974"},"modified":"2025-12-11T14:14:12","modified_gmt":"2025-12-11T19:14:12","slug":"periode-des-questions-projet-de-loi-de-jane-goodall","status":"publish","type":"post","link":"https:\/\/theprogressives.ca\/fr\/au-senat\/periode-de-questions\/periode-des-questions-projet-de-loi-de-jane-goodall\/","title":{"rendered":"P\u00e9riode des questions : Projet de loi de Jane Goodall"},"content":{"rendered":"<p><iframe title=\"Le s\u00e9nateur Klyne pose des questions sur le projet de loi de Jane Goodall - 10 d\u00e9cembre 2025 (FR)\" width=\"640\" height=\"360\" data-src=\"https:\/\/www.youtube.com\/embed\/ZFq0cD2F1ms?feature=oembed\" frameborder=\"0\" allow=\"accelerometer; autoplay; clipboard-write; encrypted-media; gyroscope; picture-in-picture; web-share\" referrerpolicy=\"strict-origin-when-cross-origin\" allowfullscreen src=\"data:image\/svg+xml;base64,PHN2ZyB3aWR0aD0iMSIgaGVpZ2h0PSIxIiB4bWxucz0iaHR0cDovL3d3dy53My5vcmcvMjAwMC9zdmciPjwvc3ZnPg==\" class=\"lazyload\" data-load-mode=\"1\"><\/iframe><\/p>\n<p><b>L\u2019honorable Marty Klyne :<span>\u00a0<\/span><\/b>S\u00e9nateur Moreau, en\u00a0d\u00e9cembre\u00a0dernier, de nombreux Canadiens ont c\u00e9l\u00e9br\u00e9 l\u2019adoption par le S\u00e9nat du projet de loi\u00a0S-15, une version du gouvernement de la loi de Jane Goodall. Ce projet de loi aurait pu faire du Canada le premier pays au monde \u00e0 l\u00e9gif\u00e9rer pour \u00e9liminer progressivement la captivit\u00e9 des \u00e9l\u00e9phants. Les dispositions du projet de loi auraient aussi fait en sorte que les grands singes, comme les chimpanz\u00e9s, nos parents les plus proches, ne puissent pas se retrouver \u00e0 la merci de zoos priv\u00e9s et de particuliers.<\/p>\n<p>Le projet de loi\u00a0S-15 avait l\u2019appui de la regrett\u00e9e Jane Goodall, du regrett\u00e9 Murray Sinclair, d\u2019\u00e9minents scientifiques, de professeurs de droit, de zoos canadiens, d\u2019organismes de protection des animaux et m\u00eame de l\u2019artiste Cher.<\/p>\n<p>Pendant la campagne \u00e9lectorale, le gouvernement s\u2019est engag\u00e9 \u00e0 pr\u00e9senter de nouveau le projet de loi. Pourriez-vous dire au gouvernement que beaucoup de parlementaires, dont je suis, ainsi que des milliers de Canadiens sont pr\u00eats \u00e0 l\u2019aider pour que ce projet de loi franchisse la ligne d\u2019arriv\u00e9e?<\/p>\n<p><b>L\u2019honorable Pierre Moreau (repr\u00e9sentant du gouvernement au S\u00e9nat) :<span>\u00a0<\/span><\/b>Merci, s\u00e9nateur Klyne. Je n\u2019\u00e9tais pas l\u00e0 lors de la derni\u00e8re l\u00e9gislature, mais on m\u2019a dit que vous avez fait un excellent travail comme parrain du projet de loi.<\/p>\n<p>Je serais ravi de soulever cette question aupr\u00e8s de la ministre concern\u00e9e et de m\u2019assurer que le gouvernement comprend o\u00f9 vous voulez en venir. Je ne manquerai pas de faire part de votre question aux autorit\u00e9s comp\u00e9tentes.<\/p>\n<p><b>Le s\u00e9nateur Klyne :<span>\u00a0<\/span><\/b>Les louanges vous ouvriront toutes les portes, et je constate que nous avons des cravates semblables.<\/p>\n<p>J\u2019ai une question compl\u00e9mentaire \u00e0 poser. L\u2019une des priorit\u00e9s du projet de loi\u00a0C-15 \u00e9tait d\u2019emp\u00eacher les \u00e9l\u00e9phantes et leurs filles d\u2019\u00eatre vendues s\u00e9par\u00e9ment, car elles restent normalement ensemble toute leur vie. Malheureusement, cette pratique est courante au Canada. Afin de garder les familles d\u2019\u00e9l\u00e9phants ensemble, le gouvernement pourrait-il envisager d\u2019interdire provisoirement l\u2019importation et l\u2019exportation d\u2019\u00e9l\u00e9phants aux termes de l\u2019article\u00a021 de la Loi sur la protection d\u2019esp\u00e8ces animales ou v\u00e9g\u00e9tales sauvages et la r\u00e9glementation de leur commerce international et interprovincial?<\/p>\n<p><b>Le s\u00e9nateur Moreau :<span>\u00a0<\/span><\/b>Je vous remercie, s\u00e9nateur Klyne, pour votre conseil sur les louanges.<\/p>\n<p>Je n\u2019ai pas connaissance de changements imminents, mais j\u2019aborderai certainement ce sujet lorsque je m\u2019entretiendrai avec la ministre. J\u2019ai bien compris votre question, et je vous donnerai l\u2019information demand\u00e9e une fois que je l\u2019aurais obtenue.<\/p>\n","protected":false},"excerpt":{"rendered":"<p>L\u2019honorable Marty Klyne :\u00a0S\u00e9nateur Moreau, en\u00a0d\u00e9cembre\u00a0dernier, de nombreux Canadiens ont c\u00e9l\u00e9br\u00e9 l\u2019adoption par le S\u00e9nat du projet de loi\u00a0S-15, une version du gouvernement de la loi de Jane Goodall. Ce projet de loi aurait pu faire du Canada le premier pays au monde \u00e0 l\u00e9gif\u00e9rer pour \u00e9liminer progressivement la captivit\u00e9 des \u00e9l\u00e9phants. Les dispositions du&#8230;<\/p>\n","protected":false},"author":3,"featured_media":2056,"comment_status":"closed","ping_status":"closed","sticky":false,"template":"","format":"standard","meta":{"_acf_changed":false,"wds_primary_category":0,"footnotes":""},"categories":[97],"tags":[],"senator_posts":[34],"class_list":["post-19974","post","type-post","status-publish","format-standard","has-post-thumbnail","hentry","category-periode-de-questions","senator_posts-l-hon-marty-klyne"],"acf":[],"_links":{"self":[{"href":"https:\/\/theprogressives.ca\/fr\/wp-json\/wp\/v2\/posts\/19974","targetHints":{"allow":["GET"]}}],"collection":[{"href":"https:\/\/theprogressives.ca\/fr\/wp-json\/wp\/v2\/posts"}],"about":[{"href":"https:\/\/theprogressives.ca\/fr\/wp-json\/wp\/v2\/types\/post"}],"author":[{"embeddable":true,"href":"https:\/\/theprogressives.ca\/fr\/wp-json\/wp\/v2\/users\/3"}],"replies":[{"embeddable":true,"href":"https:\/\/theprogressives.ca\/fr\/wp-json\/wp\/v2\/comments?post=19974"}],"version-history":[{"count":0,"href":"https:\/\/theprogressives.ca\/fr\/wp-json\/wp\/v2\/posts\/19974\/revisions"}],"wp:featuredmedia":[{"embeddable":true,"href":"https:\/\/theprogressives.ca\/fr\/wp-json\/wp\/v2\/media\/2056"}],"wp:attachment":[{"href":"https:\/\/theprogressives.ca\/fr\/wp-json\/wp\/v2\/media?parent=19974"}],"wp:term":[{"taxonomy":"category","embeddable":true,"href":"https:\/\/theprogressives.ca\/fr\/wp-json\/wp\/v2\/categories?post=19974"},{"taxonomy":"post_tag","embeddable":true,"href":"https:\/\/theprogressives.ca\/fr\/wp-json\/wp\/v2\/tags?post=19974"},{"taxonomy":"senator_posts","embeddable":true,"href":"https:\/\/theprogressives.ca\/fr\/wp-json\/wp\/v2\/senator_posts?post=19974"}],"curies":[{"name":"wp","href":"https:\/\/api.w.org\/{rel}","templated":true}]}}