{"id":19323,"date":"2025-10-02T17:30:27","date_gmt":"2025-10-02T21:30:27","guid":{"rendered":"https:\/\/theprogressives.ca\/?p=19323"},"modified":"2025-10-03T17:36:58","modified_gmt":"2025-10-03T21:36:58","slug":"periode-des-questions-la-protection-des-cetaces-2","status":"publish","type":"post","link":"https:\/\/theprogressives.ca\/fr\/au-senat\/periode-de-questions\/periode-des-questions-la-protection-des-cetaces-2\/","title":{"rendered":"P\u00e9riode des questions : La protection des c\u00e9tac\u00e9s"},"content":{"rendered":"<p><iframe title=\"Le s\u00e9nateur Klyne pose des questions sur la protection des c\u00e9tac\u00e9s - 2 octobre 2025 (FR)\" width=\"640\" height=\"360\" data-src=\"https:\/\/www.youtube.com\/embed\/TGvYrnACQaw?feature=oembed\" frameborder=\"0\" allow=\"accelerometer; autoplay; clipboard-write; encrypted-media; gyroscope; picture-in-picture; web-share\" referrerpolicy=\"strict-origin-when-cross-origin\" allowfullscreen src=\"data:image\/svg+xml;base64,PHN2ZyB3aWR0aD0iMSIgaGVpZ2h0PSIxIiB4bWxucz0iaHR0cDovL3d3dy53My5vcmcvMjAwMC9zdmciPjwvc3ZnPg==\" class=\"lazyload\" data-load-mode=\"1\"><\/iframe><\/p>\n<p><b>L\u2019honorable Marty Klyne :<span>\u00a0<\/span><\/b>S\u00e9nateur Moreau, le S\u00e9nat a \u00e9t\u00e9 le fer de lance de l\u2019interdiction, par le Canada, de toute nouvelle mise en captivit\u00e9 de baleines ou de dauphins. N\u00e9anmoins, 30 b\u00e9lugas et quatre dauphins demeurent \u00e0 Marineland, \u00e0 Niagara Falls, o\u00f9 20\u00a0baleines sont d\u00e9c\u00e9d\u00e9es depuis 2019.<\/p>\n<p>Hier, la ministre des P\u00eaches Joanne Thompson a rejet\u00e9 la demande de Marineland d\u2019exporter les b\u00e9lugas vers un parc d\u2019attractions de Chine en disant que ce n\u2019est pas dans l\u2019int\u00e9r\u00eat des baleines et qu\u2019elle ne peut, en toute conscience, approuver leur exportation. Le premier ministre Doug Ford soutient que l\u2019Ontario fera \u00ab tout ce qui est n\u00e9cessaire \u00bb pour donner \u00ab la meilleure vie possible \u00bb aux baleines qu\u2019il reste. Quel leadership inspirant de la part de la ministre f\u00e9d\u00e9rale et du premier ministre provincial!<\/p>\n<p>Quelques options existent. Les baleines pourraient \u00eatre transport\u00e9es dans un sanctuaire que l\u2019on pr\u00e9voit am\u00e9nager en Nouvelle-\u00c9cosse mais qui n\u2019a pas encore re\u00e7u l\u2019aval du gouvernement provincial. Il y aurait aussi un sanctuaire en Islande. Sinon, on pourrait aussi envisager de leur trouver une place dans les meilleurs aquariums.<\/p>\n<p>S\u00e9nateur Moreau, le gouvernement s\u2019engage-t-il \u00e0 faire preuve de transparence envers les Canadiens et \u00e0 examiner toutes les options en collaboration avec le premier ministre Ford?<\/p>\n<p><b>L\u2019honorable Pierre Moreau (repr\u00e9sentant du gouvernement au S\u00e9nat) :<span>\u00a0<\/span><\/b>Merci, s\u00e9nateur Klyne. Le gouvernement estime qu\u2019il est inacceptable de garder des baleines en captivit\u00e9 \u00e0 des fins de divertissement et de reproduction. La d\u00e9cision d\u2019hier est conforme \u00e0 la Loi sur les p\u00eaches, qui interdit l\u2019exportation de baleines dans certaines circonstances pr\u00e9cises. Le gouvernement continuera de collaborer avec ses partenaires provinciaux et d\u2019agir dans l\u2019int\u00e9r\u00eat des b\u00e9lugas, conform\u00e9ment aux attentes des Canadiens.<\/p>\n<p><b>Le s\u00e9nateur Klyne :<span>\u00a0<\/span><\/b>J\u2019ai une question compl\u00e9mentaire. L\u2019an dernier, les scientifiques Lori Marino, du projet de sanctuaire pour c\u00e9tac\u00e9s The Whale Sanctuary Project, et Jake Veasey, de l\u2019organisme Care for the Rare, qui fait la promotion du bien-\u00eatre des animaux dans la conception des zoos, ont t\u00e9moign\u00e9 dans le cadre de l\u2019\u00e9tude s\u00e9natoriale d\u2019un projet de loi du gouvernement visant \u00e0 prot\u00e9ger les animaux sauvages en captivit\u00e9.<\/p>\n<p>Ces experts ind\u00e9pendants ont offert aux gouvernements du Canada et de l\u2019Ontario de les conseiller pour les aider \u00e0 trouver un endroit o\u00f9 les mammif\u00e8res marins et les ours qu\u2019il reste \u00e0 Marineland pourraient \u00eatre d\u00e9plac\u00e9s. Le gouvernement va-t-il accepter cette offre?<\/p>\n<p><b>Le s\u00e9nateur Moreau :<span>\u00a0<\/span><\/b>S\u00e9nateur Klyne, je vais certainement communiquer l\u2019offre de ces scientifiques \u00e0 la ministre d\u00e8s que j\u2019en aurai l\u2019occasion.<\/p>\n<p>&nbsp;<\/p>\n","protected":false},"excerpt":{"rendered":"<p>L\u2019honorable Marty Klyne :\u00a0S\u00e9nateur Moreau, le S\u00e9nat a \u00e9t\u00e9 le fer de lance de l\u2019interdiction, par le Canada, de toute nouvelle mise en captivit\u00e9 de baleines ou de dauphins. N\u00e9anmoins, 30 b\u00e9lugas et quatre dauphins demeurent \u00e0 Marineland, \u00e0 Niagara Falls, o\u00f9 20\u00a0baleines sont d\u00e9c\u00e9d\u00e9es depuis 2019. Hier, la ministre des P\u00eaches Joanne Thompson a&#8230;<\/p>\n","protected":false},"author":3,"featured_media":2056,"comment_status":"closed","ping_status":"closed","sticky":false,"template":"","format":"standard","meta":{"_acf_changed":false,"wds_primary_category":0,"footnotes":""},"categories":[97],"tags":[],"senator_posts":[34],"class_list":["post-19323","post","type-post","status-publish","format-standard","has-post-thumbnail","hentry","category-periode-de-questions","senator_posts-l-hon-marty-klyne"],"acf":[],"_links":{"self":[{"href":"https:\/\/theprogressives.ca\/fr\/wp-json\/wp\/v2\/posts\/19323","targetHints":{"allow":["GET"]}}],"collection":[{"href":"https:\/\/theprogressives.ca\/fr\/wp-json\/wp\/v2\/posts"}],"about":[{"href":"https:\/\/theprogressives.ca\/fr\/wp-json\/wp\/v2\/types\/post"}],"author":[{"embeddable":true,"href":"https:\/\/theprogressives.ca\/fr\/wp-json\/wp\/v2\/users\/3"}],"replies":[{"embeddable":true,"href":"https:\/\/theprogressives.ca\/fr\/wp-json\/wp\/v2\/comments?post=19323"}],"version-history":[{"count":0,"href":"https:\/\/theprogressives.ca\/fr\/wp-json\/wp\/v2\/posts\/19323\/revisions"}],"wp:featuredmedia":[{"embeddable":true,"href":"https:\/\/theprogressives.ca\/fr\/wp-json\/wp\/v2\/media\/2056"}],"wp:attachment":[{"href":"https:\/\/theprogressives.ca\/fr\/wp-json\/wp\/v2\/media?parent=19323"}],"wp:term":[{"taxonomy":"category","embeddable":true,"href":"https:\/\/theprogressives.ca\/fr\/wp-json\/wp\/v2\/categories?post=19323"},{"taxonomy":"post_tag","embeddable":true,"href":"https:\/\/theprogressives.ca\/fr\/wp-json\/wp\/v2\/tags?post=19323"},{"taxonomy":"senator_posts","embeddable":true,"href":"https:\/\/theprogressives.ca\/fr\/wp-json\/wp\/v2\/senator_posts?post=19323"}],"curies":[{"name":"wp","href":"https:\/\/api.w.org\/{rel}","templated":true}]}}