{"id":19234,"date":"2025-09-25T13:47:18","date_gmt":"2025-09-25T17:47:18","guid":{"rendered":"https:\/\/theprogressives.ca\/?p=19234"},"modified":"2025-09-29T13:49:29","modified_gmt":"2025-09-29T17:49:29","slug":"periode-des-questions-ministerielle-les-medias-communautaires","status":"publish","type":"post","link":"https:\/\/theprogressives.ca\/fr\/au-senat\/periode-de-questions\/periode-des-questions-ministerielle-les-medias-communautaires\/","title":{"rendered":"P\u00e9riode des questions minist\u00e9rielle : Les m\u00e9dias communautaires"},"content":{"rendered":"<p><iframe title=\"Le s\u00e9nateur Cardozo  interroge le ministre Guilbeault sur  les m\u00e9dias communautaires  (FR)\" width=\"640\" height=\"360\" data-src=\"https:\/\/www.youtube.com\/embed\/pTISYfMmOwk?feature=oembed\" frameborder=\"0\" allow=\"accelerometer; autoplay; clipboard-write; encrypted-media; gyroscope; picture-in-picture; web-share\" referrerpolicy=\"strict-origin-when-cross-origin\" allowfullscreen src=\"data:image\/svg+xml;base64,PHN2ZyB3aWR0aD0iMSIgaGVpZ2h0PSIxIiB4bWxucz0iaHR0cDovL3d3dy53My5vcmcvMjAwMC9zdmciPjwvc3ZnPg==\" class=\"lazyload\" data-load-mode=\"1\"><\/iframe><\/p>\n<p><b>L\u2019honorable Andrew Cardozo :<span>\u00a0<\/span><\/b>Merci. En effet, je pense que c\u2019est un bon mod\u00e8le. Je suis bien \u00e9videmment favorable \u00e0 ce que l\u2019on continue de verser des fonds qui viennent de votre minist\u00e8re, mais on pourrait peut-\u00eatre veiller \u00e9galement \u00e0 ce que ces fonds soient offerts de fa\u00e7on ind\u00e9pendante.<\/p>\n<p>J\u2019aimerais \u00e9galement parler des \u00e9missions locales, dont vous avez parl\u00e9 avec mes coll\u00e8gues. Je me demande si on pourrait en faire un \u00e9l\u00e9ment beaucoup plus fondamental du mandat de CBC\/Radio-Canada. Je ne parle pas d\u2019accorder un suppl\u00e9ment \u00e0 sa partie\u00a0de l\u2019argent re\u00e7u de Google ni au montant de 150 millions de dollars dont elle dispose, mais pourrions-nous v\u00e9ritablement changer l\u2019orientation de la soci\u00e9t\u00e9 afin que les \u00e9missions locales soient bien davantage au c\u0153ur du mandat de CBC\/Radio-Canada, plut\u00f4t que les \u00e9missions produites par le si\u00e8ge social?<\/p>\n<p><b>L\u2019honorable Steven Guilbeault, c.p., d\u00e9put\u00e9, ministre de l\u2019Identit\u00e9 et de la Culture canadiennes et ministre responsable des Langues officielles :<span>\u00a0<\/span><\/b>Oui, c\u2019est une bonne question. En fait, selon notre promesse \u00e9lectorale, nous avons dit que nous voulions augmenter cela, et j\u2019ai d\u00e9j\u00e0 mentionn\u00e9 l\u2019augmentation du financement accord\u00e9 \u00e0 CBC\/Radio-Canada cette ann\u00e9e, conform\u00e9ment \u00e0 notre engagement \u00e9lectoral. Nous avons affirm\u00e9 que nous voulions que le radiodiffuseur public investisse davantage dans les nouvelles locales. En fait, je ne l\u2019ai pas sous les yeux, mais ma pr\u00e9d\u00e9cesseure, Pascale St-Onge, a publi\u00e9 un livre vert, et je pense que son objectif \u00e9tait d\u2019ouvrir 30 nouvelles stations locales. Je ne dis pas que cela se produira n\u00e9cessairement, mais ce livre vert continue d\u2019orienter le travail du minist\u00e8re, le mien et celui du gouvernement. Nous croyons que les nouvelles locales sont cruciales. En g\u00e9n\u00e9ral, les nouvelles sont essentielles \u00e0 la sant\u00e9 de notre d\u00e9mocratie et de toute d\u00e9mocratie, mais cela est particuli\u00e8rement vrai des nouvelles locales.<\/p>\n<p>Je pourrais \u00e9galement donner un autre exemple concernant l\u2019ind\u00e9pendance accru du financement\u00a0: l\u2019un des changements que nous voulons apporter, c\u2019est que le budget de CBC\/Radio-Canada ne serait plus vot\u00e9 par le gouvernement, mais par le Parlement, afin que la soci\u00e9t\u00e9 d\u2019\u00c9tat soit encore plus ind\u00e9pendante \u00e0 l\u2019avenir.<\/p>\n","protected":false},"excerpt":{"rendered":"<p>L\u2019honorable Andrew Cardozo :\u00a0Merci. En effet, je pense que c\u2019est un bon mod\u00e8le. Je suis bien \u00e9videmment favorable \u00e0 ce que l\u2019on continue de verser des fonds qui viennent de votre minist\u00e8re, mais on pourrait peut-\u00eatre veiller \u00e9galement \u00e0 ce que ces fonds soient offerts de fa\u00e7on ind\u00e9pendante. J\u2019aimerais \u00e9galement parler des \u00e9missions locales, dont&#8230;<\/p>\n","protected":false},"author":3,"featured_media":1972,"comment_status":"closed","ping_status":"closed","sticky":false,"template":"","format":"standard","meta":{"_acf_changed":false,"wds_primary_category":0,"footnotes":""},"categories":[97],"tags":[],"senator_posts":[178],"class_list":["post-19234","post","type-post","status-publish","format-standard","has-post-thumbnail","hentry","category-periode-de-questions","senator_posts-l-hon-andrew-cardozo"],"acf":[],"_links":{"self":[{"href":"https:\/\/theprogressives.ca\/fr\/wp-json\/wp\/v2\/posts\/19234","targetHints":{"allow":["GET"]}}],"collection":[{"href":"https:\/\/theprogressives.ca\/fr\/wp-json\/wp\/v2\/posts"}],"about":[{"href":"https:\/\/theprogressives.ca\/fr\/wp-json\/wp\/v2\/types\/post"}],"author":[{"embeddable":true,"href":"https:\/\/theprogressives.ca\/fr\/wp-json\/wp\/v2\/users\/3"}],"replies":[{"embeddable":true,"href":"https:\/\/theprogressives.ca\/fr\/wp-json\/wp\/v2\/comments?post=19234"}],"version-history":[{"count":0,"href":"https:\/\/theprogressives.ca\/fr\/wp-json\/wp\/v2\/posts\/19234\/revisions"}],"wp:featuredmedia":[{"embeddable":true,"href":"https:\/\/theprogressives.ca\/fr\/wp-json\/wp\/v2\/media\/1972"}],"wp:attachment":[{"href":"https:\/\/theprogressives.ca\/fr\/wp-json\/wp\/v2\/media?parent=19234"}],"wp:term":[{"taxonomy":"category","embeddable":true,"href":"https:\/\/theprogressives.ca\/fr\/wp-json\/wp\/v2\/categories?post=19234"},{"taxonomy":"post_tag","embeddable":true,"href":"https:\/\/theprogressives.ca\/fr\/wp-json\/wp\/v2\/tags?post=19234"},{"taxonomy":"senator_posts","embeddable":true,"href":"https:\/\/theprogressives.ca\/fr\/wp-json\/wp\/v2\/senator_posts?post=19234"}],"curies":[{"name":"wp","href":"https:\/\/api.w.org\/{rel}","templated":true}]}}