{"id":19230,"date":"2025-09-25T13:44:51","date_gmt":"2025-09-25T17:44:51","guid":{"rendered":"https:\/\/theprogressives.ca\/?p=19230"},"modified":"2025-09-29T13:46:50","modified_gmt":"2025-09-29T17:46:50","slug":"periode-des-questions-ministerielle-cbc-radio-canada-3","status":"publish","type":"post","link":"https:\/\/theprogressives.ca\/fr\/au-senat\/periode-de-questions\/periode-des-questions-ministerielle-cbc-radio-canada-3\/","title":{"rendered":"P\u00e9riode des questions minist\u00e9rielle : CBC\/Radio-Canada"},"content":{"rendered":"<p><iframe title=\"Le s\u00e9nateur Cardozo interroge le ministre Guilbeault sur CBC\/Radio-Canada - 25 septembre 2025 (FR)\" width=\"640\" height=\"360\" data-src=\"https:\/\/www.youtube.com\/embed\/f73w1al9Dbg?feature=oembed\" frameborder=\"0\" allow=\"accelerometer; autoplay; clipboard-write; encrypted-media; gyroscope; picture-in-picture; web-share\" referrerpolicy=\"strict-origin-when-cross-origin\" allowfullscreen src=\"data:image\/svg+xml;base64,PHN2ZyB3aWR0aD0iMSIgaGVpZ2h0PSIxIiB4bWxucz0iaHR0cDovL3d3dy53My5vcmcvMjAwMC9zdmciPjwvc3ZnPg==\" class=\"lazyload\" data-load-mode=\"1\"><\/iframe><\/p>\n<p><b>L\u2019honorable Andrew Cardozo :<span>\u00a0<\/span><\/b>Bienvenue, monsieur le ministre. J\u2019aimerais poursuivre une discussion que nous avons d\u00e9j\u00e0 eue avec vous, compte tenu de votre travail sur l\u2019avenir de CBC\/Radio-Canada. Le S\u00e9nat a tenu quelques d\u00e9bats sur l\u2019avenir de cette soci\u00e9t\u00e9. L\u2019un de nos comit\u00e9s s\u2019est pench\u00e9 sur l\u2019avenir de la programmation locale sur cette cha\u00eene.<\/p>\n<p>L\u2019une des grandes crises auxquelles nous faisons face est, bien s\u00fbr, le financement des m\u00e9dias, tant publics que priv\u00e9s. Seriez-vous favorable \u00e0 un processus de financement des m\u00e9dias qui serait ind\u00e9pendant du gouvernement, afin de poursuivre le genre de travail que vous faites et de maintenir le financement que vous accordez par l\u2019entremise de votre minist\u00e8re, mais qui rendrait ce financement ind\u00e9pendant afin que les gens aient davantage confiance qu\u2019il puisse \u00eatre \u00e0 l\u2019abri de toute ing\u00e9rence politique?<\/p>\n<p><b>L\u2019honorable Steven Guilbeault, c.p., d\u00e9put\u00e9, ministre de l\u2019Identit\u00e9 et de la Culture canadiennes et ministre responsable des Langues officielles :<span>\u00a0<\/span><\/b>Oui, et c\u2019est d\u2019ailleurs ce que nous faisons, monsieur le s\u00e9nateur. Par exemple, les 100 millions de dollars provenant de l\u2019accord avec Google ne sont pas distribu\u00e9s par le gouvernement f\u00e9d\u00e9ral. Ils sont distribu\u00e9s par un organisme ind\u00e9pendant. Nous n\u2019avons donc aucun mot \u00e0 dire sur qui re\u00e7oit des fonds ou sur le montant remis \u00e0 chacun, et je pense que c\u2019est une tr\u00e8s bonne chose que le gouvernement f\u00e9d\u00e9ral ne s\u2019en m\u00eale pas. C\u2019est un exemple parmi d\u2019autres.<\/p>\n<p>Nous voulons examiner s\u2019il y a d\u2019autres mesures que nous pourrions prendre pour soutenir le secteur canadien des m\u00e9dias tout en veillant \u00e0 ce qu\u2019il reste ind\u00e9pendant, mais c\u2019est un exemple tr\u00e8s pertinent.<\/p>\n","protected":false},"excerpt":{"rendered":"<p>L\u2019honorable Andrew Cardozo :\u00a0Bienvenue, monsieur le ministre. J\u2019aimerais poursuivre une discussion que nous avons d\u00e9j\u00e0 eue avec vous, compte tenu de votre travail sur l\u2019avenir de CBC\/Radio-Canada. Le S\u00e9nat a tenu quelques d\u00e9bats sur l\u2019avenir de cette soci\u00e9t\u00e9. L\u2019un de nos comit\u00e9s s\u2019est pench\u00e9 sur l\u2019avenir de la programmation locale sur cette cha\u00eene. L\u2019une des&#8230;<\/p>\n","protected":false},"author":3,"featured_media":1962,"comment_status":"closed","ping_status":"closed","sticky":false,"template":"","format":"standard","meta":{"_acf_changed":false,"wds_primary_category":0,"footnotes":""},"categories":[97],"tags":[],"senator_posts":[178],"class_list":["post-19230","post","type-post","status-publish","format-standard","has-post-thumbnail","hentry","category-periode-de-questions","senator_posts-l-hon-andrew-cardozo"],"acf":[],"_links":{"self":[{"href":"https:\/\/theprogressives.ca\/fr\/wp-json\/wp\/v2\/posts\/19230","targetHints":{"allow":["GET"]}}],"collection":[{"href":"https:\/\/theprogressives.ca\/fr\/wp-json\/wp\/v2\/posts"}],"about":[{"href":"https:\/\/theprogressives.ca\/fr\/wp-json\/wp\/v2\/types\/post"}],"author":[{"embeddable":true,"href":"https:\/\/theprogressives.ca\/fr\/wp-json\/wp\/v2\/users\/3"}],"replies":[{"embeddable":true,"href":"https:\/\/theprogressives.ca\/fr\/wp-json\/wp\/v2\/comments?post=19230"}],"version-history":[{"count":0,"href":"https:\/\/theprogressives.ca\/fr\/wp-json\/wp\/v2\/posts\/19230\/revisions"}],"wp:featuredmedia":[{"embeddable":true,"href":"https:\/\/theprogressives.ca\/fr\/wp-json\/wp\/v2\/media\/1962"}],"wp:attachment":[{"href":"https:\/\/theprogressives.ca\/fr\/wp-json\/wp\/v2\/media?parent=19230"}],"wp:term":[{"taxonomy":"category","embeddable":true,"href":"https:\/\/theprogressives.ca\/fr\/wp-json\/wp\/v2\/categories?post=19230"},{"taxonomy":"post_tag","embeddable":true,"href":"https:\/\/theprogressives.ca\/fr\/wp-json\/wp\/v2\/tags?post=19230"},{"taxonomy":"senator_posts","embeddable":true,"href":"https:\/\/theprogressives.ca\/fr\/wp-json\/wp\/v2\/senator_posts?post=19230"}],"curies":[{"name":"wp","href":"https:\/\/api.w.org\/{rel}","templated":true}]}}