{"id":18931,"date":"2025-06-25T18:49:02","date_gmt":"2025-06-25T22:49:02","guid":{"rendered":"https:\/\/theprogressives.ca\/?p=18931"},"modified":"2025-06-26T14:06:24","modified_gmt":"2025-06-26T18:06:24","slug":"deuxieme-lecture-du-projet-de-loi-c-7-projet-de-loi-de-credits-no-2-pour-2025-2026","status":"publish","type":"post","link":"https:\/\/theprogressives.ca\/fr\/au-senat\/discours\/deuxieme-lecture-du-projet-de-loi-c-7-projet-de-loi-de-credits-no-2-pour-2025-2026\/","title":{"rendered":"Deuxi\u00e8me lecture du projet de loi C-7, Projet de loi de cr\u00e9dits no 2 pour 2025-2026"},"content":{"rendered":"<p><iframe title=\"Le s\u00e9nateur Cardozo prend la parole \u00e0 la 2e lecture du projet de loi C-7 - 25 juin 2025 (FR)\" width=\"640\" height=\"360\" data-src=\"https:\/\/www.youtube.com\/embed\/ZOB5zH-un7M?feature=oembed\" frameborder=\"0\" allow=\"accelerometer; autoplay; clipboard-write; encrypted-media; gyroscope; picture-in-picture; web-share\" referrerpolicy=\"strict-origin-when-cross-origin\" allowfullscreen src=\"data:image\/svg+xml;base64,PHN2ZyB3aWR0aD0iMSIgaGVpZ2h0PSIxIiB4bWxucz0iaHR0cDovL3d3dy53My5vcmcvMjAwMC9zdmciPjwvc3ZnPg==\" class=\"lazyload\" data-load-mode=\"1\"><\/iframe><\/p>\n<p><b>L\u2019honorable Andrew Cardozo :<span>\u00a0<\/span><\/b>Chers coll\u00e8gues, je me concentrerai sur le Budget suppl\u00e9mentaire des d\u00e9penses, en particulier sur les d\u00e9penses li\u00e9es \u00e0 la d\u00e9fense qui r\u00e9pondent \u00e0 la demande de l\u2019OTAN de les augmenter.<\/p>\n<p>Premi\u00e8rement, j\u2019aimerais remercier la s\u00e9natrice LaBoucane-Benson de nous avoir fourni l\u2019information dont nous disposons et je remercie \u00e9galement la s\u00e9natrice Marshall pour ses analyses qui, comme d\u2019habitude, nous \u00e9clairent beaucoup.<\/p>\n<p>\u00c0 titre de membre de l\u2019Association parlementaire canadienne de l\u2019OTAN, j\u2019ai assist\u00e9, ce printemps, \u00e0 une conf\u00e9rence \u00e0 Dayton, en Ohio, o\u00f9 il nous est apparu clair que nous devions augmenter nos d\u00e9penses pour la d\u00e9fense. Toutefois, personne ne peut ignorer que le gouvernement des \u00c9tats-Unis semble vouloir miner les \u00e9conomies de ses alli\u00e9s de l\u2019OTAN. Nous devons donc saisir l\u2019occasion d\u2019augmenter nos d\u00e9penses pour la d\u00e9fense tout en b\u00e2tissant notre \u00e9conomie. C\u2019est une obligation que nous avons.<\/p>\n<p>Comme la s\u00e9natrice LaBoucane-Benson l\u2019a dit, les d\u00e9penses budg\u00e9taires vont augmenter de 8,6 milliards de dollars par rapport \u00e0 ce qui est inscrit dans le Budget principal des d\u00e9penses de 2025-2026. Elle nous a r\u00e9sum\u00e9 cinq demandes du minist\u00e8re de la D\u00e9fense nationale. La premi\u00e8re est d\u2019augmenter la solde des militaires des Forces arm\u00e9es canadiennes ayant un grade inf\u00e9rieur \u00e0 celui de colonel. Les Forces arm\u00e9es canadiennes ont grandement besoin d\u2019une telle hausse, qui aurait d\u00fb \u00eatre accord\u00e9e il y a longtemps. Les quatre autres demandes ouvrent des perspectives int\u00e9ressantes dans le secteur de la fabrication. Elles concernent la recherche et le d\u00e9veloppement, l\u2019aide \u00e0 l\u2019Ukraine, le d\u00e9veloppement de capacit\u00e9s militaires strat\u00e9giques, ainsi que l\u2019\u00e9quipement et les infrastructures des Forces arm\u00e9es canadiennes.<\/p>\n<p>Aujourd\u2019hui, je veux surtout encourager le gouvernement \u00e0 faire ses d\u00e9penses au Canada pour la recherche et le d\u00e9veloppement, l\u2019innovation et la fabrication. Je partage le point de vue exprim\u00e9 tout \u00e0 l\u2019heure par le s\u00e9nateur Colin Deacon, au sujet de l\u2019innovation et de la fabrication.<\/p>\n<p>Voici quelques faits sur l\u2019industrie canadienne de la d\u00e9fense, comme l\u2019a soulign\u00e9 l\u2019Association des industries canadiennes de d\u00e9fense et de s\u00e9curit\u00e9. L\u2019industrie apporte 9,6 milliards de dollars au PIB du Canada, investit 440 millions de dollars dans l\u2019innovation chaque ann\u00e9e et repr\u00e9sente 81\u00a0000 emplois. En outre, 49\u00a0% de ses ventes proviennent des exportations. L\u2019industrie est situ\u00e9e dans toutes les r\u00e9gions du Canada et se compose de quelque 580 entreprises, grandes, moyennes et petites, qui ne demandent certainement qu\u2019\u00e0 cro\u00eetre.<\/p>\n<p>L\u2019industrie de la d\u00e9fense du Canada produit une gamme d\u2019\u00e9quipements, y compris des v\u00e9hicules blind\u00e9s l\u00e9gers, des fusils et des munitions. Je me permets de donner quelques exemples pr\u00e9cis d\u2019\u00e9quipement de d\u00e9fense fabriqu\u00e9 au Canada. Roshel Canada fabrique des v\u00e9hicules blind\u00e9s l\u00e9gers et a son si\u00e8ge \u00e0 Brampton, en Ontario. Soit dit en passant, lorsque nous examinons les d\u00e9fis auxquels fait face le secteur de l\u2019automobile, nous pourrions peut-\u00eatre envisager de construire des v\u00e9hicules blind\u00e9s l\u00e9gers pour aider ce secteur. Magellan Aerospace produit des roquettes et des fus\u00e9es \u00e9clairantes. IMT Defence produit des projectiles forg\u00e9s et de l\u2019usinage sp\u00e9cialis\u00e9. HFI Pyrotechnics Inc. fabrique des produits pyrotechniques.<\/p>\n<p>Je demande au gouvernement de voir \u00e0 ce qu\u2019autant que possible, ses d\u00e9penses dans le domaine de la d\u00e9fense soient concentr\u00e9es au Canada, et ce, afin de b\u00e2tir l\u2019industrie canadienne. Compte tenu des menaces tarifaires des \u00c9tats-Unis et des propos sur le 51<sup>e<\/sup><span>\u00a0<\/span>\u00c9tat, je pense que nous devons faire trois choses\u00a0: acheter des produits canadiens dans la mesure du possible, fabriquer des produits canadiens et financer la recherche et le d\u00e9veloppement au Canada.<\/p>\n<p>Chers coll\u00e8gues, vous savez peut-\u00eatre que j\u2019ai enregistr\u00e9 une s\u00e9rie d\u2019entretiens avec des Canadiens au sujet des relations entre le Canada et les \u00c9tats-Unis. Aujourd\u2019hui, j\u2019ai publi\u00e9 un entretien avec Daniel Tisch, pr\u00e9sident et directeur g\u00e9n\u00e9ral de la Chambre de commerce de l\u2019Ontario, ma province. Je le cite\u00a0:<\/p>\n<p>Nos membres dans le secteur de la d\u00e9fense se r\u00e9jouissent des signaux favorables rapport\u00e9s par la presse concernant les d\u00e9penses dans ce secteur qui profiteraient \u00e0 l\u2019industrie canadienne. Leur optimisme s\u2019est accru encore cette semaine, vu la visite du premier ministre au sommet de l\u2019OTAN.<\/p>\n<p>C\u2019est assez urgent, car il y a un risque de perdre cette base industrielle au profit d\u2019autres pays qui augmentent, eux aussi, leurs d\u00e9penses de d\u00e9fense.<\/p>\n<p>Je me permets de citer Benjamin Bergen, pr\u00e9sident du Conseil canadien des innovateurs\u00a0:<\/p>\n<p>Les d\u00e9penses du gouvernement pour la d\u00e9fense du Canada constitueront une occasion manqu\u00e9e pour toute une g\u00e9n\u00e9ration si nous ne veillons pas \u00e0 ce que cet argent serve \u00e9galement \u00e0 d\u00e9velopper des entreprises canadiennes qui pourront r\u00e9pondre \u00e0 nos besoins en mati\u00e8re de s\u00e9curit\u00e9. Si les innovateurs ont l\u2019assurance que le gouvernement pr\u00e9voit d\u2019importants contrats pour se procurer des syst\u00e8mes de d\u00e9fense fabriqu\u00e9s au Canada, les risques li\u00e9s \u00e0 la recherche et au d\u00e9veloppement seront r\u00e9duits pour les entreprises qui souhaitent commercialiser des technologies de pointe. Si nous consacrons plus de 2\u00a0% du PIB \u00e0 la d\u00e9fense, nous ne devrions pas nous contenter d\u2019acheter des produits pr\u00eats \u00e0 l\u2019emploi. Le gouvernement doit plut\u00f4t collaborer avec les acteurs du secteur priv\u00e9 afin de concevoir conjointement les syst\u00e8mes et technologies de d\u00e9fense du XXI<sup>e<\/sup><span>\u00a0<\/span>si\u00e8cle. C\u2019est d\u2019ailleurs ce que font tous les pays qui font partie\u00a0des chefs de file dans le domaine.<\/p>\n<p>Ces deux personnes indiquent que d\u2019autres pays utilisent leurs d\u00e9penses militaires pour d\u00e9velopper leur propre politique industrielle et leur industrie nationale. Nous devons certainement faire de m\u00eame.<\/p>\n<p>Lorsqu\u2019il s\u2019agit d\u2019acheter \u00e0 l\u2019\u00e9tranger, nous devons adopter une approche de r\u00e9ciprocit\u00e9. Prenons par exemple l\u2019annonce faite le 18\u00a0mars\u00a0concernant l\u2019achat d\u2019un syst\u00e8me radar transhorizon pour l\u2019Arctique, d\u2019une valeur de 6 milliards de dollars, que nous avons achet\u00e9 \u00e0 l\u2019Australie. Nous devrions conclure un tel achat comme s\u2019il s\u2019agissait d\u2019un accord commercial. Nous d\u00e9pensons 6 milliards de dollars pour acheter des produits fabriqu\u00e9s chez eux, et ils d\u00e9pensent 6 milliards de dollars pour acheter des produits fabriqu\u00e9s ici. C\u2019est une d\u00e9pense qui profite aux deux parties.<\/p>\n<p>Bien que des sommes importantes soient pr\u00e9vues dans le budget pour les gros travaux d\u2019entretien et de r\u00e9paration, nous devons nous concentrer sur la fabrication au Canada. C\u2019est essentiel. Je tiens \u00e0 dire clairement que nous ne pouvons pas nous contenter d\u2019\u00eatre le r\u00e9parateur Maytag de l\u2019industrie de la d\u00e9fense. Nous devons nous efforcer d\u2019\u00eatre les innovateurs, les d\u00e9tenteurs des droits de propri\u00e9t\u00e9 intellectuelle et les fabricants d\u2019\u00e9quipement de d\u00e9fense.<\/p>\n<p>Je conviens que nous faisons face \u00e0 un dilemme. D\u2019une part, les nouvelles d\u00e9penses n\u00e9cessaires pour atteindre l\u2019objectif de l\u2019OTAN doivent \u00eatre engag\u00e9es rapidement. Nous avons un objectif ambitieux et important \u00e0 atteindre. D\u2019autre part, nous avons une occasion unique de d\u00e9velopper nos secteurs de l\u2019innovation et de la fabrication et de cr\u00e9er de nombreux emplois bien r\u00e9mun\u00e9r\u00e9s et durables au Canada. Comme l\u2019a d\u00e9clar\u00e9 le premier ministre Carney, \u00ab nous devons b\u00e2tir l\u2019\u00e9conomie la plus forte du G7 \u00bb.<\/p>\n<p>Pour conclure, chers coll\u00e8gues, j\u2019encourage les fonctionnaires et les ministres, en particulier ceux qui sont responsables de la D\u00e9fense nationale, de Services publics et Approvisionnement Canada et de l\u2019approvisionnement en mati\u00e8re de d\u00e9fense, \u00e0 tout mettre en \u0153uvre pour s\u2019assurer que nous d\u00e9pensons judicieusement ces milliards de dollars afin de b\u00e2tir l\u2019\u00e9conomie canadienne et de soutenir de bons emplois pour les Canadiens.<\/p>\n<p>Dans ce monde turbulent, nous pouvons veiller \u00e0 ce que nos engagements envers l\u2019OTAN permettent de b\u00e2tir l\u2019\u00e9conomie canadienne et de cr\u00e9er de bons emplois pour les Canadiens. Merci.<\/p>\n","protected":false},"excerpt":{"rendered":"<p>L\u2019honorable Andrew Cardozo :\u00a0Chers coll\u00e8gues, je me concentrerai sur le Budget suppl\u00e9mentaire des d\u00e9penses, en particulier sur les d\u00e9penses li\u00e9es \u00e0 la d\u00e9fense qui r\u00e9pondent \u00e0 la demande de l\u2019OTAN de les augmenter. Premi\u00e8rement, j\u2019aimerais remercier la s\u00e9natrice LaBoucane-Benson de nous avoir fourni l\u2019information dont nous disposons et je remercie \u00e9galement la s\u00e9natrice Marshall pour&#8230;<\/p>\n","protected":false},"author":3,"featured_media":1932,"comment_status":"closed","ping_status":"closed","sticky":false,"template":"","format":"standard","meta":{"_acf_changed":false,"wds_primary_category":0,"footnotes":""},"categories":[98],"tags":[],"senator_posts":[178],"class_list":["post-18931","post","type-post","status-publish","format-standard","has-post-thumbnail","hentry","category-discours","senator_posts-l-hon-andrew-cardozo"],"acf":[],"_links":{"self":[{"href":"https:\/\/theprogressives.ca\/fr\/wp-json\/wp\/v2\/posts\/18931","targetHints":{"allow":["GET"]}}],"collection":[{"href":"https:\/\/theprogressives.ca\/fr\/wp-json\/wp\/v2\/posts"}],"about":[{"href":"https:\/\/theprogressives.ca\/fr\/wp-json\/wp\/v2\/types\/post"}],"author":[{"embeddable":true,"href":"https:\/\/theprogressives.ca\/fr\/wp-json\/wp\/v2\/users\/3"}],"replies":[{"embeddable":true,"href":"https:\/\/theprogressives.ca\/fr\/wp-json\/wp\/v2\/comments?post=18931"}],"version-history":[{"count":0,"href":"https:\/\/theprogressives.ca\/fr\/wp-json\/wp\/v2\/posts\/18931\/revisions"}],"wp:featuredmedia":[{"embeddable":true,"href":"https:\/\/theprogressives.ca\/fr\/wp-json\/wp\/v2\/media\/1932"}],"wp:attachment":[{"href":"https:\/\/theprogressives.ca\/fr\/wp-json\/wp\/v2\/media?parent=18931"}],"wp:term":[{"taxonomy":"category","embeddable":true,"href":"https:\/\/theprogressives.ca\/fr\/wp-json\/wp\/v2\/categories?post=18931"},{"taxonomy":"post_tag","embeddable":true,"href":"https:\/\/theprogressives.ca\/fr\/wp-json\/wp\/v2\/tags?post=18931"},{"taxonomy":"senator_posts","embeddable":true,"href":"https:\/\/theprogressives.ca\/fr\/wp-json\/wp\/v2\/senator_posts?post=18931"}],"curies":[{"name":"wp","href":"https:\/\/api.w.org\/{rel}","templated":true}]}}