{"id":18893,"date":"2025-06-19T15:08:14","date_gmt":"2025-06-19T19:08:14","guid":{"rendered":"https:\/\/theprogressives.ca\/?p=18893"},"modified":"2025-06-25T15:47:57","modified_gmt":"2025-06-25T19:47:57","slug":"periode-des-questions-le-budget-publicitaire","status":"publish","type":"post","link":"https:\/\/theprogressives.ca\/fr\/au-senat\/periode-de-questions\/periode-des-questions-le-budget-publicitaire\/","title":{"rendered":"P\u00e9riode des questions : Le budget publicitaire"},"content":{"rendered":"<p><iframe title=\"Le s\u00e9nateur Cardozo pose des questions sur le budget publicitaire du gouvernement -19 juin 2025 (FR)\" width=\"640\" height=\"360\" data-src=\"https:\/\/www.youtube.com\/embed\/YDbyiwjUnEM?feature=oembed\" frameborder=\"0\" allow=\"accelerometer; autoplay; clipboard-write; encrypted-media; gyroscope; picture-in-picture; web-share\" referrerpolicy=\"strict-origin-when-cross-origin\" allowfullscreen src=\"data:image\/svg+xml;base64,PHN2ZyB3aWR0aD0iMSIgaGVpZ2h0PSIxIiB4bWxucz0iaHR0cDovL3d3dy53My5vcmcvMjAwMC9zdmciPjwvc3ZnPg==\" class=\"lazyload\" data-load-mode=\"1\"><\/iframe><\/p>\n<p><b>L\u2019honorable Andrew Cardozo :<span>\u00a0<\/span><\/b>Ma question s\u2019adresse au repr\u00e9sentant du gouvernement.<\/p>\n<p>M\u00e9dias d\u2019Info Canada demande au gouvernement f\u00e9d\u00e9ral de d\u00e9penser au moins 25\u00a0% de son budget publicitaire dans les m\u00e9dias traditionnels canadiens.<\/p>\n<p>Il semble que, sur les 86 millions de dollars d\u00e9pens\u00e9s par le gouvernement en publicit\u00e9 l\u2019ann\u00e9e derni\u00e8re, seulement 1\u00a0% ait \u00e9t\u00e9 consacr\u00e9 \u00e0 des journaux canadiens. Il y a au moins trois raisons de d\u00e9penser davantage au Canada\u00a0: premi\u00e8rement, il faut acheter canadien pour b\u00e2tir un secteur m\u00e9diatique canadien fort et une \u00e9conomie canadienne forte; deuxi\u00e8mement, il faut soutenir les m\u00e9dias canadiens plut\u00f4t que les m\u00e9dias am\u00e9ricains; troisi\u00e8mement, il faut tenter de r\u00e9duire la d\u00e9sinformation provenant de l\u2019\u00e9tranger. C\u2019est une fa\u00e7on de soutenir financi\u00e8rement le renforcement des m\u00e9dias d\u2019information au Canada sans augmenter les co\u00fbts pour le Tr\u00e9sor public.<\/p>\n<p>Ma question est la suivante\u00a0: le gouvernement pourrait-il revoir son plan publicitaire et veiller \u00e0 ce que la majorit\u00e9, c\u2019est-\u00e0-dire plus de 50\u00a0%\u00a0\u2014 News Media Canada sugg\u00e8re 25\u00a0%, je sugg\u00e8re la majorit\u00e9\u00a0\u2014, du budget de publicit\u00e9 soit consacr\u00e9 aux m\u00e9dias d\u2019information canadiens, au Canada?<\/p>\n<p><b>L\u2019honorable Marc Gold (repr\u00e9sentant du gouvernement au S\u00e9nat) :<span>\u00a0<\/span><\/b>Merci pour votre question et pour votre engagement soutenu dans ce domaine important.<\/p>\n<p>Je ne manquerai pas de transmettre vos recommandations au gouvernement, ainsi que celles dont vous avez parl\u00e9.<\/p>\n<p>Le gouvernement actuel se concentre et continuera de se concentrer sur le service aux Canadiens. Cela inclut le fait de veiller \u00e0 ce que les Canadiens aient acc\u00e8s, \u00e0 tous \u00e9gards, \u00e0 des sources d\u2019information cr\u00e9dibles et vari\u00e9es. Je transmettrai certainement vos questions et vos pr\u00e9occupations au gouvernement.<\/p>\n<p><b>Le s\u00e9nateur Cardozo :<span>\u00a0<\/span><\/b>Merci, s\u00e9nateur Gold. Il est difficile d\u2019obtenir des informations pr\u00e9cises sur les d\u00e9penses. Pourriez-vous demander au ministre responsable de la Direction des services de publicit\u00e9, qui est le ministre des Services publics et de l\u2019Approvisionnement, de fournir des chiffres et des d\u00e9tails sur les d\u00e9penses des derni\u00e8res ann\u00e9es et celles pr\u00e9vues pour cette ann\u00e9e et l\u2019ann\u00e9e prochaine, avec une ventilation entre les m\u00e9dias canadiens et \u00e9trangers pour la presse \u00e9crite, la radiodiffusion et les m\u00e9dias en ligne.<\/p>\n<p><b>Le s\u00e9nateur Gold :<span>\u00a0<\/span><\/b>Je ne manquerai pas d\u2019ajouter cela \u00e0 ma demande.<\/p>\n","protected":false},"excerpt":{"rendered":"<p>L\u2019honorable Andrew Cardozo :\u00a0Ma question s\u2019adresse au repr\u00e9sentant du gouvernement. M\u00e9dias d\u2019Info Canada demande au gouvernement f\u00e9d\u00e9ral de d\u00e9penser au moins 25\u00a0% de son budget publicitaire dans les m\u00e9dias traditionnels canadiens. Il semble que, sur les 86 millions de dollars d\u00e9pens\u00e9s par le gouvernement en publicit\u00e9 l\u2019ann\u00e9e derni\u00e8re, seulement 1\u00a0% ait \u00e9t\u00e9 consacr\u00e9 \u00e0 des&#8230;<\/p>\n","protected":false},"author":3,"featured_media":1940,"comment_status":"closed","ping_status":"closed","sticky":false,"template":"","format":"standard","meta":{"_acf_changed":false,"wds_primary_category":0,"footnotes":""},"categories":[97],"tags":[],"senator_posts":[178],"class_list":["post-18893","post","type-post","status-publish","format-standard","has-post-thumbnail","hentry","category-periode-de-questions","senator_posts-l-hon-andrew-cardozo"],"acf":[],"_links":{"self":[{"href":"https:\/\/theprogressives.ca\/fr\/wp-json\/wp\/v2\/posts\/18893","targetHints":{"allow":["GET"]}}],"collection":[{"href":"https:\/\/theprogressives.ca\/fr\/wp-json\/wp\/v2\/posts"}],"about":[{"href":"https:\/\/theprogressives.ca\/fr\/wp-json\/wp\/v2\/types\/post"}],"author":[{"embeddable":true,"href":"https:\/\/theprogressives.ca\/fr\/wp-json\/wp\/v2\/users\/3"}],"replies":[{"embeddable":true,"href":"https:\/\/theprogressives.ca\/fr\/wp-json\/wp\/v2\/comments?post=18893"}],"version-history":[{"count":0,"href":"https:\/\/theprogressives.ca\/fr\/wp-json\/wp\/v2\/posts\/18893\/revisions"}],"wp:featuredmedia":[{"embeddable":true,"href":"https:\/\/theprogressives.ca\/fr\/wp-json\/wp\/v2\/media\/1940"}],"wp:attachment":[{"href":"https:\/\/theprogressives.ca\/fr\/wp-json\/wp\/v2\/media?parent=18893"}],"wp:term":[{"taxonomy":"category","embeddable":true,"href":"https:\/\/theprogressives.ca\/fr\/wp-json\/wp\/v2\/categories?post=18893"},{"taxonomy":"post_tag","embeddable":true,"href":"https:\/\/theprogressives.ca\/fr\/wp-json\/wp\/v2\/tags?post=18893"},{"taxonomy":"senator_posts","embeddable":true,"href":"https:\/\/theprogressives.ca\/fr\/wp-json\/wp\/v2\/senator_posts?post=18893"}],"curies":[{"name":"wp","href":"https:\/\/api.w.org\/{rel}","templated":true}]}}