{"id":18865,"date":"2025-06-18T17:09:22","date_gmt":"2025-06-18T21:09:22","guid":{"rendered":"https:\/\/theprogressives.ca\/?p=18865"},"modified":"2025-06-23T17:13:24","modified_gmt":"2025-06-23T21:13:24","slug":"en-comite-plenier-le-senateur-klyne-interroge-lhon-lisa-raitt-et-lhon-brian-gallant-sur-le-projet-de-loi-c-5-panel-8","status":"publish","type":"post","link":"https:\/\/theprogressives.ca\/fr\/au-senat\/en-comite-plenier-le-senateur-klyne-interroge-lhon-lisa-raitt-et-lhon-brian-gallant-sur-le-projet-de-loi-c-5-panel-8\/","title":{"rendered":"En comit\u00e9 pl\u00e9nier : Le s\u00e9nateur Klyne interroge l&rsquo;hon. Lisa Raitt et l&rsquo;hon. Brian Gallant sur le projet de loi C-5 (Panel 8)"},"content":{"rendered":"<p><iframe title=\"Le s\u00e9nateur Klyne interroge les t\u00e9moins sur le projet de loi C-5 (Panel 8) - 18 juin 2025 (FR)\" width=\"640\" height=\"360\" data-src=\"https:\/\/www.youtube.com\/embed\/MAOZAFWm1kQ?feature=oembed\" frameborder=\"0\" allow=\"accelerometer; autoplay; clipboard-write; encrypted-media; gyroscope; picture-in-picture; web-share\" referrerpolicy=\"strict-origin-when-cross-origin\" allowfullscreen src=\"data:image\/svg+xml;base64,PHN2ZyB3aWR0aD0iMSIgaGVpZ2h0PSIxIiB4bWxucz0iaHR0cDovL3d3dy53My5vcmcvMjAwMC9zdmciPjwvc3ZnPg==\" class=\"lazyload\" data-load-mode=\"1\"><\/iframe><\/p>\n<p><b>Le s\u00e9nateur Klyne :<span>\u00a0<\/span><\/b>Ma question s\u2019adresse \u00e0 l\u2019honorable Lisa Raitt. En 2022, RBC a publi\u00e9 un rapport intitul\u00e9<span>\u00a0<\/span><i>92 \u00e0 z\u00e9ro\u00a0: Comment la r\u00e9conciliation \u00e9conomique peut contribuer \u00e0 la r\u00e9alisation des objectifs climatiques du Canada<\/i>. Le rapport souligne que la transition vers un Canada \u00e0 z\u00e9ro \u00e9mission\u00a0:<\/p>\n<p style=\"padding-left: 40px;\">[&#8230;] reposera sur des sources cruciales de capitaux conserv\u00e9s par les nations autochtones. RBC estime que le Canada aura besoin d\u2019environ 2 billions de dollars de capitaux au cours des 25 prochaines ann\u00e9es, une grande partie\u00a0de ces fonds provenant de sources autochtones, ou de partenariats autochtones, notamment de propri\u00e9t\u00e9s autochtones.<\/p>\n<p>Le rapport souligne aussi que \u00ab [l]es terres autochtones comportent d\u2019importantes ressources essentielles aux syst\u00e8mes \u00e9nergies vertes [y compris] 56\u00a0% des nouveaux projets de mines de min\u00e9raux critiques [&#8230;] \u00bb.<\/p>\n<p>Compte tenu de l\u2019urgence du d\u00e9veloppement \u00e9conomique, si le gouvernement envisage de donner la priorit\u00e9 \u00e0 certains projets de min\u00e9raux critiques qui concernent des terres autochtones en ayant recours \u00e0 une participation et une consultation significatives, ce sera porteur de possibilit\u00e9s substantielles pour l\u2019autod\u00e9termination des Autochtones, je crois. Si vous avez suivi les d\u00e9lib\u00e9rations jusqu\u2019\u00e0 pr\u00e9sent, vous savez qu\u2019il existe certaines pr\u00e9occupations au sujet de la participation et de la consultation significatives qui sont requises. J\u2019aimerais avoir des conseils pour les partenaires autochtones.<\/p>\n<p>Auriez-vous une recommandation \u00e0 faire aux partenaires autochtones \u00e0 propos d\u2019une strat\u00e9gie qui viserait \u00e0 pr\u00e9parer le terrain, \u00e0 agir de fa\u00e7on proactive et \u00e0 renverser la s\u00e9quence habituelle, c\u2019est-\u00e0-dire \u00e0 inviter le gouvernement \u00e0 venir \u00e0 la table pour lui exposer leurs attentes \u00e0 propos de leur participation au processus?<\/p>\n<p><b>Mme\u00a0Raitt :<span>\u00a0<\/span><\/b>Merci beaucoup, s\u00e9nateur. Je tiens \u00e0 vous dire que, dans le cadre de mon travail \u00e0 la CIBC, j\u2019ai \u00e9t\u00e9 tr\u00e8s fi\u00e8re de faire partie\u00a0d\u2019une \u00e9quipe qui a travaill\u00e9 pour le compte de la nation Haisla sur le projet Cedar LNG. Nous l\u2019avons aid\u00e9e \u00e0 trouver le financement n\u00e9cessaire pour devenir l\u2019actionnaire majoritaire de Cedar LNG. Ce fut une exp\u00e9rience tr\u00e8s enrichissante. Je sais un peu ce que c\u2019est que d\u2019essayer d\u2019obtenir un \u00ab oui \u00bb dans le cadre de n\u00e9gociations.<\/p>\n<p>Le gouvernement se donne les pouvoirs n\u00e9cessaires pour faire avancer des projets nationaux, mais ce ne sont que des pouvoirs sur papier. En r\u00e9alit\u00e9, le pouvoir r\u00e9side dans le partenariat entre les promoteurs et les communaut\u00e9s autochtones. Et c\u2019est aux communaut\u00e9s autochtones de d\u00e9cider si elles souhaitent ou non devenir des partenaires financiers \u00e0 part enti\u00e8re. La d\u00e9cision leur appartient totalement.<\/p>\n<p>M\u00eame si on d\u00e9signe un projet \u00ab priorit\u00e9 nationale \u00bb, il sera tr\u00e8s difficile pour un conseil d\u2019administration d\u2019accorder l\u2019approbation finale en mati\u00e8re d\u2019investissement en l\u2019absence d\u2019une collaboration v\u00e9ritable avec une communaut\u00e9 autochtone, sans sa participation et sans un v\u00e9ritable partenariat avec elle, car, pour dire les choses franchement, cet aspect sera toujours d\u00e9terminant.<\/p>\n<p>Comme le dit Sharleen Gale, pr\u00e9sidente de la Coalition de Premi\u00e8res Nations pour les grands projets, vous devez nous faire participer, car nous allons r\u00e9ellement faciliter les choses tout au long du processus. Ind\u00e9pendamment de ce que dit le projet de loi, il incombera toujours aux entreprises et aux promoteurs de faire le n\u00e9cessaire, c\u2019est-\u00e0-dire de collaborer avec la communaut\u00e9 des Premi\u00e8res Nations, d\u2019obtenir son consentement et ses conseils, puis d\u2019\u0153uvrer en partenariat avec elle tout au long du processus.<\/p>\n<p>Rien ne peut se faire sans elles. Pour citer J.P. Gladu, tous les chemins qui m\u00e8nent aux ressources passent par les communaut\u00e9s autochtones de ce pays.<\/p>\n","protected":false},"excerpt":{"rendered":"<p>Le s\u00e9nateur Klyne :\u00a0Ma question s\u2019adresse \u00e0 l\u2019honorable Lisa Raitt. En 2022, RBC a publi\u00e9 un rapport intitul\u00e9\u00a092 \u00e0 z\u00e9ro\u00a0: Comment la r\u00e9conciliation \u00e9conomique peut contribuer \u00e0 la r\u00e9alisation des objectifs climatiques du Canada. Le rapport souligne que la transition vers un Canada \u00e0 z\u00e9ro \u00e9mission\u00a0: [&#8230;] reposera sur des sources cruciales de capitaux conserv\u00e9s&#8230;<\/p>\n","protected":false},"author":3,"featured_media":1884,"comment_status":"closed","ping_status":"closed","sticky":false,"template":"","format":"standard","meta":{"_acf_changed":false,"wds_primary_category":0,"footnotes":""},"categories":[95],"tags":[],"senator_posts":[34],"class_list":["post-18865","post","type-post","status-publish","format-standard","has-post-thumbnail","hentry","category-au-senat","senator_posts-l-hon-marty-klyne"],"acf":[],"_links":{"self":[{"href":"https:\/\/theprogressives.ca\/fr\/wp-json\/wp\/v2\/posts\/18865","targetHints":{"allow":["GET"]}}],"collection":[{"href":"https:\/\/theprogressives.ca\/fr\/wp-json\/wp\/v2\/posts"}],"about":[{"href":"https:\/\/theprogressives.ca\/fr\/wp-json\/wp\/v2\/types\/post"}],"author":[{"embeddable":true,"href":"https:\/\/theprogressives.ca\/fr\/wp-json\/wp\/v2\/users\/3"}],"replies":[{"embeddable":true,"href":"https:\/\/theprogressives.ca\/fr\/wp-json\/wp\/v2\/comments?post=18865"}],"version-history":[{"count":0,"href":"https:\/\/theprogressives.ca\/fr\/wp-json\/wp\/v2\/posts\/18865\/revisions"}],"wp:featuredmedia":[{"embeddable":true,"href":"https:\/\/theprogressives.ca\/fr\/wp-json\/wp\/v2\/media\/1884"}],"wp:attachment":[{"href":"https:\/\/theprogressives.ca\/fr\/wp-json\/wp\/v2\/media?parent=18865"}],"wp:term":[{"taxonomy":"category","embeddable":true,"href":"https:\/\/theprogressives.ca\/fr\/wp-json\/wp\/v2\/categories?post=18865"},{"taxonomy":"post_tag","embeddable":true,"href":"https:\/\/theprogressives.ca\/fr\/wp-json\/wp\/v2\/tags?post=18865"},{"taxonomy":"senator_posts","embeddable":true,"href":"https:\/\/theprogressives.ca\/fr\/wp-json\/wp\/v2\/senator_posts?post=18865"}],"curies":[{"name":"wp","href":"https:\/\/api.w.org\/{rel}","templated":true}]}}