{"id":18840,"date":"2025-06-18T13:26:44","date_gmt":"2025-06-18T17:26:44","guid":{"rendered":"https:\/\/theprogressives.ca\/?p=18840"},"modified":"2025-06-23T13:31:08","modified_gmt":"2025-06-23T17:31:08","slug":"en-comite-plenier-le-senateur-klyne-interroge-les-temoins-sur-le-projet-de-loi-c-5-panel-6","status":"publish","type":"post","link":"https:\/\/theprogressives.ca\/fr\/au-senat\/en-comite-plenier-le-senateur-klyne-interroge-les-temoins-sur-le-projet-de-loi-c-5-panel-6\/","title":{"rendered":"En comit\u00e9 pl\u00e9nier : Le s\u00e9nateur Klyne interroge les t\u00e9moins sur le projet de loi C-5 (Panel 6)"},"content":{"rendered":"<p><iframe title=\"Le s\u00e9nateur Klyne interroge les t\u00e9moins sur le projet de loi C-5 (Panel 6) - 18 juin 2025 (FR)\" width=\"640\" height=\"360\" data-src=\"https:\/\/www.youtube.com\/embed\/aKa64NI63vk?feature=oembed\" frameborder=\"0\" allow=\"accelerometer; autoplay; clipboard-write; encrypted-media; gyroscope; picture-in-picture; web-share\" referrerpolicy=\"strict-origin-when-cross-origin\" allowfullscreen src=\"data:image\/svg+xml;base64,PHN2ZyB3aWR0aD0iMSIgaGVpZ2h0PSIxIiB4bWxucz0iaHR0cDovL3d3dy53My5vcmcvMjAwMC9zdmciPjwvc3ZnPg==\" class=\"lazyload\" data-load-mode=\"1\"><\/iframe><\/p>\n<p><b>Le s\u00e9nateur Klyne :<span>\u00a0<\/span><\/b>Ma question s\u2019adresse au Conseil canadien des affaires. Si je comprends bien, le conseil est compos\u00e9 de dirigeants et d\u2019entrepreneurs de plus de 170 entreprises canadiennes de premier plan, et ce, dans tous les secteurs et toutes les r\u00e9gions du pays. Je suppose que bon nombre de ces membres se pr\u00e9parent \u00e0 soumissionner pour obtenir des contrats du gouvernement qui d\u00e9couleront de l\u2019adoption du projet de loi\u00a0C-5. Par ailleurs, je suppose que plusieurs de ces contrats seront assujettis aux programmes de march\u00e9s r\u00e9serv\u00e9s du gouvernement.<\/p>\n<p>\u00cates-vous en train de pr\u00e9parer ou de conseiller les membres du conseil sur la mani\u00e8re de pr\u00e9senter un plan de participation des peuples autochtones dans le cadre des programmes de march\u00e9s r\u00e9serv\u00e9s du gouvernement?<\/p>\n<p><b>M.\u00a0Hyder :<span>\u00a0<\/span><\/b>Merci de votre question, s\u00e9nateur. Chaque entreprise va \u0153uvrer de son c\u00f4t\u00e9, projet par projet. Elles se font concurrence entre elles, m\u00eame si je les repr\u00e9sente toutes.<\/p>\n<p>Je crois qu\u2019il ne manque pas de donn\u00e9es pour montrer que les projets qui ont \u00e9t\u00e9 couronn\u00e9s de succ\u00e8s l\u2019ont \u00e9t\u00e9 parce que les Autochtones qui y ont particip\u00e9 en \u00e9taient actionnaires.<\/p>\n<p>Je vous rappelle, s\u00e9nateur, que c\u2019est en partie\u00a0pour cette raison que le Conseil canadien des affaires a milit\u00e9 pour la cr\u00e9ation du programme de garantie de pr\u00eats pour les Autochtones, afin que les communaut\u00e9s autochtones, surtout celles qui n\u2019ont pas vraiment d\u2019exp\u00e9rience dans les affaires, puissent \u00eatre actionnaires et partenaires de projets et pour les aider \u00e0 att\u00e9nuer les risques connexes parce que, quand on n\u2019a pas d\u2019exp\u00e9rience, on ne sait pas trop dans quoi on s\u2019embarque.<\/p>\n<p>L\u2019id\u00e9al, c\u2019est de ne jamais avoir \u00e0 utiliser la garantie de pr\u00eat. Il s\u2019agit davantage d\u2019un filet de s\u00e9curit\u00e9 en cas de p\u00e9pin. Je salue d\u2019ailleurs le gouvernement actuel de l\u2019avoir doubl\u00e9e quelques semaines \u00e0 peine apr\u00e8s l\u2019entr\u00e9e en fonction du premier ministre, si je ne m\u2019abuse. La garantie a \u00e9t\u00e9 doubl\u00e9e, ce dont nous nous r\u00e9jouissons, parce que cette mesure ouvrira de nouveaux d\u00e9bouch\u00e9s aux communaut\u00e9s autochtones, qui pourront mieux participer aux projets et en devenir actionnaires. Cela facilitera la mise sur pied de programmes, ce qui, \u00e0 nos yeux, constitue l\u2019un des moyens les plus rapides d\u2019unir nos efforts et de recommencer \u00e0 b\u00e2tir des immeubles et des infrastructures au pays.<\/p>\n","protected":false},"excerpt":{"rendered":"<p>Le s\u00e9nateur Klyne :\u00a0Ma question s\u2019adresse au Conseil canadien des affaires. Si je comprends bien, le conseil est compos\u00e9 de dirigeants et d\u2019entrepreneurs de plus de 170 entreprises canadiennes de premier plan, et ce, dans tous les secteurs et toutes les r\u00e9gions du pays. Je suppose que bon nombre de ces membres se pr\u00e9parent \u00e0&#8230;<\/p>\n","protected":false},"author":3,"featured_media":1980,"comment_status":"closed","ping_status":"closed","sticky":false,"template":"","format":"standard","meta":{"_acf_changed":false,"wds_primary_category":0,"footnotes":""},"categories":[95],"tags":[],"senator_posts":[34],"class_list":["post-18840","post","type-post","status-publish","format-standard","has-post-thumbnail","hentry","category-au-senat","senator_posts-l-hon-marty-klyne"],"acf":[],"_links":{"self":[{"href":"https:\/\/theprogressives.ca\/fr\/wp-json\/wp\/v2\/posts\/18840","targetHints":{"allow":["GET"]}}],"collection":[{"href":"https:\/\/theprogressives.ca\/fr\/wp-json\/wp\/v2\/posts"}],"about":[{"href":"https:\/\/theprogressives.ca\/fr\/wp-json\/wp\/v2\/types\/post"}],"author":[{"embeddable":true,"href":"https:\/\/theprogressives.ca\/fr\/wp-json\/wp\/v2\/users\/3"}],"replies":[{"embeddable":true,"href":"https:\/\/theprogressives.ca\/fr\/wp-json\/wp\/v2\/comments?post=18840"}],"version-history":[{"count":0,"href":"https:\/\/theprogressives.ca\/fr\/wp-json\/wp\/v2\/posts\/18840\/revisions"}],"wp:featuredmedia":[{"embeddable":true,"href":"https:\/\/theprogressives.ca\/fr\/wp-json\/wp\/v2\/media\/1980"}],"wp:attachment":[{"href":"https:\/\/theprogressives.ca\/fr\/wp-json\/wp\/v2\/media?parent=18840"}],"wp:term":[{"taxonomy":"category","embeddable":true,"href":"https:\/\/theprogressives.ca\/fr\/wp-json\/wp\/v2\/categories?post=18840"},{"taxonomy":"post_tag","embeddable":true,"href":"https:\/\/theprogressives.ca\/fr\/wp-json\/wp\/v2\/tags?post=18840"},{"taxonomy":"senator_posts","embeddable":true,"href":"https:\/\/theprogressives.ca\/fr\/wp-json\/wp\/v2\/senator_posts?post=18840"}],"curies":[{"name":"wp","href":"https:\/\/api.w.org\/{rel}","templated":true}]}}