{"id":18775,"date":"2025-06-17T15:29:08","date_gmt":"2025-06-17T19:29:08","guid":{"rendered":"https:\/\/theprogressives.ca\/?p=18775"},"modified":"2025-06-19T15:38:35","modified_gmt":"2025-06-19T19:38:35","slug":"en-comite-plenier-le-senateur-cuzner-interroge-les-ministres-leblanc-et-alty-sur-le-projet-de-loi-c-5","status":"publish","type":"post","link":"https:\/\/theprogressives.ca\/fr\/au-senat\/en-comite-plenier-le-senateur-cuzner-interroge-les-ministres-leblanc-et-alty-sur-le-projet-de-loi-c-5\/","title":{"rendered":"En comit\u00e9 pl\u00e9nier : Le s\u00e9nateur Cuzner interroge les ministres LeBlanc et Alty sur le projet de loi C-5"},"content":{"rendered":"<p><iframe title=\"Le s\u00e9nateur Cuzner interroge les ministres LeBlanc et Alty sur le projet de loi C-5 - 17 juin 2025\" width=\"640\" height=\"360\" data-src=\"https:\/\/www.youtube.com\/embed\/tK2z-k7zuos?feature=oembed\" frameborder=\"0\" allow=\"accelerometer; autoplay; clipboard-write; encrypted-media; gyroscope; picture-in-picture; web-share\" referrerpolicy=\"strict-origin-when-cross-origin\" allowfullscreen src=\"data:image\/svg+xml;base64,PHN2ZyB3aWR0aD0iMSIgaGVpZ2h0PSIxIiB4bWxucz0iaHR0cDovL3d3dy53My5vcmcvMjAwMC9zdmciPjwvc3ZnPg==\" class=\"lazyload\" data-load-mode=\"1\"><\/iframe><\/p>\n<p><b>Le s\u00e9nateur Cuzner :<span>\u00a0<\/span><\/b>C\u2019est un plaisir de vous voir tous les deux, madame la ministre et monsieur le ministre, mais dans une moindre mesure, monsieur le ministre. Monsieur le ministre, je n\u2019arrive pas \u00e0 croire \u00e0 quel point vous aimez venir dans cette enceinte.<\/p>\n<p>Monsieur le ministre, en ce qui concerne la mobilit\u00e9, pour revenir sur les questions de mon coll\u00e8gue au sujet de l\u2019accr\u00e9ditation et de la reconnaissance des titres de comp\u00e9tences interprovinciaux, le grand d\u00e9fi sera le co\u00fbt. Nous savons qu\u2019avec la chute du prix du p\u00e9trole, de telles occasions n\u2019existent plus pour bon nombre des entreprises de l\u2019Ouest qui ont pendant longtemps compt\u00e9 sur la main-d\u2019\u0153uvre de l\u2019Atlantique et du Centre du Canada.<\/p>\n<p>Le gouvernement pr\u00e9c\u00e9dent l\u2019a reconnu et a ajout\u00e9 des dispositions pour offrir des incitatifs fiscaux afin de favoriser la mobilit\u00e9. Pensez-vous que cela se poursuivra? Nous voulons jumeler les personnes qui poss\u00e8dent ces comp\u00e9tences aux possibilit\u00e9s d\u2019emploi. Pensez-vous que cette mesure sera \u00e9largie compte tenu du d\u00e9fi auquel vous \u00eates confront\u00e9s?<\/p>\n<p><b>M.\u00a0LeBlanc :<span>\u00a0<\/span><\/b>Monsieur le s\u00e9nateur, votre question est tout \u00e0 fait pertinente. Dans la r\u00e9gion que vous repr\u00e9sentez, tout comme dans la mienne, nous voyons dans les a\u00e9roports\u00a0\u2014 que ce soit \u00e0 Halifax ou \u00e0 Moncton\u00a0\u2014 de nombreuses femmes et de nombreux hommes qui travaillent dur et qui se rendent ailleurs au pays pour gagner un bon salaire dans des secteurs de l\u2019\u00e9conomie qui finissent par stimuler les \u00e9conomies de nos r\u00e9gions.<\/p>\n<p>J\u2019ai d\u00e9j\u00e0 dit que tous les Canadiens devraient s\u2019int\u00e9resser \u00e0 cette r\u00e9ussite. Je l\u2019ai dit hier soir \u00e0 la premi\u00e8re ministre Smith\u00a0: les \u00e9conomies ax\u00e9es sur les ressources naturelles cr\u00e9ent des emplois dans toutes les r\u00e9gions du pays et ajoutent de la valeur \u00e9conomique. Vous avez raison\u00a0: pour de nombreuses raisons\u00a0\u2014 les march\u00e9s mondiaux, d\u2019autres facteurs\u00a0\u2014, il y a des d\u00e9fis \u00e0 relever.<\/p>\n<p>Je pense que nos coll\u00e8gues conservateurs de l\u2019autre endroit avaient propos\u00e9 un cr\u00e9dit d\u2019imp\u00f4t pour encourager la mobilit\u00e9 de la main-d\u2019\u0153uvre, il s\u2019agissait d\u2019une s\u00e9rie de mesures entourant la mobilit\u00e9 de la main-d\u2019\u0153uvre et les outils pour les gens de m\u00e9tier. Ces id\u00e9es sont tr\u00e8s valables, \u00e0 mon avis. Je sais que le ministre des Finances examine des moyens de faciliter la collaboration avec les syndicats et les repr\u00e9sentants de bon nombre de ces travailleurs. Comment pouvons-nous mettre en place des instruments financiers qui encourageraient et soutiendraient cette mobilit\u00e9? Pour revenir \u00e0 la question pos\u00e9e pr\u00e9c\u00e9demment par votre coll\u00e8gue, s\u00e9nateur, comment pouvons-nous favoriser aussi certaines possibilit\u00e9s de formation? Bien entendu, les provinces ont un r\u00f4le essentiel \u00e0 jouer en mati\u00e8re de formation, mais nous voulons \u00e9galement \u00eatre leur partenaire.<\/p>\n<p><b>Le s\u00e9nateur Cuzner :<span>\u00a0<\/span><\/b>Merci beaucoup. Dans le pass\u00e9, le Canada a \u00e9t\u00e9 t\u00e9moin de tentatives sporadiques visant \u00e0 abolir les barri\u00e8res interprovinciales. Les mesures prises par le pr\u00e9sident actuel ont vraiment galvanis\u00e9 les Canadiens, et il semble que tout le monde s\u2019accorde \u00e0 dire que c\u2019est d\u00e9sormais imp\u00e9ratif.<\/p>\n<p>Vous avez d\u00e9j\u00e0 rencontr\u00e9 le pr\u00e9sident actuel et vous comprenez sa spontan\u00e9it\u00e9. Devrions-nous conclure un accord commercial avec lui? Pensez-vous qu\u2019il faille lever le pied? Le sentiment d\u2019urgence qui anime actuellement le gouvernement persistera-t-il m\u00eame si nous parvenons \u00e0 conclure un accord commercial avec les \u00c9tats-Unis?<\/p>\n<p><b>M.\u00a0LeBlanc :<span>\u00a0<\/span><\/b>Monsieur le s\u00e9nateur, merci pour votre question. La r\u00e9ponse courte est non. Qu\u2019on arrive ou non \u00e0 conclure un accord commercial avec les \u00c9tats-Unis, il sera important de nous donner les moyens de travailler ad\u00e9quatement et sans tarder avec nos partenaires pour approuver des projets d\u2019int\u00e9r\u00eat national.<\/p>\n<p>Comme vous avez pu le constater hier\u00a0\u2014 j\u2019\u00e9tais moi-m\u00eame pr\u00e9sent hier matin \u00e0 Kananaskis lors de la r\u00e9union avec le premier ministre et le pr\u00e9sident\u00a0\u2014, on nous a donn\u00e9 un nouveau mandat plus court de 30 jours\u00a0\u2014 en esp\u00e9rant que ce sera encore moins\u00a0\u2014 pour tenter de r\u00e9gler les derniers d\u00e9tails d\u2019un accord, mais, m\u00eame si nous y parvenons, l\u2019incertitude \u00e9conomique demeurera.<\/p>\n<p>Si nous n\u2019y parvenons pas, nous devrons alors redoubler d\u2019efforts pour soutenir les travailleurs, les entreprises et les divers secteurs de notre \u00e9conomie. Si l\u2019on pense aux producteurs d\u2019acier, en mettant sur pied de grands projets nationaux, on cr\u00e9erait imm\u00e9diatement des d\u00e9bouch\u00e9s pour certains des meilleurs travailleurs et des entreprises qui produisent de l\u2019acier au Canada. Ce n\u2019est l\u00e0 qu\u2019un exemple parmi tant d\u2019autres.<\/p>\n<p>L\u2019autre chose int\u00e9ressante, s\u00e9nateur Cuzner, c\u2019est que l\u2019Accord Canada\u2014\u00c9tats-Unis\u2014Mexique pr\u00e9voit un examen en 2026. Pour revenir \u00e0 ce que vous disiez \u00e0 propos du caract\u00e8re impr\u00e9visible du gouvernement am\u00e9ricain, le pr\u00e9sident Trump sera encore \u00e0 la t\u00eate des \u00c9tats-Unis quand cet examen aura lieu. Hier, j\u2019ai discut\u00e9 avec le ministre de l\u2019\u00c9conomie du Mexique des occasions de collaborer avec nos partenaires mexicains que pr\u00e9sente cet examen. L\u2019incertitude ambiante ne se dissipera malheureusement pas m\u00eame si nous r\u00e9ussissons, comme nous l\u2019esp\u00e9rons, \u00e0 conclure rapidement une entente.<\/p>\n<p>Cela dit, j\u2019estime qu\u2019il est encore urgent de nous doter des bons instruments pour recommencer \u00e0 faire des grands projets susceptibles d\u2019\u00e9difier la nation.<\/p>\n","protected":false},"excerpt":{"rendered":"<p>Le s\u00e9nateur Cuzner :\u00a0C\u2019est un plaisir de vous voir tous les deux, madame la ministre et monsieur le ministre, mais dans une moindre mesure, monsieur le ministre. Monsieur le ministre, je n\u2019arrive pas \u00e0 croire \u00e0 quel point vous aimez venir dans cette enceinte. Monsieur le ministre, en ce qui concerne la mobilit\u00e9, pour revenir&#8230;<\/p>\n","protected":false},"author":3,"featured_media":1948,"comment_status":"closed","ping_status":"closed","sticky":false,"template":"","format":"standard","meta":{"_acf_changed":false,"wds_primary_category":0,"footnotes":""},"categories":[95],"tags":[],"senator_posts":[182],"class_list":["post-18775","post","type-post","status-publish","format-standard","has-post-thumbnail","hentry","category-au-senat","senator_posts-l-hon-rodger-cuzner"],"acf":[],"_links":{"self":[{"href":"https:\/\/theprogressives.ca\/fr\/wp-json\/wp\/v2\/posts\/18775","targetHints":{"allow":["GET"]}}],"collection":[{"href":"https:\/\/theprogressives.ca\/fr\/wp-json\/wp\/v2\/posts"}],"about":[{"href":"https:\/\/theprogressives.ca\/fr\/wp-json\/wp\/v2\/types\/post"}],"author":[{"embeddable":true,"href":"https:\/\/theprogressives.ca\/fr\/wp-json\/wp\/v2\/users\/3"}],"replies":[{"embeddable":true,"href":"https:\/\/theprogressives.ca\/fr\/wp-json\/wp\/v2\/comments?post=18775"}],"version-history":[{"count":0,"href":"https:\/\/theprogressives.ca\/fr\/wp-json\/wp\/v2\/posts\/18775\/revisions"}],"wp:featuredmedia":[{"embeddable":true,"href":"https:\/\/theprogressives.ca\/fr\/wp-json\/wp\/v2\/media\/1948"}],"wp:attachment":[{"href":"https:\/\/theprogressives.ca\/fr\/wp-json\/wp\/v2\/media?parent=18775"}],"wp:term":[{"taxonomy":"category","embeddable":true,"href":"https:\/\/theprogressives.ca\/fr\/wp-json\/wp\/v2\/categories?post=18775"},{"taxonomy":"post_tag","embeddable":true,"href":"https:\/\/theprogressives.ca\/fr\/wp-json\/wp\/v2\/tags?post=18775"},{"taxonomy":"senator_posts","embeddable":true,"href":"https:\/\/theprogressives.ca\/fr\/wp-json\/wp\/v2\/senator_posts?post=18775"}],"curies":[{"name":"wp","href":"https:\/\/api.w.org\/{rel}","templated":true}]}}