{"id":18763,"date":"2025-06-17T15:01:03","date_gmt":"2025-06-17T19:01:03","guid":{"rendered":"https:\/\/theprogressives.ca\/?p=18763"},"modified":"2025-06-19T15:10:08","modified_gmt":"2025-06-19T19:10:08","slug":"en-comite-plenier-le-senateur-klyne-interroge-les-ministres-leblanc-et-alty-sur-le-projet-de-loi-c-5","status":"publish","type":"post","link":"https:\/\/theprogressives.ca\/fr\/au-senat\/en-comite-plenier-le-senateur-klyne-interroge-les-ministres-leblanc-et-alty-sur-le-projet-de-loi-c-5\/","title":{"rendered":"En comit\u00e9 pl\u00e9nier : Le s\u00e9nateur Klyne interroge les ministres LeBlanc et Alty sur le projet de loi C-5"},"content":{"rendered":"<p><iframe title=\"Le s\u00e9nateur Klyne interroge les ministres LeBlanc et Alty sur le projet de loi C-5\" width=\"640\" height=\"360\" data-src=\"https:\/\/www.youtube.com\/embed\/E_R-PDYCZo4?feature=oembed\" frameborder=\"0\" allow=\"accelerometer; autoplay; clipboard-write; encrypted-media; gyroscope; picture-in-picture; web-share\" referrerpolicy=\"strict-origin-when-cross-origin\" allowfullscreen src=\"data:image\/svg+xml;base64,PHN2ZyB3aWR0aD0iMSIgaGVpZ2h0PSIxIiB4bWxucz0iaHR0cDovL3d3dy53My5vcmcvMjAwMC9zdmciPjwvc3ZnPg==\" class=\"lazyload\" data-load-mode=\"1\"><\/iframe><\/p>\n<p><b>Le s\u00e9nateur Klyne :<span>\u00a0<\/span><\/b>Madame la ministre, monsieur le ministre, soyez les bienvenus. Les dirigeants autochtones que nous avons entendus hier nous ont dit que les consultations sur la partie\u00a02 du projet de loi\u00a0C-5 \u00e9taient pr\u00e9cipit\u00e9es et superficielles. Je vous remercie d\u2019avoir mentionn\u00e9 les consultations de m\u00eame que le consentement pr\u00e9alable, donn\u00e9 librement et en connaissance de cause dans vos remarques liminaires. Vous reconnaissez sans ambages que la D\u00e9claration des Nations Unies sur les droits des peuples autochtones et l\u2019article\u00a035 de la Loi constitutionnelle nous donnent l\u2019obligation de consulter.<\/p>\n<p>Madame la ministre, nous avons entendu parler de ce que d\u2019aucuns ont qualifi\u00e9 de \u00ab clauses Henri VIII \u00bb qui se retrouvent dans les articles 21, 22 et 23 de la partie\u00a02 du projet de loi. Il semblerait que ces dispositions accordent au Canada le pouvoir illimit\u00e9 de modifier la mani\u00e8re dont sont appliqu\u00e9es la quasi-totalit\u00e9 des lois adopt\u00e9es par le Parlement.<\/p>\n<p>Madame la ministre, s\u2019il devient possible de faire fi des lois environnementales et des lois qui garantissent les droits des autochtones, qu\u2019arrivera-t-il \u00e0 l\u2019environnement et aux peuples autochtones?<\/p>\n<p><b>Mme\u00a0Alty :<span>\u00a0<\/span><\/b>Je vous remercie, s\u00e9nateur. Comme je le disais tout \u00e0 l\u2019heure, la loi nous oblige \u00e0 consulter. C\u2019est dans la Constitution. Les droits dont vous parlez sont garantis par la Constitution, et l\u2019obligation de prendre des mesures d\u2019adaptation a \u00e9t\u00e9 confirm\u00e9e par une s\u00e9rie de jugements de la Cour supr\u00eame du Canada. Ce projet de loi ne peut pas avoir pr\u00e9s\u00e9ance sur la Constitution. Les projets qui seront d\u00e9sign\u00e9s comme \u00e9tant d\u2019int\u00e9r\u00eat national le seront uniquement apr\u00e8s consultation des titulaires de droits autochtones touch\u00e9s.<\/p>\n<p>La cl\u00e9, c\u2019est que l\u2019obligation de consulter et de prendre des mesures d\u2019adaptation est inscrite dans la Constitution et dans la version r\u00e9vis\u00e9e de la Loi d\u2019interpr\u00e9tation, auxquelles ce projet de loi n\u2019a pas le choix de se conformer. Je vais en rester l\u00e0 pour vous laisser plus de temps dans votre p\u00e9riode de 10 minutes.<\/p>\n<p><b>Le s\u00e9nateur Klyne :<span>\u00a0<\/span><\/b>Donc, la disposition \u00e0 la Henri VIII n\u2019a aucune incidence.<\/p>\n<p><b>Mme\u00a0Alty :<span>\u00a0<\/span><\/b>C\u2019est exact.<\/p>\n","protected":false},"excerpt":{"rendered":"<p>Le s\u00e9nateur Klyne :\u00a0Madame la ministre, monsieur le ministre, soyez les bienvenus. Les dirigeants autochtones que nous avons entendus hier nous ont dit que les consultations sur la partie\u00a02 du projet de loi\u00a0C-5 \u00e9taient pr\u00e9cipit\u00e9es et superficielles. Je vous remercie d\u2019avoir mentionn\u00e9 les consultations de m\u00eame que le consentement pr\u00e9alable, donn\u00e9 librement et en connaissance&#8230;<\/p>\n","protected":false},"author":3,"featured_media":1904,"comment_status":"closed","ping_status":"closed","sticky":false,"template":"","format":"standard","meta":{"_acf_changed":false,"wds_primary_category":0,"footnotes":""},"categories":[95],"tags":[],"senator_posts":[34],"class_list":["post-18763","post","type-post","status-publish","format-standard","has-post-thumbnail","hentry","category-au-senat","senator_posts-l-hon-marty-klyne"],"acf":[],"_links":{"self":[{"href":"https:\/\/theprogressives.ca\/fr\/wp-json\/wp\/v2\/posts\/18763","targetHints":{"allow":["GET"]}}],"collection":[{"href":"https:\/\/theprogressives.ca\/fr\/wp-json\/wp\/v2\/posts"}],"about":[{"href":"https:\/\/theprogressives.ca\/fr\/wp-json\/wp\/v2\/types\/post"}],"author":[{"embeddable":true,"href":"https:\/\/theprogressives.ca\/fr\/wp-json\/wp\/v2\/users\/3"}],"replies":[{"embeddable":true,"href":"https:\/\/theprogressives.ca\/fr\/wp-json\/wp\/v2\/comments?post=18763"}],"version-history":[{"count":0,"href":"https:\/\/theprogressives.ca\/fr\/wp-json\/wp\/v2\/posts\/18763\/revisions"}],"wp:featuredmedia":[{"embeddable":true,"href":"https:\/\/theprogressives.ca\/fr\/wp-json\/wp\/v2\/media\/1904"}],"wp:attachment":[{"href":"https:\/\/theprogressives.ca\/fr\/wp-json\/wp\/v2\/media?parent=18763"}],"wp:term":[{"taxonomy":"category","embeddable":true,"href":"https:\/\/theprogressives.ca\/fr\/wp-json\/wp\/v2\/categories?post=18763"},{"taxonomy":"post_tag","embeddable":true,"href":"https:\/\/theprogressives.ca\/fr\/wp-json\/wp\/v2\/tags?post=18763"},{"taxonomy":"senator_posts","embeddable":true,"href":"https:\/\/theprogressives.ca\/fr\/wp-json\/wp\/v2\/senator_posts?post=18763"}],"curies":[{"name":"wp","href":"https:\/\/api.w.org\/{rel}","templated":true}]}}