{"id":18724,"date":"2025-06-16T17:33:35","date_gmt":"2025-06-16T21:33:35","guid":{"rendered":"https:\/\/theprogressives.ca\/?p=18724"},"modified":"2025-06-17T17:36:02","modified_gmt":"2025-06-17T21:36:02","slug":"en-comite-plenier-le-senateur-cardozo-interroge-la-ministre-freeland-sur-le-projet-de-loi-c-5","status":"publish","type":"post","link":"https:\/\/theprogressives.ca\/fr\/au-senat\/en-comite-plenier-le-senateur-cardozo-interroge-la-ministre-freeland-sur-le-projet-de-loi-c-5\/","title":{"rendered":"En comit\u00e9 pl\u00e9nier : Le s\u00e9nateur Cardozo interroge la ministre Freeland sur le projet de loi C-5"},"content":{"rendered":"<p><iframe title=\"Le s\u00e9nateur Cardozo interroge la ministre Freeland sur le projet de loi C-5 - 16 juin 2025 (FR)\" width=\"640\" height=\"360\" data-src=\"https:\/\/www.youtube.com\/embed\/_DWERF8eo5s?feature=oembed\" frameborder=\"0\" allow=\"accelerometer; autoplay; clipboard-write; encrypted-media; gyroscope; picture-in-picture; web-share\" referrerpolicy=\"strict-origin-when-cross-origin\" allowfullscreen src=\"data:image\/svg+xml;base64,PHN2ZyB3aWR0aD0iMSIgaGVpZ2h0PSIxIiB4bWxucz0iaHR0cDovL3d3dy53My5vcmcvMjAwMC9zdmciPjwvc3ZnPg==\" class=\"lazyload\" data-load-mode=\"1\"><\/iframe><\/p>\n<p><b>Le s\u00e9nateur Cardozo :<span>\u00a0<\/span><\/b>Soyez la bienvenue au S\u00e9nat encore une fois, madame la ministre. Mes questions portent sur les articles 21, 22 et 23 du projet de loi, que certains ont qualifi\u00e9 de dispositions \u00e0 la Henri VIII, car elles permettraient au gouvernement d\u2019exempter une partie\u00a0de ses plans et de ses activit\u00e9s d\u2019une s\u00e9rie de lois.<\/p>\n<p>Pourriez-vous nous expliquer la raison d\u2019\u00eatre de ces articles et nous dire aussi ceci\u00a0: les exemptions se limiteront-elles aux lois figurant \u00e0 l\u2019annexe 2? Si j\u2019ai bien compris, il n\u2019y a aucune limite de temps, ce qui veut dire que les gouvernements pourraient faire fi de ces lois pendant des dizaines d\u2019ann\u00e9es. Ai-je bien compris?<\/p>\n<p><b>Mme\u00a0Freeland :<span>\u00a0<\/span><\/b>Je ne r\u00e9p\u00e9terai pas l\u2019expression tr\u00e8s color\u00e9e, mais pas tout \u00e0 fait juste, que vous venez d\u2019utiliser. L\u2019id\u00e9e, c\u2019est vraiment de faire le n\u00e9cessaire pour que les grands projets se r\u00e9alisent. Nous devons \u00eatre conscients que, de nos jours, les cadres l\u00e9gislatifs existants ne conviennent pas \u00e0 la r\u00e9alit\u00e9 canadienne. Ils croulent sous les obstacles, tout comme le commerce int\u00e9rieur.<\/p>\n<p>J\u2019esp\u00e8re que vous serez d\u2019accord avec le premier ministre et moi\u00a0\u2014 je crois bien que oui\u00a0\u2014 pour dire que le pays traverse une v\u00e9ritable crise nationale et qu\u2019il faut r\u00e9agir avec des mesures extraordinaires. Il faut se donner les moyens de lancer de grands projets d\u00e8s maintenant, mais aussi les outils pour le faire.<\/p>\n<p>Qu\u2019on se comprenne bien\u00a0: c\u2019est ce que fera cette mesure l\u00e9gislative. Je suis sinc\u00e8rement convaincue qu\u2019il n\u2019y a personne ici aujourd\u2019hui, ou nulle part au Canada, qui serait contre l\u2019affirmation voulant qu\u2019on doive b\u00e2tir plus de grandes choses au Canada, et plus rapidement. Je crois que nous nous entendons tous sur ce point.<\/p>\n<p>Je crois que nous sommes \u00e9galement tous d\u2019accord pour dire qu\u2019il faut que cela se fasse en toute s\u00e9curit\u00e9, dans le respect des droits des peuples autochtones du Canada, dans le respect de l\u2019environnement et dans un esprit de collaboration entre les provinces, les territoires et le gouvernement f\u00e9d\u00e9ral. Ce processus est con\u00e7u pr\u00e9cis\u00e9ment dans ce but. Il y aura une grande transparence et un large d\u00e9bat public au sujet de chaque projet concern\u00e9 par ce processus.<\/p>\n<p><b>Le s\u00e9nateur Cardozo :<span>\u00a0<\/span><\/b>Pouvez-vous donner un exemple de situation o\u00f9 vous pourriez vouloir exempter le gouvernement de l\u2019application d\u2019une loi?<\/p>\n<p><b>Mme\u00a0Freeland :<span>\u00a0<\/span><\/b>L\u2019une des choses que j\u2019ai apprises lors des premi\u00e8res n\u00e9gociations de l\u2019Accord de libre-\u00e9change nord-am\u00e9ricain, c\u2019est qu\u2019il est hasardeux de se livrer \u00e0 des conjectures. Ce que je peux dire, c\u2019est qu\u2019il s\u2019agit d\u2019\u00e9tablir un cadre et qu\u2019il y aura une grande transparence et un vaste d\u00e9bat national au sujet de chaque projet concern\u00e9 par ce processus.<\/p>\n<p><b>Le s\u00e9nateur Cardozo :<span>\u00a0<\/span><\/b>Cela s\u2019applique-t-il au logement?<\/p>\n<p><b>Mme\u00a0Freeland :<span>\u00a0<\/span><\/b>Comme je l\u2019ai dit, le projet de loi \u00e9nonce tr\u00e8s clairement les crit\u00e8res. Il ne s\u2019agit pas de nommer des projets pr\u00e9cis. Certains projets ont \u00e9t\u00e9 \u00e9voqu\u00e9s comme possibilit\u00e9s, mais chacun d\u2019entre eux devra suivre le processus.<\/p>\n","protected":false},"excerpt":{"rendered":"<p>Le s\u00e9nateur Cardozo :\u00a0Soyez la bienvenue au S\u00e9nat encore une fois, madame la ministre. Mes questions portent sur les articles 21, 22 et 23 du projet de loi, que certains ont qualifi\u00e9 de dispositions \u00e0 la Henri VIII, car elles permettraient au gouvernement d\u2019exempter une partie\u00a0de ses plans et de ses activit\u00e9s d\u2019une s\u00e9rie de&#8230;<\/p>\n","protected":false},"author":3,"featured_media":2016,"comment_status":"closed","ping_status":"closed","sticky":false,"template":"","format":"standard","meta":{"_acf_changed":false,"wds_primary_category":0,"footnotes":""},"categories":[95],"tags":[],"senator_posts":[178],"class_list":["post-18724","post","type-post","status-publish","format-standard","has-post-thumbnail","hentry","category-au-senat","senator_posts-l-hon-andrew-cardozo"],"acf":[],"_links":{"self":[{"href":"https:\/\/theprogressives.ca\/fr\/wp-json\/wp\/v2\/posts\/18724","targetHints":{"allow":["GET"]}}],"collection":[{"href":"https:\/\/theprogressives.ca\/fr\/wp-json\/wp\/v2\/posts"}],"about":[{"href":"https:\/\/theprogressives.ca\/fr\/wp-json\/wp\/v2\/types\/post"}],"author":[{"embeddable":true,"href":"https:\/\/theprogressives.ca\/fr\/wp-json\/wp\/v2\/users\/3"}],"replies":[{"embeddable":true,"href":"https:\/\/theprogressives.ca\/fr\/wp-json\/wp\/v2\/comments?post=18724"}],"version-history":[{"count":0,"href":"https:\/\/theprogressives.ca\/fr\/wp-json\/wp\/v2\/posts\/18724\/revisions"}],"wp:featuredmedia":[{"embeddable":true,"href":"https:\/\/theprogressives.ca\/fr\/wp-json\/wp\/v2\/media\/2016"}],"wp:attachment":[{"href":"https:\/\/theprogressives.ca\/fr\/wp-json\/wp\/v2\/media?parent=18724"}],"wp:term":[{"taxonomy":"category","embeddable":true,"href":"https:\/\/theprogressives.ca\/fr\/wp-json\/wp\/v2\/categories?post=18724"},{"taxonomy":"post_tag","embeddable":true,"href":"https:\/\/theprogressives.ca\/fr\/wp-json\/wp\/v2\/tags?post=18724"},{"taxonomy":"senator_posts","embeddable":true,"href":"https:\/\/theprogressives.ca\/fr\/wp-json\/wp\/v2\/senator_posts?post=18724"}],"curies":[{"name":"wp","href":"https:\/\/api.w.org\/{rel}","templated":true}]}}