{"id":18350,"date":"2025-04-08T09:40:47","date_gmt":"2025-04-08T13:40:47","guid":{"rendered":"https:\/\/theprogressives.ca\/?p=18350"},"modified":"2025-04-08T09:41:11","modified_gmt":"2025-04-08T13:41:11","slug":"le-groupe-progressiste-du-senat-accueille-une-nouvelle-membre-la-senatrice-henkel","status":"publish","type":"post","link":"https:\/\/theprogressives.ca\/fr\/nouvelles\/le-groupe-progressiste-du-senat-accueille-une-nouvelle-membre-la-senatrice-henkel\/","title":{"rendered":"Le Groupe progressiste du S\u00e9nat accueille une nouvelle membre la s\u00e9natrice Henkel"},"content":{"rendered":"<p>Le s\u00e9nateur Pierre Dalphond, Leader du Groupe progressiste du S\u00e9nat (GPS), accueille avec enthousiasme la s\u00e9natrice Dani\u00e8le Henkel au sein du groupe.<\/p>\n<p>\u00ab La s\u00e9natrice Henkel est une femme inspirante, dont le parcours remarquable force l\u2019admiration. Entrepreneure \u00e0 succ\u00e8s et citoyenne du monde, elle incarne la d\u00e9termination, l\u2019audace et la capacit\u00e9 du Canada \u00e0 offrir \u00e0 chacun l\u2019opportunit\u00e9 de s\u2019\u00e9panouir et de r\u00e9ussir. Son engagement et son dynamisme seront des atouts pr\u00e9cieux pour notre groupe. Nous sommes heureux et fiers de l\u2019accueillir parmi nous \u00bb a d\u00e9clar\u00e9 le s\u00e9nateur Dalphond.<\/p>\n<p>\u00ab En choisissant de si\u00e9ger au sein du Groupe progressiste, je rejoins une \u00e9quipe dont la diversit\u00e9 refl\u00e8te celle du Canada et dont les valeurs me sont ch\u00e8res : l\u2019\u00e9galit\u00e9 r\u00e9elle entre les femmes et les hommes, l\u2019ouverture sur le monde et la recherche de solutions concr\u00e8tes pour le bien-\u00eatre de tous, en toute impartialit\u00e9 et toute \u00e9quit\u00e9, dans l\u2019\u00e9coute et le respect de chacun. Mon engagement d\u00e9passe les affiliations : je souhaite collaborer avec l\u2019ensemble de mes coll\u00e8gues, car je crois en a force du collectif pour r\u00e9pondre aux besoins des Canadiens et des Qu\u00e9b\u00e9cois \u00bb a soulign\u00e9 la s\u00e9natrice Henkel.<\/p>\n<p>Les Progressistes croient en un S\u00e9nat plus ind\u00e9pendant, \u00e0 l&rsquo;\u00e9galit\u00e9 entre les s\u00e9nateurs, aux valeurs de la Charte, \u00e0 la r\u00e9conciliation, \u00e0 la diversit\u00e9 et en des politiques visant une prosp\u00e9rit\u00e9 durable, inclusive et partag\u00e9e au Canada. Leur principe d\u2019organisation s&rsquo;inspire du mot Algonquin\/Ojibwe \u00ab Mamidosewin \u00bb, qui signifie \u00ab lieu de rencontre \u00bb ou \u00ab marcher ensemble \u00bb.<\/p>\n","protected":false},"excerpt":{"rendered":"<p>Le s\u00e9nateur Pierre Dalphond, Leader du Groupe progressiste du S\u00e9nat (GPS), accueille avec enthousiasme la s\u00e9natrice Dani\u00e8le Henkel au sein du groupe. \u00ab La s\u00e9natrice Henkel est une femme inspirante, dont le parcours remarquable force l\u2019admiration. Entrepreneure \u00e0 succ\u00e8s et citoyenne du monde, elle incarne la d\u00e9termination, l\u2019audace et la capacit\u00e9 du Canada \u00e0 offrir&#8230;<\/p>\n","protected":false},"author":3,"featured_media":2000,"comment_status":"closed","ping_status":"closed","sticky":false,"template":"","format":"standard","meta":{"_acf_changed":false,"wds_primary_category":0,"footnotes":""},"categories":[78],"tags":[],"senator_posts":[41],"class_list":["post-18350","post","type-post","status-publish","format-standard","has-post-thumbnail","hentry","category-nouvelles","senator_posts-les-progressistes"],"acf":[],"_links":{"self":[{"href":"https:\/\/theprogressives.ca\/fr\/wp-json\/wp\/v2\/posts\/18350","targetHints":{"allow":["GET"]}}],"collection":[{"href":"https:\/\/theprogressives.ca\/fr\/wp-json\/wp\/v2\/posts"}],"about":[{"href":"https:\/\/theprogressives.ca\/fr\/wp-json\/wp\/v2\/types\/post"}],"author":[{"embeddable":true,"href":"https:\/\/theprogressives.ca\/fr\/wp-json\/wp\/v2\/users\/3"}],"replies":[{"embeddable":true,"href":"https:\/\/theprogressives.ca\/fr\/wp-json\/wp\/v2\/comments?post=18350"}],"version-history":[{"count":0,"href":"https:\/\/theprogressives.ca\/fr\/wp-json\/wp\/v2\/posts\/18350\/revisions"}],"wp:featuredmedia":[{"embeddable":true,"href":"https:\/\/theprogressives.ca\/fr\/wp-json\/wp\/v2\/media\/2000"}],"wp:attachment":[{"href":"https:\/\/theprogressives.ca\/fr\/wp-json\/wp\/v2\/media?parent=18350"}],"wp:term":[{"taxonomy":"category","embeddable":true,"href":"https:\/\/theprogressives.ca\/fr\/wp-json\/wp\/v2\/categories?post=18350"},{"taxonomy":"post_tag","embeddable":true,"href":"https:\/\/theprogressives.ca\/fr\/wp-json\/wp\/v2\/tags?post=18350"},{"taxonomy":"senator_posts","embeddable":true,"href":"https:\/\/theprogressives.ca\/fr\/wp-json\/wp\/v2\/senator_posts?post=18350"}],"curies":[{"name":"wp","href":"https:\/\/api.w.org\/{rel}","templated":true}]}}