{"id":18291,"date":"2025-04-04T13:07:04","date_gmt":"2025-04-04T17:07:04","guid":{"rendered":"https:\/\/theprogressives.ca\/?p=18291"},"modified":"2025-04-04T13:07:23","modified_gmt":"2025-04-04T17:07:23","slug":"le-groupe-progressiste-du-senat-accueille-un-nouveau-membre-le-senateur-duncan-wilson","status":"publish","type":"post","link":"https:\/\/theprogressives.ca\/fr\/nouvelles\/le-groupe-progressiste-du-senat-accueille-un-nouveau-membre-le-senateur-duncan-wilson\/","title":{"rendered":"Le Groupe progressiste du S\u00e9nat accueille un nouveau membre le s\u00e9nateur Duncan Wilson"},"content":{"rendered":"<p>Le s\u00e9nateur Pierre Dalphond, Leader du Groupe progressiste du S\u00e9nat (GPS), est heureux d\u2019accueillir le s\u00e9nateur Duncan Wilson au sein du groupe.<\/p>\n<p>\u00ab\u00a0Le s\u00e9nateur Wilson est un champion de la collaboration et de l\u2019inclusion et a d\u00e9montr\u00e9 son exp\u00e9rience en offrant des solutions \u00e9quilibr\u00e9es et innovantes \u00e0 des probl\u00e8mes complexes. Son parcours impressionnant lui servira bien dans son nouveau r\u00f4le de s\u00e9nateur et fera de lui un excellent ajout \u00e0 notre groupe. Les s\u00e9nateurs ind\u00e9pendants du GPS ont h\u00e2te de travailler avec lui et d\u2019apprendre de lui, \u00bb a dit le s\u00e9nateur Dalphond.<\/p>\n<p>\u00ab J&rsquo;ai h\u00e2te de travailler avec mes coll\u00e8gues du Groupe progressiste du S\u00e9nat et d\u2019autres parlementaires pour saisir les occasions qui s\u2019offrent au Canada de r\u00e9aliser son plein potentiel \u00e9conomique \u00e0 l\u2019\u00e9chelle mondiale, dans le respect des droits de la personne, de la r\u00e9conciliation autochtone et de l\u2019environnement,\u00a0\u00bb a dit le s\u00e9nateur Wilson.<\/p>\n<p>Les Progressistes croient en un S\u00e9nat plus ind\u00e9pendant, \u00e0 l&rsquo;\u00e9galit\u00e9 entre les s\u00e9nateurs, aux valeurs de la Charte, \u00e0 la r\u00e9conciliation, \u00e0 la diversit\u00e9 et en des politiques visant une prosp\u00e9rit\u00e9 durable, inclusive et partag\u00e9e au Canada. Leur principe d\u2019organisation s&rsquo;inspire du mot Algonquin\/Ojibwe \u00ab Mamidosewin \u00bb, qui signifie \u00ab lieu de rencontre \u00bb ou \u00ab marcher ensemble \u00bb.<\/p>\n","protected":false},"excerpt":{"rendered":"<p>Le s\u00e9nateur Pierre Dalphond, Leader du Groupe progressiste du S\u00e9nat (GPS), est heureux d\u2019accueillir le s\u00e9nateur Duncan Wilson au sein du groupe. \u00ab\u00a0Le s\u00e9nateur Wilson est un champion de la collaboration et de l\u2019inclusion et a d\u00e9montr\u00e9 son exp\u00e9rience en offrant des solutions \u00e9quilibr\u00e9es et innovantes \u00e0 des probl\u00e8mes complexes. Son parcours impressionnant lui servira&#8230;<\/p>\n","protected":false},"author":3,"featured_media":1886,"comment_status":"closed","ping_status":"closed","sticky":false,"template":"","format":"standard","meta":{"_acf_changed":false,"wds_primary_category":0,"footnotes":""},"categories":[78],"tags":[],"senator_posts":[41],"class_list":["post-18291","post","type-post","status-publish","format-standard","has-post-thumbnail","hentry","category-nouvelles","senator_posts-les-progressistes"],"acf":[],"_links":{"self":[{"href":"https:\/\/theprogressives.ca\/fr\/wp-json\/wp\/v2\/posts\/18291","targetHints":{"allow":["GET"]}}],"collection":[{"href":"https:\/\/theprogressives.ca\/fr\/wp-json\/wp\/v2\/posts"}],"about":[{"href":"https:\/\/theprogressives.ca\/fr\/wp-json\/wp\/v2\/types\/post"}],"author":[{"embeddable":true,"href":"https:\/\/theprogressives.ca\/fr\/wp-json\/wp\/v2\/users\/3"}],"replies":[{"embeddable":true,"href":"https:\/\/theprogressives.ca\/fr\/wp-json\/wp\/v2\/comments?post=18291"}],"version-history":[{"count":0,"href":"https:\/\/theprogressives.ca\/fr\/wp-json\/wp\/v2\/posts\/18291\/revisions"}],"wp:featuredmedia":[{"embeddable":true,"href":"https:\/\/theprogressives.ca\/fr\/wp-json\/wp\/v2\/media\/1886"}],"wp:attachment":[{"href":"https:\/\/theprogressives.ca\/fr\/wp-json\/wp\/v2\/media?parent=18291"}],"wp:term":[{"taxonomy":"category","embeddable":true,"href":"https:\/\/theprogressives.ca\/fr\/wp-json\/wp\/v2\/categories?post=18291"},{"taxonomy":"post_tag","embeddable":true,"href":"https:\/\/theprogressives.ca\/fr\/wp-json\/wp\/v2\/tags?post=18291"},{"taxonomy":"senator_posts","embeddable":true,"href":"https:\/\/theprogressives.ca\/fr\/wp-json\/wp\/v2\/senator_posts?post=18291"}],"curies":[{"name":"wp","href":"https:\/\/api.w.org\/{rel}","templated":true}]}}