{"id":17980,"date":"2024-12-11T16:22:12","date_gmt":"2024-12-11T21:22:12","guid":{"rendered":"https:\/\/theprogressives.ca\/?p=17980"},"modified":"2024-12-12T09:26:34","modified_gmt":"2024-12-12T14:26:34","slug":"lhonorable-murray-sinclair-c-c-o-m-m-s-c","status":"publish","type":"post","link":"https:\/\/theprogressives.ca\/fr\/au-senat\/declarations\/lhonorable-murray-sinclair-c-c-o-m-m-s-c\/","title":{"rendered":"L\u2019honorable Murray Sinclair, C.C., O.M., M.S.C."},"content":{"rendered":"<p><iframe title=\"Le s\u00e9nateur Klyne rend hommage \u00e0 l&#039;honorable Murray Sinclair - 11 d\u00e9cembre 2024 (source fran\u00e7aise)\" width=\"640\" height=\"360\" data-src=\"https:\/\/www.youtube.com\/embed\/gLEomCONpEk?feature=oembed\" frameborder=\"0\" allow=\"accelerometer; autoplay; clipboard-write; encrypted-media; gyroscope; picture-in-picture; web-share\" referrerpolicy=\"strict-origin-when-cross-origin\" allowfullscreen src=\"data:image\/svg+xml;base64,PHN2ZyB3aWR0aD0iMSIgaGVpZ2h0PSIxIiB4bWxucz0iaHR0cDovL3d3dy53My5vcmcvMjAwMC9zdmciPjwvc3ZnPg==\" class=\"lazyload\" data-load-mode=\"1\"><\/iframe><\/p>\n<p><b>L\u2019honorable Marty Klyne :<span>\u00a0<\/span><\/b>Honorables s\u00e9nateurs, je prends la parole pour rendre hommage \u00e0 notre regrett\u00e9 coll\u00e8gue et ami\u00a0\u2014 et pour beaucoup d\u2019entre nous, un mentor\u00a0\u2014, l\u2019honorable, le sage, le gentil et l\u2019incomparable Murray Sinclair.<\/p>\n<p>Murray a si\u00e9g\u00e9 au S\u00e9nat pendant cinq\u00a0ans, mais il \u00e9tait d\u00e9j\u00e0 une figure historique en tant que premier juge autochtone du Manitoba, le deuxi\u00e8me au Canada, et pr\u00e9sident de la Commission de v\u00e9rit\u00e9 et de r\u00e9conciliation. Dans cette enceinte, qu\u2019il consid\u00e9rait comme le conseil des a\u00een\u00e9s du Canada, le s\u00e9nateur Sinclair a accompli de grandes choses. Il \u00e9tait un chef de file dans les domaines du droit des autochtones, de la r\u00e9forme de la justice p\u00e9nale, de la r\u00e9forme du S\u00e9nat, de l\u2019\u00e9galit\u00e9 des sexes et des questions d\u2019orientation sexuelle, de la justice \u00e9conomique, des droits de l\u2019enfant, de la protection de l\u2019environnement et des animaux et de bien d\u2019autres sujets, y compris l\u2019humour.<\/p>\n<p>Notre ami avait l\u2019esprit vif et savait improviser avec humour\u00a0: il nous a souvent fait beaucoup rire. Malgr\u00e9 les lourdes responsabilit\u00e9s qu\u2019il portait et toutes les trag\u00e9dies dont il avait \u00e9t\u00e9 t\u00e9moin, il trouvait toujours le moyen d\u2019\u00eatre l\u00e9ger et de partager son \u00e9nergie positive.<\/p>\n<p>En tant que s\u00e9nateur, ses efforts en faveur de la justice ont \u00e9t\u00e9 incessants. Il a jou\u00e9 un r\u00f4le cl\u00e9 dans l\u2019adoption de projets de loi visant \u00e0 mettre fin \u00e0 la discrimination historique fond\u00e9e sur le sexe dans le cadre de l\u2019inscription aux termes de la Loi sur les Indiens, \u00e0 exiger des d\u00e9clarations de conformit\u00e9 \u00e0 la Charte pour tous les projets de loi du gouvernement, \u00e0 r\u00e9former le syst\u00e8me de justice p\u00e9nale, notamment en abolissant la r\u00e9cusation p\u00e9remptoire des jur\u00e9s \u00e0 la suite de l\u2019affaire Colten Boushie en Saskatchewan, \u00e0 soutenir les langues autochtones, \u00e0 r\u00e9tablir la comp\u00e9tence autochtone en mati\u00e8re de services \u00e0 l\u2019enfance et \u00e0 la famille et \u00e0 \u00e9largir la Loi sur les bons samaritains secourant les victimes de surdose. Ses efforts ont \u00e9galement incit\u00e9 le gouvernement \u00e0 faire des promesses \u00e9lectorales pour s\u2019engager \u00e0 int\u00e9grer la D\u00e9claration des Nations unies sur les droits des peuples autochtones dans la l\u00e9gislation f\u00e9d\u00e9rale et \u00e0 prot\u00e9ger les animaux sauvages en captivit\u00e9.<\/p>\n<p>Sur le plan personnel, le s\u00e9nateur Sinclair \u00e9tait tr\u00e8s estim\u00e9 ici et tr\u00e8s admir\u00e9 par les s\u00e9nateurs et le personnel. Il \u00e9tait tr\u00e8s amical, disponible, abordable et accessible. Il savait faire en sorte que chacun se sente important. C\u2019\u00e9tait agr\u00e9able d\u2019\u00eatre l\u2019ami et le coll\u00e8gue d\u2019un homme aussi merveilleux et souvent sollicit\u00e9 de toute part.<\/p>\n<p>Avec son livre intitul\u00e9<span>\u00a0<\/span><i>Who We Are<\/i>, le s\u00e9nateur Sinclair nous a offert un autre cadeau. Il a r\u00e9dig\u00e9 une bonne le\u00e7on pour les s\u00e9nateurs en disant\u00a0: \u00ab L\u2019important en mati\u00e8re de leadership, c\u2019est d\u2019apprendre \u00e0 aimer les gens. \u00bb<\/p>\n<p>L\u2019h\u00e9ritage du s\u00e9nateur Sinclair, c\u2019est l\u2019avenir commun des Canadiens en mati\u00e8re de v\u00e9rit\u00e9 et de r\u00e9conciliation. Le fait qu\u2019il ait si\u00e9g\u00e9 au S\u00e9nat restera \u00e0 jamais \u00e0 l\u2019honneur de cet homme. Bien qu\u2019il nous manque, nous devons \u00e9prouver de la gratitude. Que Dieu b\u00e9nisse l\u2019honorable Murray Sinclair.<\/p>\n<p>Je conclurai par une blague que certains de ceux qui connaissaient Murray ont s\u00fbrement entendue au moins 35 fois. Le s\u00e9nateur Sinclair adorait travailler avec l\u2019ancien s\u00e9nateur Dan Christmas. En fait, chaque ann\u00e9e \u00e0 cette \u00e9poque, il exprimait son d\u00e9sir d\u2019\u00eatre adopt\u00e9 par le s\u00e9nateur Christmas. La raison, bien s\u00fbr, \u00e9tait qu\u2019il pourrait ainsi souhaiter \u00e0 tout le monde \u00ab Murray Christmas \u00bb. Merci.<span>\u00a0<\/span><i>Hiy kitatamihin<\/i>.<\/p>\n","protected":false},"excerpt":{"rendered":"<p>L\u2019honorable Marty Klyne :\u00a0Honorables s\u00e9nateurs, je prends la parole pour rendre hommage \u00e0 notre regrett\u00e9 coll\u00e8gue et ami\u00a0\u2014 et pour beaucoup d\u2019entre nous, un mentor\u00a0\u2014, l\u2019honorable, le sage, le gentil et l\u2019incomparable Murray Sinclair. Murray a si\u00e9g\u00e9 au S\u00e9nat pendant cinq\u00a0ans, mais il \u00e9tait d\u00e9j\u00e0 une figure historique en tant que premier juge autochtone du&#8230;<\/p>\n","protected":false},"author":3,"featured_media":1926,"comment_status":"closed","ping_status":"closed","sticky":false,"template":"","format":"standard","meta":{"_acf_changed":false,"wds_primary_category":0,"footnotes":""},"categories":[99],"tags":[],"senator_posts":[34],"class_list":["post-17980","post","type-post","status-publish","format-standard","has-post-thumbnail","hentry","category-declarations","senator_posts-l-hon-marty-klyne"],"acf":[],"_links":{"self":[{"href":"https:\/\/theprogressives.ca\/fr\/wp-json\/wp\/v2\/posts\/17980","targetHints":{"allow":["GET"]}}],"collection":[{"href":"https:\/\/theprogressives.ca\/fr\/wp-json\/wp\/v2\/posts"}],"about":[{"href":"https:\/\/theprogressives.ca\/fr\/wp-json\/wp\/v2\/types\/post"}],"author":[{"embeddable":true,"href":"https:\/\/theprogressives.ca\/fr\/wp-json\/wp\/v2\/users\/3"}],"replies":[{"embeddable":true,"href":"https:\/\/theprogressives.ca\/fr\/wp-json\/wp\/v2\/comments?post=17980"}],"version-history":[{"count":0,"href":"https:\/\/theprogressives.ca\/fr\/wp-json\/wp\/v2\/posts\/17980\/revisions"}],"wp:featuredmedia":[{"embeddable":true,"href":"https:\/\/theprogressives.ca\/fr\/wp-json\/wp\/v2\/media\/1926"}],"wp:attachment":[{"href":"https:\/\/theprogressives.ca\/fr\/wp-json\/wp\/v2\/media?parent=17980"}],"wp:term":[{"taxonomy":"category","embeddable":true,"href":"https:\/\/theprogressives.ca\/fr\/wp-json\/wp\/v2\/categories?post=17980"},{"taxonomy":"post_tag","embeddable":true,"href":"https:\/\/theprogressives.ca\/fr\/wp-json\/wp\/v2\/tags?post=17980"},{"taxonomy":"senator_posts","embeddable":true,"href":"https:\/\/theprogressives.ca\/fr\/wp-json\/wp\/v2\/senator_posts?post=17980"}],"curies":[{"name":"wp","href":"https:\/\/api.w.org\/{rel}","templated":true}]}}