{"id":17958,"date":"2024-12-10T17:15:27","date_gmt":"2024-12-10T22:15:27","guid":{"rendered":"https:\/\/theprogressives.ca\/?p=17958"},"modified":"2024-12-12T10:08:52","modified_gmt":"2024-12-12T15:08:52","slug":"lhonorable-brent-cotter-k-c-hommage","status":"publish","type":"post","link":"https:\/\/theprogressives.ca\/fr\/au-senat\/declarations\/lhonorable-brent-cotter-k-c-hommage\/","title":{"rendered":"L&rsquo;honorable Brent Cotter, c.r.\u2014Hommage"},"content":{"rendered":"<p><iframe title=\"Le s\u00e9nateur Klyne rend hommage au s\u00e9nateur Cotter - 10 d\u00e9cembre 2024 (source fran\u00e7aise)\" width=\"640\" height=\"360\" data-src=\"https:\/\/www.youtube.com\/embed\/G-02APmM8x8?feature=oembed\" frameborder=\"0\" allow=\"accelerometer; autoplay; clipboard-write; encrypted-media; gyroscope; picture-in-picture; web-share\" referrerpolicy=\"strict-origin-when-cross-origin\" allowfullscreen src=\"data:image\/svg+xml;base64,PHN2ZyB3aWR0aD0iMSIgaGVpZ2h0PSIxIiB4bWxucz0iaHR0cDovL3d3dy53My5vcmcvMjAwMC9zdmciPjwvc3ZnPg==\" class=\"lazyload\" data-load-mode=\"1\"><\/iframe><\/p>\n<p><b>L\u2019honorable Marty Klyne :<span>\u00a0<\/span><\/b>Honorables s\u00e9nateurs, nous rendons aujourd\u2019hui hommage \u00e0 une personne remarquable qui a consacr\u00e9 sa vie au service public et \u00e0 l\u2019am\u00e9lioration de notre grand pays, le s\u00e9nateur Brent Cotter.<\/p>\n<p>Ne soyez pas si surpris.<\/p>\n<p>Alors que notre ami se pr\u00e9pare \u00e0 prendre une retraite bien m\u00e9rit\u00e9e, nous revenons sur un h\u00e9ritage fond\u00e9 non seulement sur le travail acharn\u00e9, mais \u00e9galement sur les valeurs qui d\u00e9finissent le s\u00e9nateur Cotter\u00a0: l\u2019int\u00e9grit\u00e9, la sagesse, un grand sens de la justice et, bien s\u00fbr, un amour profond pour la Saskatchewan.<\/p>\n<p>La g\u00e9n\u00e9rosit\u00e9 d\u2019esprit du s\u00e9nateur Cotter fait de lui un homme accessible et respect\u00e9 par ses coll\u00e8gues de toutes les all\u00e9geances politiques. On l\u2019a vu dans sa fa\u00e7on de pr\u00e9sider le Comit\u00e9 s\u00e9natorial permanent des affaires juridiques et constitutionnelles. Il \u00e9tait ferme, mais juste. Il avait un esprit de coll\u00e9gialit\u00e9, mais il \u00e9tait bien pr\u00e9par\u00e9. C\u2019est un exemple de leadership judicieux pour n\u2019importe quel pr\u00e9sident.<\/p>\n<p>N\u2019oublions pas son sens de l\u2019humour. Pour ceux qui ont eu le plaisir de discuter avec lui, vous savez que Brent peut lancer une pointe aussi per\u00e7ante que le vent d\u2019hiver de la Saskatchewan en f\u00e9vrier, et qu\u2019il n\u2019est pas trop mal non plus dans les banquettes d\u2019en face.<\/p>\n<p>Le s\u00e9nateur Cotter a aussi \u00e9t\u00e9 un d\u00e9fenseur infatigable des peuples autochtones. \u00c0 l\u2019\u00e9poque o\u00f9 il faisait carri\u00e8re dans la fonction publique, il a \u00e9t\u00e9 sous-ministre des Affaires intergouvernementales et autochtones de la Saskatchewan, un poste o\u00f9 il a su faire montre d\u2019un immense respect pour l\u2019histoire, la culture et les droits des Premi\u00e8res Nations, des M\u00e9tis et des Inuits. Sa d\u00e9termination \u00e0 b\u00e2tir des ponts, \u00e0 favoriser la compr\u00e9hension mutuelle et \u00e0 entretenir un dialogue constructif entre les communaut\u00e9s autochtones et la soci\u00e9t\u00e9 canadienne en g\u00e9n\u00e9ral est au c\u0153ur de son h\u00e9ritage. \u00c0 l\u2019\u00e9poque, il a chapeaut\u00e9 diverses initiatives qui pr\u00f4naient la r\u00e9conciliation, et ce, bien avant que ce mot soit connu du grand public. Le don qu\u2019il a pour \u00e9couter l\u2019autre et aborder les dossiers difficiles avec humilit\u00e9 et empathie lui a valu le respect des chefs autochtones et de ses coll\u00e8gues.<\/p>\n<p>Le projet de loi\u00a0C-51, qu\u2019il a parrain\u00e9 et qui promulguait un trait\u00e9 reconnaissant la Premi\u00e8re Nation dakota de Whitecap, constitue un excellent exemple de son sens du leadership. Il a fait adopter cette mesure l\u00e9gislative historique par le S\u00e9nat en un temps record, et je sais qu\u2019il suit ce dossier de pr\u00e8s depuis. \u00c0 une \u00e9poque o\u00f9 nous avons plus que jamais besoin d\u2019une v\u00e9ritable r\u00e9conciliation et d\u2019un partenariat authentique, la contribution du s\u00e9nateur Cotter t\u00e9moigne de son attachement sans faille \u00e0 la justice, au respect et \u00e0 l\u2019avenir collectif de tous les Canadiens.<\/p>\n<p>En terminant, qu\u2019il s\u2019amuse \u00e0 badiner avec un coll\u00e8gue ou qu\u2019il se retrousse les manches pour trouver un terrain d\u2019entente, une chose est s\u00fbre\u00a0: c\u2019est la d\u00e9termination \u00e0 faire du Canada un endroit meilleur pour tous qui a toujours motiv\u00e9 le s\u00e9nateur Cotter. Merci.<span>\u00a0<\/span><i>Hiy kitatamihin<\/i>.<\/p>\n<p>&nbsp;<\/p>\n","protected":false},"excerpt":{"rendered":"<p>L\u2019honorable Marty Klyne :\u00a0Honorables s\u00e9nateurs, nous rendons aujourd\u2019hui hommage \u00e0 une personne remarquable qui a consacr\u00e9 sa vie au service public et \u00e0 l\u2019am\u00e9lioration de notre grand pays, le s\u00e9nateur Brent Cotter. Ne soyez pas si surpris. Alors que notre ami se pr\u00e9pare \u00e0 prendre une retraite bien m\u00e9rit\u00e9e, nous revenons sur un h\u00e9ritage fond\u00e9&#8230;<\/p>\n","protected":false},"author":3,"featured_media":2060,"comment_status":"closed","ping_status":"closed","sticky":false,"template":"","format":"standard","meta":{"_acf_changed":false,"wds_primary_category":0,"footnotes":""},"categories":[99],"tags":[],"senator_posts":[34],"class_list":["post-17958","post","type-post","status-publish","format-standard","has-post-thumbnail","hentry","category-declarations","senator_posts-l-hon-marty-klyne"],"acf":[],"_links":{"self":[{"href":"https:\/\/theprogressives.ca\/fr\/wp-json\/wp\/v2\/posts\/17958","targetHints":{"allow":["GET"]}}],"collection":[{"href":"https:\/\/theprogressives.ca\/fr\/wp-json\/wp\/v2\/posts"}],"about":[{"href":"https:\/\/theprogressives.ca\/fr\/wp-json\/wp\/v2\/types\/post"}],"author":[{"embeddable":true,"href":"https:\/\/theprogressives.ca\/fr\/wp-json\/wp\/v2\/users\/3"}],"replies":[{"embeddable":true,"href":"https:\/\/theprogressives.ca\/fr\/wp-json\/wp\/v2\/comments?post=17958"}],"version-history":[{"count":0,"href":"https:\/\/theprogressives.ca\/fr\/wp-json\/wp\/v2\/posts\/17958\/revisions"}],"wp:featuredmedia":[{"embeddable":true,"href":"https:\/\/theprogressives.ca\/fr\/wp-json\/wp\/v2\/media\/2060"}],"wp:attachment":[{"href":"https:\/\/theprogressives.ca\/fr\/wp-json\/wp\/v2\/media?parent=17958"}],"wp:term":[{"taxonomy":"category","embeddable":true,"href":"https:\/\/theprogressives.ca\/fr\/wp-json\/wp\/v2\/categories?post=17958"},{"taxonomy":"post_tag","embeddable":true,"href":"https:\/\/theprogressives.ca\/fr\/wp-json\/wp\/v2\/tags?post=17958"},{"taxonomy":"senator_posts","embeddable":true,"href":"https:\/\/theprogressives.ca\/fr\/wp-json\/wp\/v2\/senator_posts?post=17958"}],"curies":[{"name":"wp","href":"https:\/\/api.w.org\/{rel}","templated":true}]}}