{"id":17685,"date":"2024-11-21T17:00:44","date_gmt":"2024-11-21T22:00:44","guid":{"rendered":"https:\/\/theprogressives.ca\/?p=17685"},"modified":"2024-11-22T17:20:31","modified_gmt":"2024-11-22T22:20:31","slug":"periode-des-questions-le-fonds-pour-accelerer-la-construction-de-logements","status":"publish","type":"post","link":"https:\/\/theprogressives.ca\/fr\/au-senat\/periode-de-questions\/periode-des-questions-le-fonds-pour-accelerer-la-construction-de-logements\/","title":{"rendered":"P\u00e9riode des questions : Le Fonds pour acc\u00e9l\u00e9rer la construction de logements"},"content":{"rendered":"<p><iframe title=\"Le s\u00e9nateur Cuzner pose des questions sur le Fonds pour acc\u00e9l\u00e9rer la construction de logements (FR)\" width=\"640\" height=\"360\" data-src=\"https:\/\/www.youtube.com\/embed\/zuET1BX-sRc?feature=oembed\" frameborder=\"0\" allow=\"accelerometer; autoplay; clipboard-write; encrypted-media; gyroscope; picture-in-picture; web-share\" referrerpolicy=\"strict-origin-when-cross-origin\" allowfullscreen src=\"data:image\/svg+xml;base64,PHN2ZyB3aWR0aD0iMSIgaGVpZ2h0PSIxIiB4bWxucz0iaHR0cDovL3d3dy53My5vcmcvMjAwMC9zdmciPjwvc3ZnPg==\" class=\"lazyload\" data-load-mode=\"1\"><\/iframe><\/p>\n<p><b>L\u2019honorable Rodger Cuzner :<span>\u00a0<\/span><\/b>Ma question s\u2019adresse au repr\u00e9sentant du gouvernement au S\u00e9nat et porte sur le Fonds pour acc\u00e9l\u00e9rer la construction de logements.<\/p>\n<p>Compte tenu de la demande de logements qui existe partout au pays, la grande majorit\u00e9 des dirigeants qui ont eu acc\u00e8s \u00e0 ce fonds ou qui en ont b\u00e9n\u00e9fici\u00e9 ont r\u00e9agi avec enthousiasme. Il semble r\u00e9pondre aux besoins des collectivit\u00e9s de partout au pays, des grandes villes\u00a0\u2014 je pense que les investissements \u00e0 Montr\u00e9al sont \u00e9videmment impressionnants\u00a0\u2014, mais aussi des petites localit\u00e9s et des Premi\u00e8res Nations. C\u2019est ce que nous disent constamment les maires de tout le pays.<\/p>\n<p>Le repr\u00e9sentant du gouvernement peut-il fournir \u00e0 la Chambre des donn\u00e9es r\u00e9elles sur le nombre de villes concern\u00e9es \u00e0 l\u2019\u00e9chelle nationale, le montant d\u2019argent vers\u00e9, le nombre de logements construits et le nombre de logements en construction? Pourriez-vous nous faire part des mesures de rendement pertinentes de ce fonds?<\/p>\n<p><b>L\u2019honorable Marc Gold (repr\u00e9sentant du gouvernement au S\u00e9nat) :<span>\u00a0<\/span><\/b>Merci. Je n\u2019ai pas toute l\u2019information que vous avez demand\u00e9e parce que les ententes en sont \u00e0 diverses \u00e9tapes de n\u00e9gociation et d\u2019\u00e9laboration. Comme je l\u2019ai mentionn\u00e9 dans une r\u00e9ponse \u00e0 une question pr\u00e9c\u00e9dente, je pense qu\u2019il existe 179\u00a0ententes de ce genre.<\/p>\n<p>Vous avez tout \u00e0 fait raison de souligner l\u2019enthousiasme avec lequel les villes de tout le pays ont accueilli ce fonds et, en fait, l\u2019enthousiasme avec lequel les \u00e9lus de ces villes ont \u00e9galement applaudi l\u2019initiative du gouvernement de travailler avec les municipalit\u00e9s pour acc\u00e9l\u00e9rer la construction de logements dont on a grandement besoin.<\/p>\n<p>Je ne manquerai pas de me renseigner pour savoir o\u00f9 en est ce dossier. C\u2019est un projet en cours. Je suis convaincu que le gouvernement continuera de travailler avec les municipalit\u00e9s comme il le fera avec les provinces et les territoires, comme il l\u2019a fait, afin de construire les logements dont les Canadiens ont absolument besoin.<\/p>\n<p><b>Le s\u00e9nateur Cuzner :<span>\u00a0<\/span><\/b>Merci beaucoup. Dans ma province, la Nouvelle-\u00c9cosse, j\u2019ai cru comprendre que 16 municipalit\u00e9s et Premi\u00e8res Nations ont eu acc\u00e8s au fonds. J\u2019ai lu r\u00e9cemment une citation du maire de Westville, Lennie White, qui a dit que ce programme \u00ab changera la donne \u00bb pour sa collectivit\u00e9. En effet, cette derni\u00e8re a re\u00e7u un investissement important, mais il s\u2019\u00e9talera sur quatre\u00a0ans.<\/p>\n<p>S\u00e9nateur Gold, en cas de changement de gouvernement, pouvez-vous garantir au S\u00e9nat et aux dirigeants municipaux qui pilotent ces projets qu\u2019ils pourront continuer de b\u00e9n\u00e9ficier de ces investissements qui changent la donne?<\/p>\n<p><b>Le s\u00e9nateur Gold :<span>\u00a0<\/span><\/b>Tout comme je ne suis pas en mesure de fournir des garanties quant au financement futur sous le gouvernement actuel, je ne suis certainement pas en mesure de commenter ce que fera un futur gouvernement, si un nouveau parti est \u00e9lu. Cependant, il n\u2019est pas sans importance de noter que le chef du Parti conservateur a beaucoup r\u00e9p\u00e9t\u00e9 qu\u2019il \u00e9tait en faveur de supprimer le financement accord\u00e9 \u00e0 ce programme et \u00e0 de nombreux autres programmes d\u2019aide au logement.<\/p>\n","protected":false},"excerpt":{"rendered":"<p>L\u2019honorable Rodger Cuzner :\u00a0Ma question s\u2019adresse au repr\u00e9sentant du gouvernement au S\u00e9nat et porte sur le Fonds pour acc\u00e9l\u00e9rer la construction de logements. Compte tenu de la demande de logements qui existe partout au pays, la grande majorit\u00e9 des dirigeants qui ont eu acc\u00e8s \u00e0 ce fonds ou qui en ont b\u00e9n\u00e9fici\u00e9 ont r\u00e9agi avec&#8230;<\/p>\n","protected":false},"author":3,"featured_media":1968,"comment_status":"closed","ping_status":"closed","sticky":false,"template":"","format":"standard","meta":{"_acf_changed":false,"wds_primary_category":97,"footnotes":""},"categories":[97],"tags":[],"senator_posts":[182],"class_list":["post-17685","post","type-post","status-publish","format-standard","has-post-thumbnail","hentry","category-periode-de-questions","senator_posts-l-hon-rodger-cuzner"],"acf":[],"_links":{"self":[{"href":"https:\/\/theprogressives.ca\/fr\/wp-json\/wp\/v2\/posts\/17685","targetHints":{"allow":["GET"]}}],"collection":[{"href":"https:\/\/theprogressives.ca\/fr\/wp-json\/wp\/v2\/posts"}],"about":[{"href":"https:\/\/theprogressives.ca\/fr\/wp-json\/wp\/v2\/types\/post"}],"author":[{"embeddable":true,"href":"https:\/\/theprogressives.ca\/fr\/wp-json\/wp\/v2\/users\/3"}],"replies":[{"embeddable":true,"href":"https:\/\/theprogressives.ca\/fr\/wp-json\/wp\/v2\/comments?post=17685"}],"version-history":[{"count":0,"href":"https:\/\/theprogressives.ca\/fr\/wp-json\/wp\/v2\/posts\/17685\/revisions"}],"wp:featuredmedia":[{"embeddable":true,"href":"https:\/\/theprogressives.ca\/fr\/wp-json\/wp\/v2\/media\/1968"}],"wp:attachment":[{"href":"https:\/\/theprogressives.ca\/fr\/wp-json\/wp\/v2\/media?parent=17685"}],"wp:term":[{"taxonomy":"category","embeddable":true,"href":"https:\/\/theprogressives.ca\/fr\/wp-json\/wp\/v2\/categories?post=17685"},{"taxonomy":"post_tag","embeddable":true,"href":"https:\/\/theprogressives.ca\/fr\/wp-json\/wp\/v2\/tags?post=17685"},{"taxonomy":"senator_posts","embeddable":true,"href":"https:\/\/theprogressives.ca\/fr\/wp-json\/wp\/v2\/senator_posts?post=17685"}],"curies":[{"name":"wp","href":"https:\/\/api.w.org\/{rel}","templated":true}]}}