{"id":17589,"date":"2024-11-19T16:15:15","date_gmt":"2024-11-19T21:15:15","guid":{"rendered":"https:\/\/theprogressives.ca\/?p=17589"},"modified":"2024-11-20T09:36:51","modified_gmt":"2024-11-20T14:36:51","slug":"periode-des-questions-lingerence-etrangere-2","status":"publish","type":"post","link":"https:\/\/theprogressives.ca\/fr\/au-senat\/periode-de-questions\/periode-des-questions-lingerence-etrangere-2\/","title":{"rendered":"P\u00e9riode des questions : L\u2019ing\u00e9rence \u00e9trang\u00e8re"},"content":{"rendered":"<p><iframe title=\"Le s\u00e9nateur Cardozo pose des questions sur l\u2019ing\u00e9rence \u00e9trang\u00e8re - 19 nov. 2024 (source fran\u00e7aise)\" width=\"640\" height=\"360\" data-src=\"https:\/\/www.youtube.com\/embed\/D_qFxiOre34?feature=oembed\" frameborder=\"0\" allow=\"accelerometer; autoplay; clipboard-write; encrypted-media; gyroscope; picture-in-picture; web-share\" referrerpolicy=\"strict-origin-when-cross-origin\" allowfullscreen src=\"data:image\/svg+xml;base64,PHN2ZyB3aWR0aD0iMSIgaGVpZ2h0PSIxIiB4bWxucz0iaHR0cDovL3d3dy53My5vcmcvMjAwMC9zdmciPjwvc3ZnPg==\" class=\"lazyload\" data-load-mode=\"1\"><\/iframe><\/p>\n<p><b>L\u2019honorable Andrew Cardozo :<span>\u00a0<\/span><\/b>Ma question s\u2019adresse au leader du gouvernement. J\u2019avais une question diff\u00e9rente \u00e0 poser, mais j\u2019ai \u00e9t\u00e9 un peu troubl\u00e9 par la d\u00e9cision que nous avons prise de ne pas voter sur la motion que vous avez pr\u00e9sent\u00e9e.<\/p>\n<p>J\u2019aimerais vous poser une question au sujet de la tentative d\u2019assassinat de l\u2019honorable Irwin Cotler. Cet homme, que je consid\u00e8re comme un grand d\u00e9fenseur des droits de la personne, lutte depuis de nombreuses ann\u00e9es contre le racisme et l\u2019antis\u00e9mitisme partout au pays. Il a \u00e9t\u00e9 par ailleurs procureur g\u00e9n\u00e9ral et ministre de la Justice du Canada. La menace d\u2019une tentative d\u2019assassinat \u00e0 son endroit de la part d\u2019un gouvernement \u00e9tranger devrait nous \u00e9branler profond\u00e9ment.<\/p>\n<p>Pouvez-vous nous en dire davantage sur ce que fait le gouvernement pour prot\u00e9ger M.\u00a0Cotler en ce moment?<\/p>\n<p><b>L\u2019honorable Marc Gold (repr\u00e9sentant du gouvernement au S\u00e9nat) :<span>\u00a0<\/span><\/b>Je vous remercie de la question et de souligner l\u2019\u00e9norme contribution qu\u2019Irwin Cotler a apport\u00e9e avant, pendant et apr\u00e8s son mandat au Parlement, et qu\u2019il apporte encore aujourd\u2019hui.<\/p>\n<p>Honorable coll\u00e8gue, vous comprendrez que, par souci pour son bien-\u00eatre, il serait imprudent de parler des mesures qui sont prises pour pr\u00e9venir toute menace \u00e0 sa s\u00e9curit\u00e9 et \u00e0 son bien-\u00eatre.<\/p>\n<p><b>Le s\u00e9nateur Cardozo :<span>\u00a0<\/span><\/b>J\u2019ai une question compl\u00e9mentaire. Je vous prie de nous donner l\u2019assurance que le gouvernement prend des mesures suppl\u00e9mentaires, afin de surveiller les activit\u00e9s du Corps des Gardiens de la r\u00e9volution islamique ou de tout autre groupe ill\u00e9gal ou terroriste qui menace les Canadiens et leurs repr\u00e9sentants.<\/p>\n<p><b>Le s\u00e9nateur Gold :<span>\u00a0<\/span><\/b>Je peux vous assurer, ainsi qu\u2019\u00e0 tous les s\u00e9nateurs et \u00e0 tous les Canadiens qui nous regardent, que le gouvernement est au courant des menaces dont vous parlez, qu\u2019il les comprend et qu\u2019il prend toutes les mesures n\u00e9cessaires pour prot\u00e9ger tous les Canadiens contre des actes aussi abominables.<\/p>\n","protected":false},"excerpt":{"rendered":"<p>L\u2019honorable Andrew Cardozo :\u00a0Ma question s\u2019adresse au leader du gouvernement. J\u2019avais une question diff\u00e9rente \u00e0 poser, mais j\u2019ai \u00e9t\u00e9 un peu troubl\u00e9 par la d\u00e9cision que nous avons prise de ne pas voter sur la motion que vous avez pr\u00e9sent\u00e9e. J\u2019aimerais vous poser une question au sujet de la tentative d\u2019assassinat de l\u2019honorable Irwin Cotler&#8230;.<\/p>\n","protected":false},"author":3,"featured_media":1944,"comment_status":"closed","ping_status":"closed","sticky":false,"template":"","format":"standard","meta":{"_acf_changed":false,"wds_primary_category":121,"footnotes":""},"categories":[97],"tags":[],"senator_posts":[178],"class_list":["post-17589","post","type-post","status-publish","format-standard","has-post-thumbnail","hentry","category-periode-de-questions","senator_posts-l-hon-andrew-cardozo"],"acf":[],"_links":{"self":[{"href":"https:\/\/theprogressives.ca\/fr\/wp-json\/wp\/v2\/posts\/17589","targetHints":{"allow":["GET"]}}],"collection":[{"href":"https:\/\/theprogressives.ca\/fr\/wp-json\/wp\/v2\/posts"}],"about":[{"href":"https:\/\/theprogressives.ca\/fr\/wp-json\/wp\/v2\/types\/post"}],"author":[{"embeddable":true,"href":"https:\/\/theprogressives.ca\/fr\/wp-json\/wp\/v2\/users\/3"}],"replies":[{"embeddable":true,"href":"https:\/\/theprogressives.ca\/fr\/wp-json\/wp\/v2\/comments?post=17589"}],"version-history":[{"count":0,"href":"https:\/\/theprogressives.ca\/fr\/wp-json\/wp\/v2\/posts\/17589\/revisions"}],"wp:featuredmedia":[{"embeddable":true,"href":"https:\/\/theprogressives.ca\/fr\/wp-json\/wp\/v2\/media\/1944"}],"wp:attachment":[{"href":"https:\/\/theprogressives.ca\/fr\/wp-json\/wp\/v2\/media?parent=17589"}],"wp:term":[{"taxonomy":"category","embeddable":true,"href":"https:\/\/theprogressives.ca\/fr\/wp-json\/wp\/v2\/categories?post=17589"},{"taxonomy":"post_tag","embeddable":true,"href":"https:\/\/theprogressives.ca\/fr\/wp-json\/wp\/v2\/tags?post=17589"},{"taxonomy":"senator_posts","embeddable":true,"href":"https:\/\/theprogressives.ca\/fr\/wp-json\/wp\/v2\/senator_posts?post=17589"}],"curies":[{"name":"wp","href":"https:\/\/api.w.org\/{rel}","templated":true}]}}