{"id":17500,"date":"2024-11-07T17:53:31","date_gmt":"2024-11-07T22:53:31","guid":{"rendered":"https:\/\/theprogressives.ca\/?p=17500"},"modified":"2024-11-08T13:17:48","modified_gmt":"2024-11-08T18:17:48","slug":"periode-des-questions-ministerielle-le-commandement-de-la-defense-aerospatiale-de-lamerique-du-nord","status":"publish","type":"post","link":"https:\/\/theprogressives.ca\/fr\/au-senat\/periode-de-questions\/periode-des-questions-ministerielle-le-commandement-de-la-defense-aerospatiale-de-lamerique-du-nord\/","title":{"rendered":"P\u00e9riode des questions minist\u00e9rielle : Le Commandement de la d\u00e9fense a\u00e9rospatiale de l\u2019Am\u00e9rique du Nord"},"content":{"rendered":"<p><iframe title=\"Le s\u00e9nateur Klyne interroge le ministre Blair sur NORAD - 7 novembre 2024 (source fran\u00e7aise)\" width=\"640\" height=\"360\" data-src=\"https:\/\/www.youtube.com\/embed\/4Dse-OxRFdU?feature=oembed\" frameborder=\"0\" allow=\"accelerometer; autoplay; clipboard-write; encrypted-media; gyroscope; picture-in-picture; web-share\" referrerpolicy=\"strict-origin-when-cross-origin\" allowfullscreen src=\"data:image\/svg+xml;base64,PHN2ZyB3aWR0aD0iMSIgaGVpZ2h0PSIxIiB4bWxucz0iaHR0cDovL3d3dy53My5vcmcvMjAwMC9zdmciPjwvc3ZnPg==\" class=\"lazyload\" data-load-mode=\"1\"><\/iframe><\/p>\n<p><b>L\u2019honorable Marty Klyne :<span>\u00a0<\/span><\/b>Monsieur le ministre, soyez le bienvenu. Selon un article\u00a0paru r\u00e9cemment dans l\u2019<i>Ottawa Citizen<\/i>, le minist\u00e8re de la D\u00e9fense nationale a annonc\u00e9 un projet de 6 millions de dollars pour se procurer un radar de survol de l\u2019horizon polaire dans le cadre de la modernisation du NORAD, qui devrait \u00eatre enti\u00e8rement fonctionnel d\u2019ici 2033. Ce syst\u00e8me, principalement con\u00e7u pour rep\u00e9rer les missiles en approche dans la r\u00e9gion de l\u2019Arctique, repr\u00e9sente l\u2019un de nos plus gros investissements en mati\u00e8re de d\u00e9fense.<\/p>\n<p>Annonc\u00e9e en\u00a0juin\u00a02022, la construction ne devrait pas commencer avant 2030, la planification actuelle \u00e9tant men\u00e9e par une petite \u00e9quipe de cinq officiers militaires et de trois entrepreneurs. L\u2019importance du projet pour la d\u00e9fense de l\u2019Am\u00e9rique, sans parler de son co\u00fbt substantiel, justifie un examen minutieux.<\/p>\n<p>Pouvez-vous expliquer pourquoi, dans le cas d\u2019un projet d\u2019une telle ampleur et d\u2019une telle urgence pour la d\u00e9fense nord-am\u00e9ricaine, il s\u2019\u00e9coule sept\u00a0ans entre l\u2019annonce et le d\u00e9but de la construction? Quelles sont les activit\u00e9s qui se d\u00e9rouleront pendant ce laps de temps?<\/p>\n<p><b>L\u2019honorable Bill Blair, c.p., d\u00e9put\u00e9, ministre de la D\u00e9fense nationale :<span>\u00a0<\/span><\/b>Merci beaucoup. C\u2019est une importante question. Le projet de modernisation du NORAD repr\u00e9sente un investissement de 38,6 milliards de dollars. Il est tr\u00e8s important pour permettre au Canada et aux \u00c9tats-Unis de garder l\u2019\u0153il ouvert, en particulier dans le Grand Nord, au moyen du radar transhorizon dans l\u2019Arctique et du radar transhorizon polaire. Nous avons effectivement form\u00e9 une \u00e9quipe et avons amorc\u00e9 le travail.<\/p>\n<p>En tout respect, on ne peut simplement am\u00e9nager une installation avant d\u2019avoir fait l\u2019important travail n\u00e9cessaire pour d\u00e9terminer, de concert avec les Am\u00e9ricains, quelle technologie pr\u00e9cise sera utilis\u00e9e dans cet important projet. C\u2019est le travail qui se fait en ce moment. Il y a eu non pas des facteurs qui ont retard\u00e9 les choses, mais plut\u00f4t une remise en question du genre de technologies que nous devrions employer. On envisage \u00e9galement l\u2019int\u00e9gration plus compl\u00e8te de certaines technologies satellites disponibles. Le Canada et les \u00c9tats-Unis effectuent actuellement ce travail d\u2019analyse avant de choisir le terrain qui sera acquis pour y construire les installations.<\/p>\n<p>En fin de compte, si nous optons pour la technologie existante, il faudra environ mille hectares de terres quelque part dans le Sud de l\u2019Ontario pour y installer le point de r\u00e9ception. Le point de transmission, lui, sera install\u00e9 un peu plus au nord du point de r\u00e9ception. Le choix de l\u2019emplacement d\u00e9pendra enti\u00e8rement de la technologie qui sera finalement retenue.<\/p>\n<p>J\u2019ai de bonnes nouvelles pour votre question suivante.<\/p>\n<p><b>Le s\u00e9nateur Klyne :<span>\u00a0<\/span><\/b>Merci. \u00c0 la lumi\u00e8re des pr\u00e9occupations des entreprises canadiennes de l\u2019a\u00e9rospatiale et de la d\u00e9fense concernant le fait que le gouvernement favorise la technologie \u00e9trang\u00e8re, quel pourcentage de ce projet de 6 milliards de dollars sera allou\u00e9 \u00e0 des entreprises canadiennes? Quelles mesures prend\u2011on pour s\u2019assurer que l\u2019expertise technologique canadienne est utilis\u00e9e ad\u00e9quatement?<\/p>\n<p><b>M.\u00a0Blair :<span>\u00a0<\/span><\/b>Nous faisons des investissements tr\u00e8s importants. Comme on l\u2019a dit, 2\u00a0% de notre PIB, c\u2019est un nouvel investissement \u00e9norme pour le Canada. Il m\u2019incombe non seulement de veiller \u00e0 ce que nous fassions les investissements n\u00e9cessaires pour assurer notre d\u00e9fense et notre s\u00e9curit\u00e9 avec nos alli\u00e9s, mais de saisir cette occasion d\u2019investir dans les travailleurs canadiens, l\u2019industrie canadienne et l\u2019\u00e9conomie canadienne. Par exemple, les nouveaux navires que nous construisons en Nouvelle-\u00c9cosse soutiendront 10\u00a0800\u00a0emplois dans cette province. Cela va ajouter 40 milliards de dollars \u00e0 notre \u00e9conomie.<\/p>\n<p>Votre question est importante. Nous travaillons en \u00e9troite collaboration avec les Am\u00e9ricains et faisons tout ce qui est n\u00e9cessaire afin de nous assurer que notre industrie est innovatrice et que nos travailleurs ont toutes les chances de participer \u00e0 ce projet et aux investissements que nous devons faire. Je suis convaincu que nous serons en mesure d\u2019obtenir une part importante de cet investissement.<\/p>\n<p>Je voulais aussi vous faire part&#8230;<\/p>\n<p><b>Son Honneur la Pr\u00e9sidente int\u00e9rimaire :<span>\u00a0<\/span><\/b>Merci, monsieur le ministre.<\/p>\n","protected":false},"excerpt":{"rendered":"<p>L\u2019honorable Marty Klyne :\u00a0Monsieur le ministre, soyez le bienvenu. Selon un article\u00a0paru r\u00e9cemment dans l\u2019Ottawa Citizen, le minist\u00e8re de la D\u00e9fense nationale a annonc\u00e9 un projet de 6 millions de dollars pour se procurer un radar de survol de l\u2019horizon polaire dans le cadre de la modernisation du NORAD, qui devrait \u00eatre enti\u00e8rement fonctionnel d\u2019ici&#8230;<\/p>\n","protected":false},"author":3,"featured_media":1984,"comment_status":"closed","ping_status":"closed","sticky":false,"template":"","format":"standard","meta":{"_acf_changed":false,"wds_primary_category":97,"footnotes":""},"categories":[97],"tags":[],"senator_posts":[34],"class_list":["post-17500","post","type-post","status-publish","format-standard","has-post-thumbnail","hentry","category-periode-de-questions","senator_posts-l-hon-marty-klyne"],"acf":[],"_links":{"self":[{"href":"https:\/\/theprogressives.ca\/fr\/wp-json\/wp\/v2\/posts\/17500","targetHints":{"allow":["GET"]}}],"collection":[{"href":"https:\/\/theprogressives.ca\/fr\/wp-json\/wp\/v2\/posts"}],"about":[{"href":"https:\/\/theprogressives.ca\/fr\/wp-json\/wp\/v2\/types\/post"}],"author":[{"embeddable":true,"href":"https:\/\/theprogressives.ca\/fr\/wp-json\/wp\/v2\/users\/3"}],"replies":[{"embeddable":true,"href":"https:\/\/theprogressives.ca\/fr\/wp-json\/wp\/v2\/comments?post=17500"}],"version-history":[{"count":0,"href":"https:\/\/theprogressives.ca\/fr\/wp-json\/wp\/v2\/posts\/17500\/revisions"}],"wp:featuredmedia":[{"embeddable":true,"href":"https:\/\/theprogressives.ca\/fr\/wp-json\/wp\/v2\/media\/1984"}],"wp:attachment":[{"href":"https:\/\/theprogressives.ca\/fr\/wp-json\/wp\/v2\/media?parent=17500"}],"wp:term":[{"taxonomy":"category","embeddable":true,"href":"https:\/\/theprogressives.ca\/fr\/wp-json\/wp\/v2\/categories?post=17500"},{"taxonomy":"post_tag","embeddable":true,"href":"https:\/\/theprogressives.ca\/fr\/wp-json\/wp\/v2\/tags?post=17500"},{"taxonomy":"senator_posts","embeddable":true,"href":"https:\/\/theprogressives.ca\/fr\/wp-json\/wp\/v2\/senator_posts?post=17500"}],"curies":[{"name":"wp","href":"https:\/\/api.w.org\/{rel}","templated":true}]}}