{"id":17491,"date":"2024-11-07T16:17:34","date_gmt":"2024-11-07T21:17:34","guid":{"rendered":"https:\/\/theprogressives.ca\/?p=17491"},"modified":"2024-11-08T12:14:37","modified_gmt":"2024-11-08T17:14:37","slug":"troisieme-lecture-du-projet-de-loi-c-232-loi-sur-le-mois-du-patrimoine-arabe","status":"publish","type":"post","link":"https:\/\/theprogressives.ca\/fr\/au-senat\/discours\/troisieme-lecture-du-projet-de-loi-c-232-loi-sur-le-mois-du-patrimoine-arabe\/","title":{"rendered":"Troisi\u00e8me lecture du projet de loi C-232, Loi sur le Mois du patrimoine arabe"},"content":{"rendered":"<p><iframe title=\"Le s\u00e9nateur Klyne prend la parole \u00e0 la 3e lecture du projet de loi C-232 - 7 novembre 2024 (FR)\" width=\"640\" height=\"360\" data-src=\"https:\/\/www.youtube.com\/embed\/V2dHsWVNTe8?feature=oembed\" frameborder=\"0\" allow=\"accelerometer; autoplay; clipboard-write; encrypted-media; gyroscope; picture-in-picture; web-share\" referrerpolicy=\"strict-origin-when-cross-origin\" allowfullscreen src=\"data:image\/svg+xml;base64,PHN2ZyB3aWR0aD0iMSIgaGVpZ2h0PSIxIiB4bWxucz0iaHR0cDovL3d3dy53My5vcmcvMjAwMC9zdmciPjwvc3ZnPg==\" class=\"lazyload\" data-load-mode=\"1\"><\/iframe><\/p>\n<p><b>L\u2019honorable Marty Klyne<\/b><span> : <\/span>Honorables s\u00e9nateurs, la s\u00e9natrice Cordy \u00e9tant partie\u00a0\u00e0 la retraite, je prends la parole \u00e0 titre de nouveau parrain du projet de loi\u00a0C-232, la Loi sur le Mois du patrimoine arabe. En fait, elle m\u2019a jou\u00e9 un petit tour. Elle m\u2019a demand\u00e9 de lire son discours \u00e0 sa place parce qu\u2019elle ne serait pas l\u00e0. J\u2019ai accept\u00e9 et, quand je lui ai tourn\u00e9 le dos, elle a ajout\u00e9\u00a0: \u00ab Tr\u00e8s bien, vous \u00eates maintenant le parrain du projet de loi. \u00bb Merci beaucoup.<\/p>\n<p>Il s\u2019agit d\u2019un projet de loi d\u2019initiative parlementaire de la Chambre des communes qui vise \u00e0 instaurer le Mois du patrimoine arabe en\u00a0avril\u00a0chaque ann\u00e9e, \u00e0 l\u2019initiative du d\u00e9put\u00e9 d\u2019Ottawa-Sud, David McGuinty. Le projet de loi\u00a0C-232 a re\u00e7u l\u2019appui unanime de l\u2019autre endroit. Il nous a \u00e9t\u00e9 soumis en\u00a0mars\u00a0de l\u2019ann\u00e9e derni\u00e8re. L\u2019\u00e9tude du Comit\u00e9 des affaires sociales \u00e9tant maintenant termin\u00e9e, faisons en sorte que cet important projet de loi franchisse la ligne d\u2019arriv\u00e9e.<\/p>\n<p>Je suis convaincu que notre porte-parole favorable au projet de loi, la s\u00e9natrice Ataullahjan, parlera de ce projet de loi avec plus d\u2019\u00e9loquence que votre humble serviteur. Par cons\u00e9quent, pour reprendre l\u2019expression de concision de l\u2019ancien s\u00e9nateur Baker, je serai bref.<\/p>\n<p>Chers coll\u00e8gues, les Canadiens d\u2019origine arabe ont apport\u00e9 d\u2019immenses contributions \u00e0 notre soci\u00e9t\u00e9 diversifi\u00e9e et multiculturelle. Les premiers immigrants d\u2019origine arabe sont arriv\u00e9s au Canada en 1882. Le tout premier immigrant arabe arriv\u00e9 au Canada il y a 140\u00a0ans \u00e9tait Ibrahim Bounader, qui s\u2019est install\u00e9 \u00e0 Montr\u00e9al.<\/p>\n<p>Les Canadiens d\u2019ascendance arabe sont maintenant plus de 1\u00a0million, un chiffre qui a augment\u00e9 de 75\u00a0% depuis 2006. Plus de 90\u00a0% de la population arabe au Canada vit en Ontario, au Qu\u00e9bec et en Alberta, et elle se concentre surtout \u00e0 Montr\u00e9al, \u00e0 Toronto et \u00e0 Ottawa-Gatineau. \u00c0 vrai dire, selon la rumeur qui circule parmi le personnel de mon bureau, le shawarma d\u2019Ottawa est le meilleur du Canada. On m\u2019a m\u00eame sugg\u00e9r\u00e9 de mentionner le Shawarma Palace, une entreprise familiale qui s\u2019attire les faveurs dans la r\u00e9gion.<\/p>\n<p>Fait important au cours de la derni\u00e8re d\u00e9cennie, le Canada a eu la fiert\u00e9 d\u2019accueillir plus de 25\u00a0000 r\u00e9fugi\u00e9s syriens en l\u2019espace de 100\u00a0jours \u00e0 compter de\u00a0novembre\u00a02015. Un an plus tard, la Saskatchewan avait accueilli plus de 1\u00a0200 de nos nouveaux voisins. \u00c0 l\u2019\u00e9poque, voici ce qu\u2019a dit le premier ministre Brad Wall\u00a0:<\/p>\n<p style=\"padding-left: 40px;\">Le socle sur lequel repose la Saskatchewan se trouve dans sa devise,<span>\u00a0<\/span><i>Nos origines multiples, notre force<\/i>, qui reconna\u00eet que la diversit\u00e9 des origines, des exp\u00e9riences et des cultures a pour seul effet de nous rendre plus forts [&#8230;] plus que jamais, en continuant \u00e0 r\u00e9server l\u2019accueil le plus chaleureux \u00e0 ces nouveaux arrivants qui sont d\u00e9sormais nos voisins et amis, nous constatons \u00e0 quel point c\u2019est exact.<\/p>\n<p>Honorables coll\u00e8gues, je partage ces sentiments. L\u2019immigration arabe en Saskatchewan et dans les Prairies a apport\u00e9 de riches contributions au fil des g\u00e9n\u00e9rations. Pour en voir un exemple int\u00e9ressant, vous pouvez lire ce que les meilleurs journaux du Canada, soit le<span>\u00a0<\/span><i>Regina Leader Post<\/i><span>\u00a0<\/span>et le<span>\u00a0<\/span><i>Star Phoenix<\/i><span>\u00a0<\/span>de Saskatoon, ont \u00e9crit au sujet du livre de recettes de Habeeb Salloum, qui s\u2019intitule<span>\u00a0<\/span><i>Arab Cooking on a Prairie Homestead<\/i>, et qui a \u00e9t\u00e9 publi\u00e9 en 2017 par les Presses de l\u2019Universit\u00e9 de Regina.<\/p>\n<p>Je sais que mes observations sont quelque peu ax\u00e9es sur la nourriture, alors je dois avoir faim.<\/p>\n<p>Avec plus de 200 recettes, y compris des dumplings, des tartes aux lentilles\u00a0\u2014 qui sont des l\u00e9gumineuses \u00e0 grain, en passant\u00a0\u2014 et de la soupe \u00e0 la courgette et \u00e0 la menthe, ce livre de recettes rend hommage aux parents de M.\u00a0Salloum, qui ont quitt\u00e9 la Syrie occup\u00e9e par les Fran\u00e7ais dans les ann\u00e9es 1920 pour se b\u00e2tir une nouvelle vie de pionniers dans les prairies de la Saskatchewan. Voici un extrait de la description de ce livre\u00a0:<\/p>\n<p style=\"padding-left: 40px;\">En cultivant des produits \u00ab exotiques \u00bb import\u00e9s de leur pays d\u2019origine\u00a0\u2014 comme des lentilles, des pois chiches et du bl\u00e9 bulgur\u00a0\u2014, les Salloum ont pu survivre aux grandes s\u00e9cheresses des ann\u00e9es 1930 tout en contribuant \u00e0 changer le paysage agricole canadien.<\/p>\n<p>Honorables coll\u00e8gues, comme vous le savez peut-\u00eatre, le Canada est maintenant le plus grand producteur et exportateur mondial de lentilles. En effet, la production canadienne compte pour le tiers des r\u00e9coltes mondiales, et 95\u00a0% de la production canadienne vient de la Saskatchewan. On pourrait dire que, dans notre grande province de la Saskatchewan, nous veillons au grain.<\/p>\n<p>Je vous parlerais avec plaisir des contributions que les Canadiens d\u2019origine arabe ont apport\u00e9es \u00e0 ma r\u00e9gion mais, comme je prends le relais de la s\u00e9natrice Cordy \u00e0 titre de parrain de ce projet de loi, je m\u2019en voudrais de ne pas dire quelques mots au sujet du patrimoine arabe qui existe dans sa province, la Nouvelle-\u00c9cosse.<\/p>\n<p>\u00c0 Halifax, le Mus\u00e9e canadien de l\u2019immigration du Quai 21\u00a0\u2014 un endroit fantastique \u00e0 visiter\u00a0\u2014 parle de l\u2019histoire fascinante que voici\u00a0:<\/p>\n<p style=\"padding-left: 40px;\">Au nord du Liban, \u00e0 1 400 m\u00e8tres au-dessus du niveau de la mer, se trouve un village appel\u00e9 Diman. Il est petit. Il compte 650-700 r\u00e9sidents inscrits. On peut le traverser \u00e0 pied en 20\u00a0minutes environ.<\/p>\n<p style=\"padding-left: 40px;\">Dans la ville d\u2019Halifax, selon certaines estimations, il y a autant de personnes originaires ou dont les familles sont originaires de Diman qu\u2019il n\u2019en vit dans le village lui-m\u00eame. Ce qui est peut-\u00eatre encore plus surprenant, c\u2019est<span>\u00a0<\/span><b>la r\u00e9ussite des membres de cette communaut\u00e9<\/b>. Parmi ceux-ci figurent des chefs d\u2019entreprise et des dirigeants communautaires, des politiciens provinciaux et f\u00e9d\u00e9raux, ainsi que certains des promoteurs immobiliers les plus importants de la ville. Et Halifax compte une importante population de Canadiens d\u2019origine libanaise, \u00e0 raison de pr\u00e8s de quatre fois la moyenne nationale. La communaut\u00e9 en g\u00e9n\u00e9ral, y compris les familles de Diman et des villages environnants, a eu un impact consid\u00e9rable sur la ville d\u2019Halifax, notamment sa culture, sa nourriture, ses noms de rue, son \u00e9conomie et son paysage.<\/p>\n<p>En 2018, une statue en l\u2019honneur des premiers immigrants libanais a \u00e9t\u00e9 d\u00e9voil\u00e9e \u00e0 Halifax. Elle repr\u00e9sente un voyageur libanais v\u00eatu de fa\u00e7on traditionnelle. La plaque qui accompagne la statue dit ceci\u00a0:<\/p>\n<p style=\"padding-left: 40px;\">Ce monument repr\u00e9sente le symbole universel de la communaut\u00e9 libanaise, fi\u00e8re, forte et unie dans le monde. La statue rend hommage aux premiers colons libanais qui se sont install\u00e9s dans ce pays il y a 130\u00a0ans, y tissant des liens de loyaut\u00e9, de foi et de pers\u00e9v\u00e9rance. Nous sommes reconnaissants \u00e0 la communaut\u00e9 n\u00e9o-\u00e9cossaise pour les liens d\u2019amiti\u00e9 durable que nous avons \u00e9tablis dans notre nouveau pays, le Canada.<\/p>\n<p>Honorables s\u00e9nateurs, cette statue et cette plaque c\u00e9l\u00e8brent la communaut\u00e9 libanaise du Canada, mais le message est universel. Il s\u2019applique \u00e0 tous les peuples du monde entier qui sont venus dans notre pays \u00e0 la recherche d\u2019une vie meilleure pour eux-m\u00eames et leurs familles. Le mois du patrimoine arabe sera une occasion importante de r\u00e9fl\u00e9chir \u00e0 un chapitre en particulier de notre histoire canadienne, que nous continuerons d\u2019\u00e9crire ensemble.<\/p>\n<p>En terminant, j\u2019aimerais remercier le d\u00e9put\u00e9 David McGuinty d\u2019avoir pr\u00e9sent\u00e9 ce projet de loi. Je voudrais \u00e9galement remercier l\u2019Institut canado-arabe pour le r\u00f4le qu\u2019il a jou\u00e9 dans cette mesure. Comme l\u2019a fait remarquer M.\u00a0McGuinty, le mois du patrimoine arabe offrira aux Canadiens d\u2019origine arabe l\u2019occasion et l\u2019espace n\u00e9cessaires pour mettre en valeur leur culture, leurs talents et les raisons pour lesquelles ils sont fiers d\u2019\u00eatre \u00e0 la fois arabes et Canadiens, contribuant ainsi \u00e0 nos communaut\u00e9s \u00e0 tous les niveaux.<\/p>\n<p>Chers coll\u00e8gues, avec votre soutien, j\u2019ai bon espoir que ce projet de loi sera adopt\u00e9 et qu\u2019il recevra la sanction royale. Je vous remercie.<span>\u00a0<\/span><i>Hiy kitatamihin<\/i>.<\/p>\n","protected":false},"excerpt":{"rendered":"<p>L\u2019honorable Marty Klyne : Honorables s\u00e9nateurs, la s\u00e9natrice Cordy \u00e9tant partie\u00a0\u00e0 la retraite, je prends la parole \u00e0 titre de nouveau parrain du projet de loi\u00a0C-232, la Loi sur le Mois du patrimoine arabe. En fait, elle m\u2019a jou\u00e9 un petit tour. Elle m\u2019a demand\u00e9 de lire son discours \u00e0 sa place parce qu\u2019elle ne&#8230;<\/p>\n","protected":false},"author":3,"featured_media":1908,"comment_status":"closed","ping_status":"closed","sticky":false,"template":"","format":"standard","meta":{"_acf_changed":false,"wds_primary_category":98,"footnotes":""},"categories":[98],"tags":[],"senator_posts":[34],"class_list":["post-17491","post","type-post","status-publish","format-standard","has-post-thumbnail","hentry","category-discours","senator_posts-l-hon-marty-klyne"],"acf":[],"_links":{"self":[{"href":"https:\/\/theprogressives.ca\/fr\/wp-json\/wp\/v2\/posts\/17491","targetHints":{"allow":["GET"]}}],"collection":[{"href":"https:\/\/theprogressives.ca\/fr\/wp-json\/wp\/v2\/posts"}],"about":[{"href":"https:\/\/theprogressives.ca\/fr\/wp-json\/wp\/v2\/types\/post"}],"author":[{"embeddable":true,"href":"https:\/\/theprogressives.ca\/fr\/wp-json\/wp\/v2\/users\/3"}],"replies":[{"embeddable":true,"href":"https:\/\/theprogressives.ca\/fr\/wp-json\/wp\/v2\/comments?post=17491"}],"version-history":[{"count":0,"href":"https:\/\/theprogressives.ca\/fr\/wp-json\/wp\/v2\/posts\/17491\/revisions"}],"wp:featuredmedia":[{"embeddable":true,"href":"https:\/\/theprogressives.ca\/fr\/wp-json\/wp\/v2\/media\/1908"}],"wp:attachment":[{"href":"https:\/\/theprogressives.ca\/fr\/wp-json\/wp\/v2\/media?parent=17491"}],"wp:term":[{"taxonomy":"category","embeddable":true,"href":"https:\/\/theprogressives.ca\/fr\/wp-json\/wp\/v2\/categories?post=17491"},{"taxonomy":"post_tag","embeddable":true,"href":"https:\/\/theprogressives.ca\/fr\/wp-json\/wp\/v2\/tags?post=17491"},{"taxonomy":"senator_posts","embeddable":true,"href":"https:\/\/theprogressives.ca\/fr\/wp-json\/wp\/v2\/senator_posts?post=17491"}],"curies":[{"name":"wp","href":"https:\/\/api.w.org\/{rel}","templated":true}]}}