{"id":17487,"date":"2024-11-07T16:07:32","date_gmt":"2024-11-07T21:07:32","guid":{"rendered":"https:\/\/theprogressives.ca\/?p=17487"},"modified":"2024-11-08T12:07:33","modified_gmt":"2024-11-08T17:07:33","slug":"le-jour-du-souvenir-2","status":"publish","type":"post","link":"https:\/\/theprogressives.ca\/fr\/au-senat\/declarations\/le-jour-du-souvenir-2\/","title":{"rendered":"Le jour du Souvenir"},"content":{"rendered":"<p><iframe title=\"Le s\u00e9nateur Klyne souligne le jour de Souvenir - 7 novembre 2024 (source fran\u00e7aise)\" width=\"640\" height=\"360\" data-src=\"https:\/\/www.youtube.com\/embed\/-9Q57fKed24?feature=oembed\" frameborder=\"0\" allow=\"accelerometer; autoplay; clipboard-write; encrypted-media; gyroscope; picture-in-picture; web-share\" referrerpolicy=\"strict-origin-when-cross-origin\" allowfullscreen src=\"data:image\/svg+xml;base64,PHN2ZyB3aWR0aD0iMSIgaGVpZ2h0PSIxIiB4bWxucz0iaHR0cDovL3d3dy53My5vcmcvMjAwMC9zdmciPjwvc3ZnPg==\" class=\"lazyload\" data-load-mode=\"1\"><\/iframe><\/p>\n<p><b>L\u2019honorable Marty Klyne :<span>\u00a0<\/span><\/b>Honorables s\u00e9nateurs, \u00e0 l\u2019approche du jour du Souvenir, je prends la parole afin de souligner notre devoir solennel de rendre hommage \u00e0 ceux qui ont servi notre pays et \u00e0 ceux qui le servent pr\u00e9sentement.<\/p>\n<p>Partout au pays, les Canadiens ont commenc\u00e9 \u00e0 porter le coquelicot sur leur c\u0153ur, un symbole li\u00e9 \u00e0 plus d\u2019un si\u00e8cle de service et de sacrifices.<\/p>\n<p>Dans les tranch\u00e9es boueuses de la cr\u00eate de Vimy ou sur les plages de Normandie, sur les collines de Cor\u00e9e ou dans les montagnes d\u2019Afghanistan, les membres des Forces arm\u00e9es canadiennes ont fait preuve d\u2019un extraordinaire courage.<\/p>\n<p>De nos jours, les soldats, les marins et les aviateurs canadiens poursuivent cette fi\u00e8re tradition et servent dans le cadre de missions militaires et humanitaires vitales aux c\u00f4t\u00e9s de nos alli\u00e9s partout sur la plan\u00e8te.<\/p>\n<p>En Ukraine, les Forces arm\u00e9es canadiennes dirigent des missions d\u2019entra\u00eenement et des op\u00e9rations critiques de renforcement des capacit\u00e9s.<\/p>\n<p>En Lettonie, les troupes canadiennes ont dirig\u00e9 un groupement tactique de l\u2019Organisation du Trait\u00e9 de l\u2019Atlantique Nord, l\u2019OTAN, et ont soutenu nos alli\u00e9s.<\/p>\n<p>Dans la r\u00e9gion indo-pacifique, les forces navales canadiennes contribuent au maintien de la s\u00e9curit\u00e9 maritime internationale.<\/p>\n<p>Au pays, les Forces canadiennes jouent un r\u00f4le inestimable dans les interventions lors de catastrophes naturelles et le soutien aux collectivit\u00e9s en temps de crise.<\/p>\n<p>Je souligne l\u2019h\u00e9ritage des v\u00e9t\u00e9rans autochtones, dont ceux des Premi\u00e8res Nations, de la Saskatchewan qui ont servi avec distinction au sein des Royal Regina Rifles ou ailleurs dans les forces arm\u00e9es, notamment \u00e0 la plage Juno lors du jour J. On oublie trop souvent leur contribution.<\/p>\n<p>Ces braves guerriers ont suivi les traces de leurs anc\u00eatres et se sont battus avec honneur malgr\u00e9 la discrimination \u00e0 laquelle ils \u00e9taient confront\u00e9s au Canada. Reconna\u00eetre le courage et les sacrifices de tous les Autochtones v\u00e9t\u00e9rans et membres des Forces arm\u00e9es canadiennes est un \u00e9l\u00e9ment important de la r\u00e9conciliation.<\/p>\n<p>\u00c0 tous les anciens combattants\u00a0: votre service a fa\u00e7onn\u00e9 l\u2019identit\u00e9 m\u00eame de la nation. Les valeurs pour lesquelles vous vous \u00eates battus\u00a0\u2014 la d\u00e9mocratie, les droits de la personne et la primaut\u00e9 du droit\u00a0\u2014 demeurent les fondements de la soci\u00e9t\u00e9. Votre exemple continue d\u2019inspirer les nouvelles g\u00e9n\u00e9rations de Canadiens qui choisissent de servir le pays.<\/p>\n<p>Le jour du Souvenir, nous nous inclinons \u00e9galement devant les 118\u00a0000 Canadiens qui ont fait le sacrifice ultime pour nous tous. Nous nous souvenons des familles qui portent le poids de ces pertes. Nous honorons les anciens combattants parmi nous qui ont \u00e9t\u00e9 marqu\u00e9s de s\u00e9quelles visibles et invisibles dans l\u2019exercice de leurs fonctions. Nous ch\u00e9rissons la libert\u00e9 pour laquelle des h\u00e9ros canadiens se sont battus et ont donn\u00e9 leur vie.<\/p>\n<p>Dans un monde de plus en plus complexe, l\u2019engagement du Canada envers ses valeurs fondamentales n\u2019a jamais \u00e9t\u00e9 aussi crucial. Ce sont les forces arm\u00e9es qui sont souvent appel\u00e9es \u00e0 r\u00e9aliser et \u00e0 repr\u00e9senter ces valeurs partout dans le monde. Soyons l\u00e0 pour eux.<\/p>\n<p>N\u2019oublions jamais. Merci.<span>\u00a0<\/span><i>Hiy kitatamihin<\/i>.<\/p>\n<p><b>Des voix :<span>\u00a0<\/span><\/b>Bravo!<\/p>\n","protected":false},"excerpt":{"rendered":"<p>L\u2019honorable Marty Klyne :\u00a0Honorables s\u00e9nateurs, \u00e0 l\u2019approche du jour du Souvenir, je prends la parole afin de souligner notre devoir solennel de rendre hommage \u00e0 ceux qui ont servi notre pays et \u00e0 ceux qui le servent pr\u00e9sentement. Partout au pays, les Canadiens ont commenc\u00e9 \u00e0 porter le coquelicot sur leur c\u0153ur, un symbole li\u00e9&#8230;<\/p>\n","protected":false},"author":3,"featured_media":2002,"comment_status":"closed","ping_status":"closed","sticky":false,"template":"","format":"standard","meta":{"_acf_changed":false,"wds_primary_category":99,"footnotes":""},"categories":[99],"tags":[],"senator_posts":[34],"class_list":["post-17487","post","type-post","status-publish","format-standard","has-post-thumbnail","hentry","category-declarations","senator_posts-l-hon-marty-klyne"],"acf":[],"_links":{"self":[{"href":"https:\/\/theprogressives.ca\/fr\/wp-json\/wp\/v2\/posts\/17487","targetHints":{"allow":["GET"]}}],"collection":[{"href":"https:\/\/theprogressives.ca\/fr\/wp-json\/wp\/v2\/posts"}],"about":[{"href":"https:\/\/theprogressives.ca\/fr\/wp-json\/wp\/v2\/types\/post"}],"author":[{"embeddable":true,"href":"https:\/\/theprogressives.ca\/fr\/wp-json\/wp\/v2\/users\/3"}],"replies":[{"embeddable":true,"href":"https:\/\/theprogressives.ca\/fr\/wp-json\/wp\/v2\/comments?post=17487"}],"version-history":[{"count":0,"href":"https:\/\/theprogressives.ca\/fr\/wp-json\/wp\/v2\/posts\/17487\/revisions"}],"wp:featuredmedia":[{"embeddable":true,"href":"https:\/\/theprogressives.ca\/fr\/wp-json\/wp\/v2\/media\/2002"}],"wp:attachment":[{"href":"https:\/\/theprogressives.ca\/fr\/wp-json\/wp\/v2\/media?parent=17487"}],"wp:term":[{"taxonomy":"category","embeddable":true,"href":"https:\/\/theprogressives.ca\/fr\/wp-json\/wp\/v2\/categories?post=17487"},{"taxonomy":"post_tag","embeddable":true,"href":"https:\/\/theprogressives.ca\/fr\/wp-json\/wp\/v2\/tags?post=17487"},{"taxonomy":"senator_posts","embeddable":true,"href":"https:\/\/theprogressives.ca\/fr\/wp-json\/wp\/v2\/senator_posts?post=17487"}],"curies":[{"name":"wp","href":"https:\/\/api.w.org\/{rel}","templated":true}]}}