{"id":17276,"date":"2024-10-22T11:01:26","date_gmt":"2024-10-22T15:01:26","guid":{"rendered":"https:\/\/theprogressives.ca\/?p=17276"},"modified":"2025-04-04T10:37:39","modified_gmt":"2025-04-04T14:37:39","slug":"le-groupe-progressiste-du-senat-accueille-un-nouveau-membre","status":"publish","type":"post","link":"https:\/\/theprogressives.ca\/fr\/nouvelles\/le-groupe-progressiste-du-senat-accueille-un-nouveau-membre\/","title":{"rendered":"Le Groupe progressiste du S\u00e9nat accueille un nouveau membre le s\u00e9nateur Daryl Fridhandler"},"content":{"rendered":"<p>Le s\u00e9nateur Pierre Dalphond, Leader du Groupe progressiste du S\u00e9nat (GPS), est heureux d\u2019accueillir le s\u00e9nateur Daryl Fridhandler au sein du groupe.<\/p>\n<p>\u00ab\u00a0Le s\u00e9nateur Fridhandler est un fier Albertain avec des racines partout au pays. Avocat et homme d\u2019affaires r\u00e9put\u00e9, il est aussi tr\u00e8s impliqu\u00e9 dans sa communaut\u00e9. Il sera une forte voix f\u00e9d\u00e9raliste de l\u2019Alberta au S\u00e9nat. Les s\u00e9nateurs ind\u00e9pendants progressistes ont bien h\u00e2te de travailler avec lui, \u00bb a dit le s\u00e9nateur Dalphond.<\/p>\n<p>\u00ab\u00a0Je suis ravi de me joindre au GPS, un groupe des s\u00e9nateurs ind\u00e9pendants qui, \u00e0 mon avis, est le meilleur alignement pour moi \u00e0 l\u2019heure actuelle. Je suis \u00e9galement impatient de travailler avec mes nombreux coll\u00e8gues accomplis et collaboratifs des autres groupes du S\u00e9nat, et d\u2019apprendre \u00e0 mieux les conna\u00eetre,\u00a0\u00bb a dit le s\u00e9nateur Fridhandler.<\/p>\n<p>Les s\u00e9nateurs progressistes croient en un S\u00e9nat plus ind\u00e9pendant, \u00e0 l&rsquo;\u00e9galit\u00e9 entre les s\u00e9nateurs, aux valeurs de la Charte, \u00e0 la diversit\u00e9, \u00e0 la r\u00e9conciliation et en des politiques visant une prosp\u00e9rit\u00e9 durable, inclusive et partag\u00e9e au Canada. Leur philosophie s&rsquo;inspire du mot Algonquin\/Ojibwe \u00ab Mamidosewin \u00bb, qui signifie \u00ab lieu de rencontre \u00bb ou \u00ab marcher ensemble \u00bb.<\/p>\n","protected":false},"excerpt":{"rendered":"<p>Le s\u00e9nateur Pierre Dalphond, Leader du Groupe progressiste du S\u00e9nat (GPS), est heureux d\u2019accueillir le s\u00e9nateur Daryl Fridhandler au sein du groupe. \u00ab\u00a0Le s\u00e9nateur Fridhandler est un fier Albertain avec des racines partout au pays. Avocat et homme d\u2019affaires r\u00e9put\u00e9, il est aussi tr\u00e8s impliqu\u00e9 dans sa communaut\u00e9. Il sera une forte voix f\u00e9d\u00e9raliste de&#8230;<\/p>\n","protected":false},"author":3,"featured_media":2044,"comment_status":"closed","ping_status":"closed","sticky":false,"template":"","format":"standard","meta":{"_acf_changed":false,"wds_primary_category":78,"footnotes":""},"categories":[78],"tags":[],"senator_posts":[41],"class_list":["post-17276","post","type-post","status-publish","format-standard","has-post-thumbnail","hentry","category-nouvelles","senator_posts-les-progressistes"],"acf":[],"_links":{"self":[{"href":"https:\/\/theprogressives.ca\/fr\/wp-json\/wp\/v2\/posts\/17276","targetHints":{"allow":["GET"]}}],"collection":[{"href":"https:\/\/theprogressives.ca\/fr\/wp-json\/wp\/v2\/posts"}],"about":[{"href":"https:\/\/theprogressives.ca\/fr\/wp-json\/wp\/v2\/types\/post"}],"author":[{"embeddable":true,"href":"https:\/\/theprogressives.ca\/fr\/wp-json\/wp\/v2\/users\/3"}],"replies":[{"embeddable":true,"href":"https:\/\/theprogressives.ca\/fr\/wp-json\/wp\/v2\/comments?post=17276"}],"version-history":[{"count":0,"href":"https:\/\/theprogressives.ca\/fr\/wp-json\/wp\/v2\/posts\/17276\/revisions"}],"wp:featuredmedia":[{"embeddable":true,"href":"https:\/\/theprogressives.ca\/fr\/wp-json\/wp\/v2\/media\/2044"}],"wp:attachment":[{"href":"https:\/\/theprogressives.ca\/fr\/wp-json\/wp\/v2\/media?parent=17276"}],"wp:term":[{"taxonomy":"category","embeddable":true,"href":"https:\/\/theprogressives.ca\/fr\/wp-json\/wp\/v2\/categories?post=17276"},{"taxonomy":"post_tag","embeddable":true,"href":"https:\/\/theprogressives.ca\/fr\/wp-json\/wp\/v2\/tags?post=17276"},{"taxonomy":"senator_posts","embeddable":true,"href":"https:\/\/theprogressives.ca\/fr\/wp-json\/wp\/v2\/senator_posts?post=17276"}],"curies":[{"name":"wp","href":"https:\/\/api.w.org\/{rel}","templated":true}]}}